{"id":2178,"date":"2010-02-09T19:14:58","date_gmt":"2010-02-09T17:14:58","guid":{"rendered":"\/parlonsen\/?p=2178"},"modified":"2012-02-16T11:29:16","modified_gmt":"2012-02-16T09:29:16","slug":"lapcarm-en-assemblee","status":"publish","type":"post","link":"https:\/\/www.o-p-i.fr\/parlonsen\/parlons-en\/agriculture\/lapcarm-en-assemblee\/","title":{"rendered":"L&rsquo;APCARM en assembl\u00e9e !"},"content":{"rendered":"<p style=\"text-align: justify;\">L&rsquo;APCARM est une association qui organise chaque ann\u00e9e, deux grandes manifestations \u00e0 Monclar de Quercy :<br \/>\n&#8211; <strong>La f\u00eate du cheval<\/strong> dont la prochaine \u00e9dition se d\u00e9roulera \u00e0 l&rsquo;esplanade des lacs samedi 17 et dimanche 18 avril.<br \/>\n&#8211; <strong>La f\u00eate de la ruralit\u00e9<\/strong> qui a lieu chaque ann\u00e9e le premier week-end de septembre.<br \/>\n<!--more--><br \/>\nLe rapport moral montra que le bilan de la f\u00eate du cheval est tr\u00e8s positif avec la foire qui a accueilli 200 \u00e9quid\u00e9s,  un spectacle de qualit\u00e9, la pr\u00e9sence toujours appr\u00e9ci\u00e9e des mar\u00e9chaux, des stands de professionnels plus nombreux&#8230;<br \/>\nLa f\u00eate de la ruralit\u00e9, malgr\u00e9 les difficult\u00e9s rencontr\u00e9es par la profession, a \u00e9t\u00e9 de qualit\u00e9 avec le concours de chevaux lourds organis\u00e9 par les haras de Rodez : plus de 100 chevaux \u00e9taient au rendez-vous ! Bonne fr\u00e9quentation pour les bovins, races \u00e0 viande ou laiti\u00e8res. Le pr\u00e9sident R\u00e9gis Arland\u00e8s  remercia tous les \u00e9leveurs qui se mobilisent pour la r\u00e9ussite de ce concours.<br \/>\nPuis, les projets furent \u00e9voqu\u00e9s, tant pour la f\u00eate du cheval que pour la f\u00eate de la ruralit\u00e9. Nous y reviendrons dans une prochaine \u00e9dition.<\/p>\n<p style=\"text-align: justify;\">\n<figure id=\"attachment_2181\" aria-describedby=\"caption-attachment-2181\" style=\"width: 500px\" class=\"wp-caption aligncenter\"><img data-recalc-dims=\"1\" loading=\"lazy\" decoding=\"async\" class=\"size-full wp-image-2181\" title=\"Les b\u00e9n\u00e9voles de l'APCARM vous attendent nombreux \u00e0 leur prochaine manifestation : La f\u00eate du cheval du 17 et 18 avril\" src=\"https:\/\/i0.wp.com\/www.o-p-i.fr\/parlonsen\/wp-content\/uploads\/apcarm.jpg?resize=500%2C375&#038;ssl=1\" alt=\"Les b\u00e9n\u00e9voles de l'APCARM vous attendent nombreux \u00e0 leur prochaine manifestation : La f\u00eate du cheval du 17 et 18 avril\" width=\"500\" height=\"375\" srcset=\"https:\/\/i0.wp.com\/www.o-p-i.fr\/parlonsen\/wp-content\/uploads\/apcarm.jpg?w=500&amp;ssl=1 500w, https:\/\/i0.wp.com\/www.o-p-i.fr\/parlonsen\/wp-content\/uploads\/apcarm.jpg?resize=300%2C225&amp;ssl=1 300w\" sizes=\"auto, (max-width: 500px) 100vw, 500px\" \/><figcaption id=\"caption-attachment-2181\" class=\"wp-caption-text\">Les b\u00e9n\u00e9voles de l&#39;APCARM vous attendent nombreux \u00e0 leur prochaine manifestation : La f\u00eate du cheval du 17 et 18 avril<\/figcaption><\/figure>\n<p style=\"text-align: justify;\"><span style=\"color: #808000;\"><strong>Renseignements : <\/strong><\/span><br \/>\n<span style=\"color: #808000;\"><strong>APCARM<\/strong><\/span><br \/>\nT\u00e9l. : 05 63 30 41 54<br \/>\nCourriel : <a href=\"mailto:regis.arlandes@orange.fr\">regis.arlandes@orange.fr<\/a><\/p>\n","protected":false},"excerpt":{"rendered":"<div class=\"mh-excerpt\">L&rsquo;APCARM est une association qui organise chaque ann\u00e9e, deux grandes manifestations \u00e0 Monclar de Quercy : &#8211; La f\u00eate du cheval dont la prochaine \u00e9dition se d\u00e9roulera \u00e0 l&rsquo;esplanade des lacs samedi 17 et dimanche <a class=\"mh-excerpt-more\" href=\"https:\/\/www.o-p-i.fr\/parlonsen\/parlons-en\/agriculture\/lapcarm-en-assemblee\/\" title=\"L&rsquo;APCARM en assembl\u00e9e !\">[&#8230;]<\/a><\/div>\n","protected":false},"author":8,"featured_media":0,"comment_status":"open","ping_status":"open","sticky":false,"template":"","format":"standard","meta":{"om_disable_all_campaigns":false,"advanced_seo_description":"","jetpack_seo_html_title":"","jetpack_seo_noindex":false,"_jetpack_memberships_contains_paid_content":false,"footnotes":"","_links_to":"","_links_to_target":""},"categories":[3,308,319,4,16,54],"tags":[143,242],"class_list":{"0":"post-2178","1":"post","2":"type-post","3":"status-publish","4":"format-standard","6":"category-agriculture","7":"category-308","8":"category-fete_cheval","9":"category-commerce","10":"category-monclar","11":"category-loisirs","12":"tag-monclar-de-quercy","13":"tag-fete-du-cheval"},"jetpack_featured_media_url":"","views":{"total":0,"cached_at":"","cached_date":1738518540},"jetpack_likes_enabled":true,"jetpack_sharing_enabled":true,"jetpack_shortlink":"https:\/\/wp.me\/pg7Wxj-z8","jetpack-related-posts":[],"_links":{"self":[{"href":"https:\/\/www.o-p-i.fr\/parlonsen\/wp-json\/wp\/v2\/posts\/2178","targetHints":{"allow":["GET"]}}],"collection":[{"href":"https:\/\/www.o-p-i.fr\/parlonsen\/wp-json\/wp\/v2\/posts"}],"about":[{"href":"https:\/\/www.o-p-i.fr\/parlonsen\/wp-json\/wp\/v2\/types\/post"}],"author":[{"embeddable":true,"href":"https:\/\/www.o-p-i.fr\/parlonsen\/wp-json\/wp\/v2\/users\/8"}],"replies":[{"embeddable":true,"href":"https:\/\/www.o-p-i.fr\/parlonsen\/wp-json\/wp\/v2\/comments?post=2178"}],"version-history":[{"count":0,"href":"https:\/\/www.o-p-i.fr\/parlonsen\/wp-json\/wp\/v2\/posts\/2178\/revisions"}],"wp:attachment":[{"href":"https:\/\/www.o-p-i.fr\/parlonsen\/wp-json\/wp\/v2\/media?parent=2178"}],"wp:term":[{"taxonomy":"category","embeddable":true,"href":"https:\/\/www.o-p-i.fr\/parlonsen\/wp-json\/wp\/v2\/categories?post=2178"},{"taxonomy":"post_tag","embeddable":true,"href":"https:\/\/www.o-p-i.fr\/parlonsen\/wp-json\/wp\/v2\/tags?post=2178"}],"curies":[{"name":"wp","href":"https:\/\/api.w.org\/{rel}","templated":true}]}}