{"id":2184,"date":"2010-02-09T19:48:02","date_gmt":"2010-02-09T17:48:02","guid":{"rendered":"\/parlonsen\/?p=2184"},"modified":"2010-02-09T19:48:02","modified_gmt":"2010-02-09T17:48:02","slug":"urgent-decouverte-de-la-musique","status":"publish","type":"post","link":"https:\/\/www.o-p-i.fr\/parlonsen\/parlons-en\/culture\/urgent-decouverte-de-la-musique\/","title":{"rendered":"URGENT&#8230; d\u00e9couverte de la musique&#8230;"},"content":{"rendered":"<p>Derni\u00e8rement, nous nous sommes fait l\u2019\u00e9cho de l\u2019initiative de Luann : organiser un d\u00e9placement en autocar pour que les petits (mais aussi les grands) puissent b\u00e9n\u00e9ficier du concert comment\u00e9 par Jean-Fran\u00e7ois ZIGEL le dimanche 21 f\u00e9vrier 2010 \u00e0 la Halle au Grains de Toulouse.<!--more--><br \/>\nA ce jour, le petit nombre de r\u00e9servation remet en question ce projet. Peut-\u00eatre \u00e9tiez-vous int\u00e9ress\u00e9s mais vous avez tard\u00e9 pour vous inscrire ? Il est maintenant n\u00e9cessaire de faire le point et ce avant vendredi 12 f\u00e9vrier \u00e0 midi.<br \/>\nPour faciliter les d\u00e9placements vers l\u2019autocar, un arr\u00eat est envisag\u00e9, apr\u00e8s le d\u00e9part de Salvagnac, sur le parking DDE au carrefour de Montgaillard. Cela devrait \u00eatre plus pratique pour les habitants de Montgaillard, Beauvais, Montdurausse village, Monclar\u2026 Lors de votre inscription (t\u00e9l\u00e9phone Luann 05 63 33 55 36) pr\u00e9cisez si vous souhaitez prendre le car \u00e0 SALVAGNAC ou au carrefour de MONTGAILLARD.<br \/>\nNe privez pas vos enfants de cette occasion qui ne se pr\u00e9sente pas tous les jours ! Vous pouvez les accompagner ou les confier \u00e0 l\u2019\u00e9quipe organisatrice qui se charge de l\u2019encadrement.<br \/>\nTransport et concert : 10 \u20acuros tout compris par personne.<\/p>\n<p>Inscrivez vous avant le vendredi 12 f\u00e9vrier \u00e0 midi aupr\u00e8s de Luann, au 05 63 33 55 36<\/p>\n","protected":false},"excerpt":{"rendered":"<div class=\"mh-excerpt\">Derni\u00e8rement, nous nous sommes fait l\u2019\u00e9cho de l\u2019initiative de Luann : organiser un d\u00e9placement en autocar pour que les petits (mais aussi les grands) puissent b\u00e9n\u00e9ficier du concert comment\u00e9 par Jean-Fran\u00e7ois ZIGEL le dimanche 21 <a class=\"mh-excerpt-more\" href=\"https:\/\/www.o-p-i.fr\/parlonsen\/parlons-en\/culture\/urgent-decouverte-de-la-musique\/\" title=\"URGENT&#8230; d\u00e9couverte de la musique&#8230;\">[&#8230;]<\/a><\/div>\n","protected":false},"author":4,"featured_media":0,"comment_status":"open","ping_status":"open","sticky":false,"template":"","format":"standard","meta":{"om_disable_all_campaigns":false,"advanced_seo_description":"","jetpack_seo_html_title":"","jetpack_seo_noindex":false,"_jetpack_memberships_contains_paid_content":false,"footnotes":"","_links_to":"","_links_to_target":""},"categories":[308,23,1,31,25],"tags":[286,287],"class_list":{"0":"post-2184","1":"post","2":"type-post","3":"status-publish","4":"format-standard","6":"category-308","7":"category-au-dela-du-pays","8":"category-culture","9":"category-montgaillard","10":"category-salvagnac","11":"tag-musique-classique","12":"tag-decouverte"},"jetpack_featured_media_url":"","views":{"total":0,"cached_at":"","cached_date":1738518551},"jetpack_likes_enabled":true,"jetpack_sharing_enabled":true,"jetpack_shortlink":"https:\/\/wp.me\/pg7Wxj-ze","jetpack-related-posts":[],"_links":{"self":[{"href":"https:\/\/www.o-p-i.fr\/parlonsen\/wp-json\/wp\/v2\/posts\/2184","targetHints":{"allow":["GET"]}}],"collection":[{"href":"https:\/\/www.o-p-i.fr\/parlonsen\/wp-json\/wp\/v2\/posts"}],"about":[{"href":"https:\/\/www.o-p-i.fr\/parlonsen\/wp-json\/wp\/v2\/types\/post"}],"author":[{"embeddable":true,"href":"https:\/\/www.o-p-i.fr\/parlonsen\/wp-json\/wp\/v2\/users\/4"}],"replies":[{"embeddable":true,"href":"https:\/\/www.o-p-i.fr\/parlonsen\/wp-json\/wp\/v2\/comments?post=2184"}],"version-history":[{"count":0,"href":"https:\/\/www.o-p-i.fr\/parlonsen\/wp-json\/wp\/v2\/posts\/2184\/revisions"}],"wp:attachment":[{"href":"https:\/\/www.o-p-i.fr\/parlonsen\/wp-json\/wp\/v2\/media?parent=2184"}],"wp:term":[{"taxonomy":"category","embeddable":true,"href":"https:\/\/www.o-p-i.fr\/parlonsen\/wp-json\/wp\/v2\/categories?post=2184"},{"taxonomy":"post_tag","embeddable":true,"href":"https:\/\/www.o-p-i.fr\/parlonsen\/wp-json\/wp\/v2\/tags?post=2184"}],"curies":[{"name":"wp","href":"https:\/\/api.w.org\/{rel}","templated":true}]}}