{"id":21862,"date":"2014-06-19T10:01:49","date_gmt":"2014-06-19T08:01:49","guid":{"rendered":"\/parlonsen\/?p=21862"},"modified":"2014-06-19T00:10:06","modified_gmt":"2014-06-18T22:10:06","slug":"art-mineurs-a-rabastens-81","status":"publish","type":"post","link":"https:\/\/www.o-p-i.fr\/parlonsen\/parlons-en\/culture\/art-mineurs-a-rabastens-81\/","title":{"rendered":"Art Mineurs &#8230; \u00e0 Rabastens (81)"},"content":{"rendered":"<p>L&rsquo;association Le Cinq organise une semaine d&rsquo;exposition et d&rsquo;animation \u00e0 destination des enfants,<strong> du 24 au 28 Juin 2014<\/strong>.<!--more--><\/p>\n<p style=\"text-align: justify;\">\n<figure id=\"attachment_21863\" aria-describedby=\"caption-attachment-21863\" style=\"width: 211px\" class=\"wp-caption alignright\"><a href=\"https:\/\/i0.wp.com\/www.o-p-i.fr\/parlonsen\/wp-content\/uploads\/artmineurrabastens.jpg?ssl=1\"><img data-recalc-dims=\"1\" loading=\"lazy\" decoding=\"async\" class=\"size-medium wp-image-21863\" title=\"Rabastens\" src=\"https:\/\/i0.wp.com\/www.o-p-i.fr\/parlonsen\/wp-content\/uploads\/artmineurrabastens.jpg?resize=211%2C300&#038;ssl=1\" alt=\"Rabastens\" width=\"211\" height=\"300\" srcset=\"https:\/\/i0.wp.com\/www.o-p-i.fr\/parlonsen\/wp-content\/uploads\/artmineurrabastens.jpg?resize=211%2C300&amp;ssl=1 211w, https:\/\/i0.wp.com\/www.o-p-i.fr\/parlonsen\/wp-content\/uploads\/artmineurrabastens.jpg?w=450&amp;ssl=1 450w\" sizes=\"auto, (max-width: 211px) 100vw, 211px\" \/><\/a><figcaption id=\"caption-attachment-21863\" class=\"wp-caption-text\">Rabastens<\/figcaption><\/figure>\n<p>Nous allons vous faire d\u00e9couvrir les \u0153uvres r\u00e9alis\u00e9es \u00e0 Rabastens par les enfants dans les ateliers de sculpture de pierre, modelage de terre, arts plastique, po\u00e9sie, musique etc. Nous proposons \u00e9galement  une s\u00e9lection de livres d&rsquo;arts pour enfants.<\/p>\n<p><strong>Mercredi 25 Juin <\/strong><br \/>\n\u00e0 15h30 :\u00a0  nous vous proposons un atelier de d\u00e9couverte de livres d&rsquo;art pour enfant.<br \/>\n\u00e0 17h : Les \u00e9l\u00e8ves de John Asquith viendront vous faire entendre  leurs prouesses au piano.<\/p>\n<p style=\"text-align: justify;\"><strong>Samedi 28 Juin<\/strong><br \/>\n\u00e0 15h30 : aura lieu un atelier Go\u00fbter artistique, venez r\u00e9aliser des \u0153uvres d&rsquo;art qui se mangent.<\/p>\n<p style=\"text-align: justify;\">Enfin nous vous attendons tous samedi  \u00e0 17h pour le go\u00fbter vernissage qui cl\u00f4turera la semaine en beaut\u00e9.<\/p>\n<p><strong>Contact :<\/strong> Association Le Cinq<br \/>\n5 quai Escoussi\u00e8res<br \/>\n81800 Rabastens<\/p>\n<p><em>Communiqu\u00e9 de l&rsquo;\u00e9quipe du Cinq. <\/em><\/p>\n","protected":false},"excerpt":{"rendered":"<div class=\"mh-excerpt\">L&rsquo;association Le Cinq organise une semaine d&rsquo;exposition et d&rsquo;animation \u00e0 destination des enfants, du 24 au 28 Juin 2014.<\/div>\n","protected":false},"author":2,"featured_media":0,"comment_status":"open","ping_status":"open","sticky":false,"template":"","format":"standard","meta":{"om_disable_all_campaigns":false,"advanced_seo_description":"","jetpack_seo_html_title":"","jetpack_seo_noindex":false,"_jetpack_memberships_contains_paid_content":false,"footnotes":"","_links_to":"","_links_to_target":""},"categories":[42,1,54,2042],"tags":[72,186,200,323,326,424,1689],"class_list":{"0":"post-21862","1":"post","2":"type-post","3":"status-publish","4":"format-standard","6":"category-a-cote-de-chez-nous","7":"category-culture","8":"category-loisirs","9":"category-n-99-juin-2014","10":"tag-rabastens","11":"tag-gouter","12":"tag-art","13":"tag-enfant","14":"tag-le-5","15":"tag-livre","16":"tag-vernissage-expo"},"jetpack_featured_media_url":"","views":{"total":0,"cached_at":"","cached_date":1738498758},"jetpack_likes_enabled":true,"jetpack_sharing_enabled":true,"jetpack_shortlink":"https:\/\/wp.me\/pg7Wxj-5GC","jetpack-related-posts":[],"_links":{"self":[{"href":"https:\/\/www.o-p-i.fr\/parlonsen\/wp-json\/wp\/v2\/posts\/21862","targetHints":{"allow":["GET"]}}],"collection":[{"href":"https:\/\/www.o-p-i.fr\/parlonsen\/wp-json\/wp\/v2\/posts"}],"about":[{"href":"https:\/\/www.o-p-i.fr\/parlonsen\/wp-json\/wp\/v2\/types\/post"}],"author":[{"embeddable":true,"href":"https:\/\/www.o-p-i.fr\/parlonsen\/wp-json\/wp\/v2\/users\/2"}],"replies":[{"embeddable":true,"href":"https:\/\/www.o-p-i.fr\/parlonsen\/wp-json\/wp\/v2\/comments?post=21862"}],"version-history":[{"count":0,"href":"https:\/\/www.o-p-i.fr\/parlonsen\/wp-json\/wp\/v2\/posts\/21862\/revisions"}],"wp:attachment":[{"href":"https:\/\/www.o-p-i.fr\/parlonsen\/wp-json\/wp\/v2\/media?parent=21862"}],"wp:term":[{"taxonomy":"category","embeddable":true,"href":"https:\/\/www.o-p-i.fr\/parlonsen\/wp-json\/wp\/v2\/categories?post=21862"},{"taxonomy":"post_tag","embeddable":true,"href":"https:\/\/www.o-p-i.fr\/parlonsen\/wp-json\/wp\/v2\/tags?post=21862"}],"curies":[{"name":"wp","href":"https:\/\/api.w.org\/{rel}","templated":true}]}}