{"id":2189,"date":"2010-02-09T20:33:23","date_gmt":"2010-02-09T18:33:23","guid":{"rendered":"\/parlonsen\/?p=2189"},"modified":"2010-02-13T23:10:23","modified_gmt":"2010-02-13T21:10:23","slug":"mardi-gras-a-montgaillard","status":"publish","type":"post","link":"https:\/\/www.o-p-i.fr\/parlonsen\/localisation\/au-pays-des-tescous\/montgaillard\/mardi-gras-a-montgaillard\/","title":{"rendered":"Mardi Gras \u00e0 Montgaillard"},"content":{"rendered":"<p>Le Club des A\u00een\u00e9s ruraux perp\u00e9tue la tradition et vous invite \u00e0 f\u00eater Mardi Gras le <strong>16 F\u00e9vrier 2010<\/strong> \u00e0 12h30. <!--more-->Rendez vous \u00e0 la Salle Charles Gayral pour un repas pr\u00e9par\u00e9 par le restaurant-traiteur \u00ab\u00a0<a title=\"En savoir + (ouvre une nouvelle fen\u00eatre)\" href=\"https:\/\/www.o-p-i.fr\/aupays\/annuaire\/bar-cafe\/la-chenaie\/\" target=\"_blank\">La Ch\u00eanaie<\/a>\u00a0\u00bb de Saint-Urcisse.<\/p>\n<p>L&rsquo;animation sera assur\u00e9e par Jean-Pierre Bailhe.<\/p>\n<p>Venez vous d\u00e9tendre, qu&rsquo;on se le dise !<\/p>\n<p><span style=\"color: #800080;\"><strong>Tarifs :<\/strong><br \/>\nAdh\u00e9rent : 12\u20ac<br \/>\nNon Adh\u00e9rent : 15\u20ac<\/span><\/p>\n<p><span style=\"color: #800080;\"><strong>Inscriptions :<\/strong><br \/>\nT\u00e9l. : 05 63 40 56 67<\/span><\/p>\n<p><em>Source : Tract Club des A\u00een\u00e9s Ruraux<\/em><\/p>\n<p><strong><\/strong><strong><a href=\"..\/..\/..\/agenda\/\">Retrouvez tous les \u00e9v\u00e8nements dans l\u2019agenda !<\/a><\/strong><\/p>\n","protected":false},"excerpt":{"rendered":"<div class=\"mh-excerpt\">Le Club des A\u00een\u00e9s ruraux perp\u00e9tue la tradition et vous invite \u00e0 f\u00eater Mardi Gras le 16 F\u00e9vrier 2010 \u00e0 12h30.<\/div>\n","protected":false},"author":3,"featured_media":0,"comment_status":"open","ping_status":"open","sticky":false,"template":"","format":"standard","meta":{"om_disable_all_campaigns":false,"advanced_seo_description":"","jetpack_seo_html_title":"","jetpack_seo_noindex":false,"_jetpack_memberships_contains_paid_content":false,"footnotes":"","_links_to":"","_links_to_target":""},"categories":[308,54,31],"tags":[82,157,320,2554,321],"class_list":{"0":"post-2189","1":"post","2":"type-post","3":"status-publish","4":"format-standard","6":"category-308","7":"category-loisirs","8":"category-montgaillard","9":"tag-aines","10":"tag-repas","11":"tag-mardi-gras","12":"tag-montgaillard","13":"tag-la-chenaie"},"jetpack_featured_media_url":"","views":{"total":0,"cached_at":"","cached_date":1738268394},"jetpack_likes_enabled":true,"jetpack_sharing_enabled":true,"jetpack_shortlink":"https:\/\/wp.me\/pg7Wxj-zj","jetpack-related-posts":[],"_links":{"self":[{"href":"https:\/\/www.o-p-i.fr\/parlonsen\/wp-json\/wp\/v2\/posts\/2189","targetHints":{"allow":["GET"]}}],"collection":[{"href":"https:\/\/www.o-p-i.fr\/parlonsen\/wp-json\/wp\/v2\/posts"}],"about":[{"href":"https:\/\/www.o-p-i.fr\/parlonsen\/wp-json\/wp\/v2\/types\/post"}],"author":[{"embeddable":true,"href":"https:\/\/www.o-p-i.fr\/parlonsen\/wp-json\/wp\/v2\/users\/3"}],"replies":[{"embeddable":true,"href":"https:\/\/www.o-p-i.fr\/parlonsen\/wp-json\/wp\/v2\/comments?post=2189"}],"version-history":[{"count":0,"href":"https:\/\/www.o-p-i.fr\/parlonsen\/wp-json\/wp\/v2\/posts\/2189\/revisions"}],"wp:attachment":[{"href":"https:\/\/www.o-p-i.fr\/parlonsen\/wp-json\/wp\/v2\/media?parent=2189"}],"wp:term":[{"taxonomy":"category","embeddable":true,"href":"https:\/\/www.o-p-i.fr\/parlonsen\/wp-json\/wp\/v2\/categories?post=2189"},{"taxonomy":"post_tag","embeddable":true,"href":"https:\/\/www.o-p-i.fr\/parlonsen\/wp-json\/wp\/v2\/tags?post=2189"}],"curies":[{"name":"wp","href":"https:\/\/api.w.org\/{rel}","templated":true}]}}