{"id":2194,"date":"2010-02-10T07:07:27","date_gmt":"2010-02-10T05:07:27","guid":{"rendered":"\/parlonsen\/?p=2194"},"modified":"2010-02-14T13:31:56","modified_gmt":"2010-02-14T11:31:56","slug":"rappel-solidarite-pour-haiti","status":"publish","type":"post","link":"https:\/\/www.o-p-i.fr\/parlonsen\/localisation\/au-pays-des-tescous\/salvagnac\/rappel-solidarite-pour-haiti\/","title":{"rendered":"Rappel : solidarit\u00e9 pour HA\u00cfTI"},"content":{"rendered":"<p style=\"text-align: justify;\">La municipalit\u00e9, la paroisse de Salvagnac, et les choristes du pays salvagnacois, les \u00a0<strong>\u00ab\u00a0Troubadours du Tescou\u00a0\u00bb<\/strong> et <strong>\u00ab\u00a0Vox Musica\u00a0\u00bb<\/strong> se mobilisent pour participer au mouvement de solidarit\u00e9 humaine qui s&rsquo;est cr\u00e9\u00e9 pour venir en aide aux sinistr\u00e9s d&rsquo;Ha\u00efti.<!--more--> Un concert exceptionnel est organis\u00e9<\/p>\n<p style=\"TEXT-ALIGN: center\"><strong>samedi 13 f\u00e9vrier \u00e0 21 heures, en l&rsquo;\u00e9glise Notre Dame de Salvagnac.<\/strong><\/p>\n<p style=\"TEXT-ALIGN: justify\">L&rsquo;entr\u00e9e sera libre et gratuite, il sera simplement fait appel \u00e0 la g\u00e9n\u00e9rosit\u00e9 de chacun. Une urne sera plac\u00e9e \u00e0 l&rsquo;entr\u00e9e de l&rsquo;\u00e9glise, et chacun y d\u00e9posera une participation selon son c\u0153ur. Les dons seront envoy\u00e9s \u00e0 la fondation de France pour participer \u00e0 l&rsquo;aide aux sinistr\u00e9s. Les organisateurs invitent Salvagnacois et voisins \u00e0 venir nombreux afin d\u2019aider les Ha\u00eftiens \u00e0 reconstruire leur pays.\u00a0\u00bb<\/p>\n<p style=\"text-align: center;\"><img data-recalc-dims=\"1\" loading=\"lazy\" decoding=\"async\" class=\"size-full wp-image-2195 aligncenter\" title=\"nos-chorales\" src=\"https:\/\/i0.wp.com\/www.o-p-i.fr\/parlonsen\/wp-content\/uploads\/nos-chorales.jpg?resize=534%2C286&#038;ssl=1\" alt=\"nos-chorales\" width=\"534\" height=\"286\" srcset=\"https:\/\/i0.wp.com\/www.o-p-i.fr\/parlonsen\/wp-content\/uploads\/nos-chorales.jpg?w=534&amp;ssl=1 534w, https:\/\/i0.wp.com\/www.o-p-i.fr\/parlonsen\/wp-content\/uploads\/nos-chorales.jpg?resize=300%2C160&amp;ssl=1 300w\" sizes=\"auto, (max-width: 534px) 100vw, 534px\" \/><\/p>\n<p><a href=\"https:\/\/www.o-p-i.fr\/parlonsen\/agenda\/\"><strong>Retrouvez tous les \u00e9v\u00e8nements dans l&rsquo;agenda !<\/strong><\/a><\/p>\n","protected":false},"excerpt":{"rendered":"<div class=\"mh-excerpt\">La municipalit\u00e9, la paroisse de Salvagnac, et les choristes du pays salvagnacois, les \u00a0\u00ab\u00a0Troubadours du Tescou\u00a0\u00bb et \u00ab\u00a0Vox Musica\u00a0\u00bb se mobilisent pour participer au mouvement de solidarit\u00e9 humaine qui s&rsquo;est cr\u00e9\u00e9 pour venir en aide <a class=\"mh-excerpt-more\" href=\"https:\/\/www.o-p-i.fr\/parlonsen\/localisation\/au-pays-des-tescous\/salvagnac\/rappel-solidarite-pour-haiti\/\" title=\"Rappel : solidarit\u00e9 pour HA\u00cfTI\">[&#8230;]<\/a><\/div>\n","protected":false},"author":4,"featured_media":0,"comment_status":"open","ping_status":"open","sticky":false,"template":"","format":"standard","meta":{"om_disable_all_campaigns":false,"advanced_seo_description":"","jetpack_seo_html_title":"","jetpack_seo_noindex":false,"_jetpack_memberships_contains_paid_content":false,"footnotes":"","_links_to":"","_links_to_target":""},"categories":[308,325,291,25],"tags":[43,280,2571],"class_list":{"0":"post-2194","1":"post","2":"type-post","3":"status-publish","4":"format-standard","6":"category-308","7":"category-solidariti","8":"category-solidarite","9":"category-salvagnac","10":"tag-concert","11":"tag-haiti","12":"tag-solidarite"},"jetpack_featured_media_url":"","views":{"total":0,"cached_at":"","cached_date":1738514765},"jetpack_likes_enabled":true,"jetpack_sharing_enabled":true,"jetpack_shortlink":"https:\/\/wp.me\/pg7Wxj-zo","jetpack-related-posts":[],"_links":{"self":[{"href":"https:\/\/www.o-p-i.fr\/parlonsen\/wp-json\/wp\/v2\/posts\/2194","targetHints":{"allow":["GET"]}}],"collection":[{"href":"https:\/\/www.o-p-i.fr\/parlonsen\/wp-json\/wp\/v2\/posts"}],"about":[{"href":"https:\/\/www.o-p-i.fr\/parlonsen\/wp-json\/wp\/v2\/types\/post"}],"author":[{"embeddable":true,"href":"https:\/\/www.o-p-i.fr\/parlonsen\/wp-json\/wp\/v2\/users\/4"}],"replies":[{"embeddable":true,"href":"https:\/\/www.o-p-i.fr\/parlonsen\/wp-json\/wp\/v2\/comments?post=2194"}],"version-history":[{"count":0,"href":"https:\/\/www.o-p-i.fr\/parlonsen\/wp-json\/wp\/v2\/posts\/2194\/revisions"}],"wp:attachment":[{"href":"https:\/\/www.o-p-i.fr\/parlonsen\/wp-json\/wp\/v2\/media?parent=2194"}],"wp:term":[{"taxonomy":"category","embeddable":true,"href":"https:\/\/www.o-p-i.fr\/parlonsen\/wp-json\/wp\/v2\/categories?post=2194"},{"taxonomy":"post_tag","embeddable":true,"href":"https:\/\/www.o-p-i.fr\/parlonsen\/wp-json\/wp\/v2\/tags?post=2194"}],"curies":[{"name":"wp","href":"https:\/\/api.w.org\/{rel}","templated":true}]}}