{"id":2204,"date":"2010-02-16T18:55:37","date_gmt":"2010-02-16T16:55:37","guid":{"rendered":"\/parlonsen\/?p=2204"},"modified":"2010-02-16T21:01:54","modified_gmt":"2010-02-16T19:01:54","slug":"evenement-sportif-exceptionnel-et-historique-pour-le-canton-salvagnacois","status":"publish","type":"post","link":"https:\/\/www.o-p-i.fr\/parlonsen\/localisation\/au-pays-des-tescous\/tauriac\/evenement-sportif-exceptionnel-et-historique-pour-le-canton-salvagnacois\/","title":{"rendered":"Ev\u00e8nement sportif exceptionnel et historique pour le canton Salvagnacois !"},"content":{"rendered":"<p style=\"text-align: justify;\">Le club de foot des Rives du Tescou (club cantonal n\u00e9 en 2001 de la fusion des clubs de Tauriac et Salvagnac), s&rsquo;est qualifi\u00e9 pour les 16\u00e8me de finale de la coupe du midi. <!--more--><\/p>\n<p style=\"text-align: justify;\"><strong>Dimanche 21 f\u00e9vrier au Stade de la Rosi\u00e8re \u00e0 Salvagnac<\/strong>, l\u2019\u00e9quipe fanion des Rives du Tescou Football Club participera pour la premi\u00e8re fois de son histoire au 16\u00e8me de finale de la coupe du Midi. Apr\u00e8s s\u2019\u00eatre brillamment qualifi\u00e9 face au FC LAVAUR, qui \u00e9volue 4 niveau au dessus, sur le score de 1 \u00e0 0, les sangs et or re\u00e7oivent le FC BLAGNAC qui \u00e9volue en Division Honneur, soit 5 divisions au dessus.<\/p>\n<p style=\"text-align: justify;\">Les joueurs ont besoin de votre soutient et vos encouragements alors tous derri\u00e8re le RTFC dimanche 21 \u00e0 Salvagnac. Coup d\u2019envoi \u00e0 14h30.<\/p>\n<figure id=\"attachment_2205\" aria-describedby=\"caption-attachment-2205\" style=\"width: 800px\" class=\"wp-caption aligncenter\"><img data-recalc-dims=\"1\" loading=\"lazy\" decoding=\"async\" class=\"size-full wp-image-2205\" title=\"\u00c9v\u00e8nement sportif exceptionnel et historique pour le canton Salvagnacois !\" src=\"https:\/\/i0.wp.com\/www.o-p-i.fr\/parlonsen\/wp-content\/uploads\/match_rtfc.jpg?resize=800%2C600&#038;ssl=1\" alt=\"\u00c9v\u00e8nement sportif exceptionnel et historique pour le canton Salvagnacois !\" width=\"800\" height=\"600\" srcset=\"https:\/\/i0.wp.com\/www.o-p-i.fr\/parlonsen\/wp-content\/uploads\/match_rtfc.jpg?w=800&amp;ssl=1 800w, https:\/\/i0.wp.com\/www.o-p-i.fr\/parlonsen\/wp-content\/uploads\/match_rtfc.jpg?resize=300%2C225&amp;ssl=1 300w\" sizes=\"auto, (max-width: 800px) 100vw, 800px\" \/><figcaption id=\"caption-attachment-2205\" class=\"wp-caption-text\">\u00c9v\u00e8nement sportif exceptionnel et historique pour le canton Salvagnacois !<\/figcaption><\/figure>\n<p>Vous pouvez vous tenir inform\u00e9 de la vie du club, des r\u00e9sultats, des animations sur le site internet du club.<\/p>\n<p><span style=\"color: #ff9900;\"><strong>Contact :<\/strong><\/span><\/p>\n<p style=\"text-align: justify;\"><span style=\"color: #ff9900;\"><strong>RTFC<\/strong><br \/>\n<strong>Courriel :<\/strong> <a href=\"mailto:rtfc@footeo.com\">rtfc@footeo.com<\/a><br \/>\n<strong>Site : <\/strong><a title=\"Ouvre le site dans une nouvelle fen\u00eatre\" href=\"http:\/\/www.rtfc.footeo.com\" target=\"_blank\">www.rtfc.footeo.com<\/a><\/span><\/p>\n<p style=\"text-align: justify;\"><span style=\"color: #ff9900;\"><strong>Le RTFC est sur\u00a0 facebook<\/strong>. <em><a title=\"Ouvre Facebook dans une nouvelle fen\u00eatre\" href=\"http:\/\/www.facebook.com\/pages\/RTFC\/289804452610?ref=ts\" target=\"_blank\">Voir son profil<\/a><\/em><\/span><\/p>\n<p style=\"text-align: justify;\"><em>Communiqu\u00e9 de David BENESCHI <\/em><\/p>\n<p style=\"text-align: justify;\"><a href=\"https:\/\/www.o-p-i.fr\/parlonsen\/agenda\/\"><strong>Retrouvez tous les \u00e9v\u00e8nements dans l&rsquo;agenda !<\/strong><\/a><em><br \/>\n<\/em><\/p>\n","protected":false},"excerpt":{"rendered":"<div class=\"mh-excerpt\">Le club de foot des Rives du Tescou (club cantonal n\u00e9 en 2001 de la fusion des clubs de Tauriac et Salvagnac), s&rsquo;est qualifi\u00e9 pour les 16\u00e8me de finale de la coupe du midi.<\/div>\n","protected":false},"author":3,"featured_media":0,"comment_status":"open","ping_status":"open","sticky":false,"template":"","format":"standard","meta":{"om_disable_all_campaigns":false,"advanced_seo_description":"","jetpack_seo_html_title":"","jetpack_seo_noindex":false,"_jetpack_memberships_contains_paid_content":false,"footnotes":"","_links_to":"","_links_to_target":""},"categories":[53,25,21],"tags":[39,2548,2546,322],"class_list":{"0":"post-2204","1":"post","2":"type-post","3":"status-publish","4":"format-standard","6":"category-sports","7":"category-salvagnac","8":"category-tauriac","9":"tag-ecole-de-foot","10":"tag-salvagnac","11":"tag-tauriac","12":"tag-rtfc"},"jetpack_featured_media_url":"","views":{"total":0,"cached_at":"","cached_date":1738514594},"jetpack_likes_enabled":true,"jetpack_sharing_enabled":true,"jetpack_shortlink":"https:\/\/wp.me\/pg7Wxj-zy","jetpack-related-posts":[],"_links":{"self":[{"href":"https:\/\/www.o-p-i.fr\/parlonsen\/wp-json\/wp\/v2\/posts\/2204","targetHints":{"allow":["GET"]}}],"collection":[{"href":"https:\/\/www.o-p-i.fr\/parlonsen\/wp-json\/wp\/v2\/posts"}],"about":[{"href":"https:\/\/www.o-p-i.fr\/parlonsen\/wp-json\/wp\/v2\/types\/post"}],"author":[{"embeddable":true,"href":"https:\/\/www.o-p-i.fr\/parlonsen\/wp-json\/wp\/v2\/users\/3"}],"replies":[{"embeddable":true,"href":"https:\/\/www.o-p-i.fr\/parlonsen\/wp-json\/wp\/v2\/comments?post=2204"}],"version-history":[{"count":0,"href":"https:\/\/www.o-p-i.fr\/parlonsen\/wp-json\/wp\/v2\/posts\/2204\/revisions"}],"wp:attachment":[{"href":"https:\/\/www.o-p-i.fr\/parlonsen\/wp-json\/wp\/v2\/media?parent=2204"}],"wp:term":[{"taxonomy":"category","embeddable":true,"href":"https:\/\/www.o-p-i.fr\/parlonsen\/wp-json\/wp\/v2\/categories?post=2204"},{"taxonomy":"post_tag","embeddable":true,"href":"https:\/\/www.o-p-i.fr\/parlonsen\/wp-json\/wp\/v2\/tags?post=2204"}],"curies":[{"name":"wp","href":"https:\/\/api.w.org\/{rel}","templated":true}]}}