{"id":22146,"date":"2014-07-07T16:57:22","date_gmt":"2014-07-07T14:57:22","guid":{"rendered":"\/parlonsen\/?p=22146"},"modified":"2014-07-07T16:57:22","modified_gmt":"2014-07-07T14:57:22","slug":"fetes-generales-a-montdurausse-81","status":"publish","type":"post","link":"https:\/\/www.o-p-i.fr\/parlonsen\/localisation\/au-pays-des-tescous\/montdurausse\/fetes-generales-a-montdurausse-81\/","title":{"rendered":"F\u00eates  G\u00e9n\u00e9rales &#8230; \u00e0 Montdurausse (81)"},"content":{"rendered":"<p>Le comit\u00e9 des f\u00eates de Montdurausse vous attend<strong> du Jeudi 24 au Dimanche 27 Juillet 2014<\/strong>.<!--more--><\/p>\n<figure id=\"attachment_22147\" aria-describedby=\"caption-attachment-22147\" style=\"width: 214px\" class=\"wp-caption alignright\"><a href=\"https:\/\/i0.wp.com\/www.o-p-i.fr\/parlonsen\/wp-content\/uploads\/fetedemontdurausse.jpg?ssl=1\"><img data-recalc-dims=\"1\" loading=\"lazy\" decoding=\"async\" class=\"size-medium wp-image-22147\" title=\"Montdurausse (81)\" src=\"https:\/\/i0.wp.com\/www.o-p-i.fr\/parlonsen\/wp-content\/uploads\/fetedemontdurausse.jpg?resize=214%2C300&#038;ssl=1\" alt=\"Montdurausse (81)\" width=\"214\" height=\"300\" srcset=\"https:\/\/i0.wp.com\/www.o-p-i.fr\/parlonsen\/wp-content\/uploads\/fetedemontdurausse.jpg?resize=214%2C300&amp;ssl=1 214w, https:\/\/i0.wp.com\/www.o-p-i.fr\/parlonsen\/wp-content\/uploads\/fetedemontdurausse.jpg?w=631&amp;ssl=1 631w\" sizes=\"auto, (max-width: 214px) 100vw, 214px\" \/><\/a><figcaption id=\"caption-attachment-22147\" class=\"wp-caption-text\">Montdurausse (81)<\/figcaption><\/figure>\n<ul>\n<li><strong>Jeudi 24 Juillet <\/strong><\/li>\n<\/ul>\n<p><strong>A partir de 18h30\u00a0 : March\u00e9 Gourmand<\/strong><br \/>\nBandas et Majorettes pendant toute la soir\u00e9e. Ambiance assur\u00e9e !<\/p>\n<ul>\n<li><strong>Vendredi 25 Juillet <\/strong><\/li>\n<\/ul>\n<p><strong>22h00 : Soir\u00e9<\/strong>e anim\u00e9e par Pyramix<\/p>\n<ul>\n<li><strong>Samedi 26 Juillet<\/strong><\/li>\n<\/ul>\n<p><strong>14h00 : Concours de P\u00e9tanque<\/strong> en doublette<\/p>\n<p><strong>20h30 : Repas<\/strong> Traditionnel<br \/>\n<strong>Tarifs : <\/strong><br \/>\nAdultes : 12\u20ac<br \/>\nEnfants (6 \u00e0 12ans) : 6 \u20ac<\/p>\n<p><strong>22h00 : Soir\u00e9e Dansante<\/strong> avec M\u00e9tropole<\/p>\n<ul>\n<li><strong>Dimanche 27 Juillet<\/strong><\/li>\n<\/ul>\n<p><strong>10h30 : Messe <\/strong>avec la <a title=\"Cliquez pour ouvrir la fiche dans l'annuaire\" href=\"https:\/\/www.o-p-i.fr\/aupays\/annuaire\/loisirs\/chorale-du-prieure\/\">Chorale du Prieur\u00e9<\/a> suivie d&rsquo;un ap\u00e9ritif offert<\/p>\n<p><strong>21h00 : Bal Musette<\/strong> avec Music Animation<br \/>\n<strong>23h00 : Grand Feu d&rsquo;Artifice <\/strong><br \/>\nsuivi d&rsquo;un Bal vari\u00e9t\u00e9<\/p>\n<p><strong>Contact :<\/strong> <a title=\"Cliquez pour ouvrir la fiche dans l'annuaire\" href=\"https:\/\/www.o-p-i.fr\/aupays\/annuaire\/loisirs\/comite-des-fetes-de-montdurausse\/\">Comit\u00e9 des F\u00eates de Montdurausse<\/a><br \/>\nT\u00e9l. : 06 07 50 48\u00a0 94 ou 06 15\u00a0 39 53 84 ou 06 28 32 39 95<\/p>\n<p><em>Communiqu\u00e9 par Jean-Marc Imbert pour le Comit\u00e9<\/em><\/p>\n","protected":false},"excerpt":{"rendered":"<div class=\"mh-excerpt\">Le comit\u00e9 des f\u00eates de Montdurausse vous attend du Jeudi 24 au Dimanche 27 Juillet 2014.<\/div>\n","protected":false},"author":2,"featured_media":0,"comment_status":"open","ping_status":"open","sticky":false,"template":"","format":"standard","meta":{"om_disable_all_campaigns":false,"advanced_seo_description":"","jetpack_seo_html_title":"","jetpack_seo_noindex":false,"_jetpack_memberships_contains_paid_content":false,"footnotes":"","_links_to":"","_links_to_target":""},"categories":[603,54,32,2054],"tags":[56,64,2555,138,156,157,303,617,779,1628],"class_list":{"0":"post-22146","1":"post","2":"type-post","3":"status-publish","4":"format-standard","6":"category-vive-lete","7":"category-loisirs","8":"category-montdurausse","9":"category-n-100-juillet-2014","10":"tag-fete","11":"tag-soiree","12":"tag-montdurausse","13":"tag-marche","14":"tag-bal","15":"tag-repas","16":"tag-marche-gourmand","17":"tag-feu-dartifice","18":"tag-messe","19":"tag-soiree-dansante"},"jetpack_featured_media_url":"","views":{"total":0,"cached_at":"","cached_date":1738528231},"jetpack_likes_enabled":true,"jetpack_sharing_enabled":true,"jetpack_shortlink":"https:\/\/wp.me\/pg7Wxj-5Lc","jetpack-related-posts":[],"_links":{"self":[{"href":"https:\/\/www.o-p-i.fr\/parlonsen\/wp-json\/wp\/v2\/posts\/22146","targetHints":{"allow":["GET"]}}],"collection":[{"href":"https:\/\/www.o-p-i.fr\/parlonsen\/wp-json\/wp\/v2\/posts"}],"about":[{"href":"https:\/\/www.o-p-i.fr\/parlonsen\/wp-json\/wp\/v2\/types\/post"}],"author":[{"embeddable":true,"href":"https:\/\/www.o-p-i.fr\/parlonsen\/wp-json\/wp\/v2\/users\/2"}],"replies":[{"embeddable":true,"href":"https:\/\/www.o-p-i.fr\/parlonsen\/wp-json\/wp\/v2\/comments?post=22146"}],"version-history":[{"count":0,"href":"https:\/\/www.o-p-i.fr\/parlonsen\/wp-json\/wp\/v2\/posts\/22146\/revisions"}],"wp:attachment":[{"href":"https:\/\/www.o-p-i.fr\/parlonsen\/wp-json\/wp\/v2\/media?parent=22146"}],"wp:term":[{"taxonomy":"category","embeddable":true,"href":"https:\/\/www.o-p-i.fr\/parlonsen\/wp-json\/wp\/v2\/categories?post=22146"},{"taxonomy":"post_tag","embeddable":true,"href":"https:\/\/www.o-p-i.fr\/parlonsen\/wp-json\/wp\/v2\/tags?post=22146"}],"curies":[{"name":"wp","href":"https:\/\/api.w.org\/{rel}","templated":true}]}}