{"id":22159,"date":"2014-07-07T19:00:56","date_gmt":"2014-07-07T17:00:56","guid":{"rendered":"\/parlonsen\/?p=22159"},"modified":"2014-07-07T19:03:17","modified_gmt":"2014-07-07T17:03:17","slug":"les-mercredis-a-la-ferme-a-montauban-82","status":"publish","type":"post","link":"https:\/\/www.o-p-i.fr\/parlonsen\/parlons-en\/agriculture\/les-mercredis-a-la-ferme-a-montauban-82\/","title":{"rendered":"Les Mercredis \u00e0 la Ferme &#8230; \u00e0  Montauban (82)"},"content":{"rendered":"<p style=\"text-align: justify;\"><strong>Tous les mercredi de l&rsquo;\u00e9t\u00e9<\/strong>, \u00e0 partir de 16h,\u00a0 \u00e0 la Ferme du Ramier. <!--more--><\/p>\n<figure id=\"attachment_22160\" aria-describedby=\"caption-attachment-22160\" style=\"width: 300px\" class=\"wp-caption alignright\"><a href=\"https:\/\/i0.wp.com\/www.o-p-i.fr\/parlonsen\/wp-content\/uploads\/mercredisalaferme.jpg?ssl=1\"><img data-recalc-dims=\"1\" loading=\"lazy\" decoding=\"async\" class=\"size-medium wp-image-22160\" title=\"Les mercredis \u00e0 la Ferme du Ramier - Montauban (82)\" src=\"https:\/\/i0.wp.com\/www.o-p-i.fr\/parlonsen\/wp-content\/uploads\/mercredisalaferme.jpg?resize=300%2C104&#038;ssl=1\" alt=\"Les mercredis \u00e0 la Ferme du Ramier - Montauban (82)\" width=\"300\" height=\"104\" srcset=\"https:\/\/i0.wp.com\/www.o-p-i.fr\/parlonsen\/wp-content\/uploads\/mercredisalaferme.jpg?resize=300%2C104&amp;ssl=1 300w, https:\/\/i0.wp.com\/www.o-p-i.fr\/parlonsen\/wp-content\/uploads\/mercredisalaferme.jpg?w=500&amp;ssl=1 500w\" sizes=\"auto, (max-width: 300px) 100vw, 300px\" \/><\/a><figcaption id=\"caption-attachment-22160\" class=\"wp-caption-text\">Les mercredis \u00e0 la Ferme du Ramier - Montauban (82)<\/figcaption><\/figure>\n<p style=\"text-align: justify;\">Au programme d\u00e8s 16h, des jeux, une promenade en petit train, tous les animaux de la ferme \u00e0 d\u00e9couvrir et \u00e0 caresser, la visite de la ferme et de la fromagerie, d\u00e9couverte du robot de traite, de la cave d\u2019affinage et enfin pour le plaisir des papilles la d\u00e9gustation et la vente de bons fromages au lait cru.<br \/>\nApr\u00e8s toutes ces \u00e9motions, vous ne r\u00e9sisterez pas au go\u00fbter !<br \/>\n<strong><\/strong><\/p>\n<p><strong>Tarifs <\/strong>:  (d\u00e9gustation incluse)<br \/>\n4 \u20ac par personne<br \/>\nPass famille (2 adultes + 3 enfants) 10 \u20ac<\/p>\n<p><strong>Contact :<\/strong> La Ferme du Ramier<br \/>\n2250 route de St Etienne de Tulmont<br \/>\n82000 MONTAUBAN<br \/>\nT\u00e9l. : 05 63 03 14 49<br \/>\nSite : <a title=\"Ouvre le site dans une nouvelle fen\u00eatre\" href=\"http:\/\/www.latomeduramier.com\" target=\"_blank\">www.latomeduramier.com<\/a><\/p>\n<p><em>Communiqu\u00e9 par la Famille MARAVAL<\/em><\/p>\n","protected":false},"excerpt":{"rendered":"<div class=\"mh-excerpt\">Tous les mercredi de l&rsquo;\u00e9t\u00e9, \u00e0 partir de 16h,\u00a0 \u00e0 la Ferme du Ramier.<\/div>\n","protected":false},"author":2,"featured_media":0,"comment_status":"open","ping_status":"open","sticky":false,"template":"","format":"standard","meta":{"om_disable_all_campaigns":false,"advanced_seo_description":"","jetpack_seo_html_title":"","jetpack_seo_noindex":false,"_jetpack_memberships_contains_paid_content":false,"footnotes":"","_links_to":"","_links_to_target":""},"categories":[3,42,603,54,2054,2055],"tags":[99,145,323,895,896,1184,2136],"class_list":{"0":"post-22159","1":"post","2":"type-post","3":"status-publish","4":"format-standard","6":"category-agriculture","7":"category-a-cote-de-chez-nous","8":"category-vive-lete","9":"category-loisirs","10":"category-n-100-juillet-2014","11":"category-n-101-aout-2014","12":"tag-montauban","13":"tag-animation","14":"tag-enfant","15":"tag-ferme","16":"tag-visite","17":"tag-tome-du-ramier","18":"tag-animaux"},"jetpack_featured_media_url":"","views":{"total":0,"cached_at":"","cached_date":1738528216},"jetpack_likes_enabled":true,"jetpack_sharing_enabled":true,"jetpack_shortlink":"https:\/\/wp.me\/pg7Wxj-5Lp","jetpack-related-posts":[],"_links":{"self":[{"href":"https:\/\/www.o-p-i.fr\/parlonsen\/wp-json\/wp\/v2\/posts\/22159","targetHints":{"allow":["GET"]}}],"collection":[{"href":"https:\/\/www.o-p-i.fr\/parlonsen\/wp-json\/wp\/v2\/posts"}],"about":[{"href":"https:\/\/www.o-p-i.fr\/parlonsen\/wp-json\/wp\/v2\/types\/post"}],"author":[{"embeddable":true,"href":"https:\/\/www.o-p-i.fr\/parlonsen\/wp-json\/wp\/v2\/users\/2"}],"replies":[{"embeddable":true,"href":"https:\/\/www.o-p-i.fr\/parlonsen\/wp-json\/wp\/v2\/comments?post=22159"}],"version-history":[{"count":0,"href":"https:\/\/www.o-p-i.fr\/parlonsen\/wp-json\/wp\/v2\/posts\/22159\/revisions"}],"wp:attachment":[{"href":"https:\/\/www.o-p-i.fr\/parlonsen\/wp-json\/wp\/v2\/media?parent=22159"}],"wp:term":[{"taxonomy":"category","embeddable":true,"href":"https:\/\/www.o-p-i.fr\/parlonsen\/wp-json\/wp\/v2\/categories?post=22159"},{"taxonomy":"post_tag","embeddable":true,"href":"https:\/\/www.o-p-i.fr\/parlonsen\/wp-json\/wp\/v2\/tags?post=22159"}],"curies":[{"name":"wp","href":"https:\/\/api.w.org\/{rel}","templated":true}]}}