{"id":22296,"date":"2014-07-16T20:23:30","date_gmt":"2014-07-16T18:23:30","guid":{"rendered":"\/parlonsen\/?p=22296"},"modified":"2014-07-16T20:27:45","modified_gmt":"2014-07-16T18:27:45","slug":"matinees-detente-et-energie-a-monclar-de-quercy-82","status":"publish","type":"post","link":"https:\/\/www.o-p-i.fr\/parlonsen\/localisation\/au-pays-des-tescous\/monclar\/matinees-detente-et-energie-a-monclar-de-quercy-82\/","title":{"rendered":"Matin\u00e9es d\u00e9tente et \u00e9nergie &#8230; \u00e0 Monclar de Quercy (82)"},"content":{"rendered":"<p style=\"text-align: justify;\"><strong>Du 16 Juillet au 27 Aout 2014<\/strong>, tous les mercredis,de 9h \u00e0\u00a0 10h, venez \u00e0 la d\u00e9couverte du Do In.<!--more--><\/p>\n<p style=\"text-align: justify;\">\n<figure id=\"attachment_22297\" aria-describedby=\"caption-attachment-22297\" style=\"width: 250px\" class=\"wp-caption alignright\"><a href=\"https:\/\/i0.wp.com\/www.o-p-i.fr\/parlonsen\/wp-content\/uploads\/doin1.jpg?ssl=1\"><img data-recalc-dims=\"1\" loading=\"lazy\" decoding=\"async\" class=\"size-full wp-image-22297\" title=\"Do In \u00e0 Monclar de Quercy (82)\" src=\"https:\/\/i0.wp.com\/www.o-p-i.fr\/parlonsen\/wp-content\/uploads\/doin1.jpg?resize=250%2C152&#038;ssl=1\" alt=\"Do In \u00e0 Monclar de Quercy (82)\" width=\"250\" height=\"152\" \/><\/a><figcaption id=\"caption-attachment-22297\" class=\"wp-caption-text\">Do In \u00e0 Monclar de Quercy (82)<\/figcaption><\/figure>\n<p>Le Do In est un art \u00e9nerg\u00e9tique pour rel\u00e2cher les tensions et se faire du bien par des auto-massages et des assouplissements tr\u00e8s doux.<\/p>\n<p style=\"text-align: justify;\">Venir en tenue souple, chaussures plates et avec une chaise pliante.<\/p>\n<p style=\"text-align: justify;\">Avec Catherine Chaubet, Praticienne Shiatsu et Do In certifi\u00e9e.<\/p>\n<p style=\"text-align: justify;\">Convient \u00e0 tous.<\/p>\n<p style=\"text-align: justify;\"><strong> Pour y aller &#8230;<\/strong><br \/>\nEsplanade des 3 lacs<br \/>\n82230 MONCLAR DE QUERCY<\/p>\n<p style=\"text-align: justify;\"><strong>Tarifs :<\/strong><br \/>\n5 \u20ac<\/p>\n<p style=\"text-align: justify;\"><strong> Organisateur : <\/strong>Vivencia<\/p>\n<p style=\"text-align: justify;\"><strong> Contact  : <\/strong>CHAUBET Catherine<br \/>\nT\u00e9l. : 06 23 69 99 34<br \/>\nCourriel : <a href=\"mailto:cat.chaubet@gmail.com\">cat.chaubet@gmail.com<\/a><br \/>\nSite : <a title=\"Ouvre le site dans une nouvelle fen\u00eatre\" href=\"http:\/\/www.vivencia.fr\" target=\"_blank\">http:\/\/www.vivencia.fr<\/a><\/p>\n<p style=\"text-align: justify;\"><em>Communiqu\u00e9 par Catherine Chaubet<\/em><\/p>\n","protected":false},"excerpt":{"rendered":"<div class=\"mh-excerpt\">Du 16 Juillet au 27 Aout 2014, tous les mercredis,de 9h \u00e0\u00a0 10h, venez \u00e0 la d\u00e9couverte du Do In.<\/div>\n","protected":false},"author":2,"featured_media":0,"comment_status":"open","ping_status":"open","sticky":false,"template":"","format":"standard","meta":{"om_disable_all_campaigns":false,"advanced_seo_description":"","jetpack_seo_html_title":"","jetpack_seo_noindex":false,"_jetpack_memberships_contains_paid_content":false,"footnotes":"","_links_to":"","_links_to_target":""},"categories":[603,16,54,58,2054,2055],"tags":[88,89,143,1948],"class_list":{"0":"post-22296","1":"post","2":"type-post","3":"status-publish","4":"format-standard","6":"category-vive-lete","7":"category-monclar","8":"category-loisirs","9":"category-sante","10":"category-n-100-juillet-2014","11":"category-n-101-aout-2014","12":"tag-massage","13":"tag-bien-etre","14":"tag-monclar-de-quercy","15":"tag-do-in"},"jetpack_featured_media_url":"","views":{"total":0,"cached_at":"","cached_date":1738345967},"jetpack_likes_enabled":true,"jetpack_sharing_enabled":true,"jetpack_shortlink":"https:\/\/wp.me\/pg7Wxj-5NC","jetpack-related-posts":[],"_links":{"self":[{"href":"https:\/\/www.o-p-i.fr\/parlonsen\/wp-json\/wp\/v2\/posts\/22296","targetHints":{"allow":["GET"]}}],"collection":[{"href":"https:\/\/www.o-p-i.fr\/parlonsen\/wp-json\/wp\/v2\/posts"}],"about":[{"href":"https:\/\/www.o-p-i.fr\/parlonsen\/wp-json\/wp\/v2\/types\/post"}],"author":[{"embeddable":true,"href":"https:\/\/www.o-p-i.fr\/parlonsen\/wp-json\/wp\/v2\/users\/2"}],"replies":[{"embeddable":true,"href":"https:\/\/www.o-p-i.fr\/parlonsen\/wp-json\/wp\/v2\/comments?post=22296"}],"version-history":[{"count":0,"href":"https:\/\/www.o-p-i.fr\/parlonsen\/wp-json\/wp\/v2\/posts\/22296\/revisions"}],"wp:attachment":[{"href":"https:\/\/www.o-p-i.fr\/parlonsen\/wp-json\/wp\/v2\/media?parent=22296"}],"wp:term":[{"taxonomy":"category","embeddable":true,"href":"https:\/\/www.o-p-i.fr\/parlonsen\/wp-json\/wp\/v2\/categories?post=22296"},{"taxonomy":"post_tag","embeddable":true,"href":"https:\/\/www.o-p-i.fr\/parlonsen\/wp-json\/wp\/v2\/tags?post=22296"}],"curies":[{"name":"wp","href":"https:\/\/api.w.org\/{rel}","templated":true}]}}