{"id":2233,"date":"2010-02-13T21:57:43","date_gmt":"2010-02-13T19:57:43","guid":{"rendered":"\/parlonsen\/?p=2233"},"modified":"2011-01-25T11:26:56","modified_gmt":"2011-01-25T09:26:56","slug":"loto-des-aines-a-verlhac-tescou","status":"publish","type":"post","link":"https:\/\/www.o-p-i.fr\/parlonsen\/localisation\/au-pays-des-tescous\/verlhac-tescou\/loto-des-aines-a-verlhac-tescou\/","title":{"rendered":"Loto des Ain\u00e9s &#8230; \u00e0 Verlhac-Tescou"},"content":{"rendered":"<p>Les ain\u00e9s de Verlhac Tescou\u00a0 font leur loto le <strong>Dimanche 28 F\u00e9vrier<\/strong>,\u00a0 \u00e0 14h30 \u00e0\u00a0 la salle des f\u00eates du village.<!--more--><\/p>\n<p>Filets garnis,\u00a0 jambons, canards gras avec foie, longes de porc, 1 sortie au Pas de la Case pour 2 personnes, 1 bon d&rsquo;achat de 150 \u20ac,\u00a0 1 bon d&rsquo;achat de 100 \u20ac et nombreux autres lots.<\/p>\n<p>1 carton : 3 \u20ac<br \/>\n3 cartons : 8 \u20ac<br \/>\n7 cartons ou 1 plaque + 1 carton : 15 \u20ac<\/p>\n<p>Buvette, cr\u00eapes<\/p>\n<p><strong><a title=\"Ouvre l'agenda\" href=\"https:\/\/www.o-p-i.fr\/parlonsen\/agenda\/\">Voir tous\u00a0 les \u00e9v\u00e8nements\u00a0 dans l&rsquo;agenda<\/a><\/strong><\/p>\n","protected":false},"excerpt":{"rendered":"<div class=\"mh-excerpt\">Les ain\u00e9s de Verlhac Tescou\u00a0 font leur loto le Dimanche 28 F\u00e9vrier,\u00a0 \u00e0 14h30 \u00e0\u00a0 la salle des f\u00eates du village.<\/div>\n","protected":false},"author":3,"featured_media":0,"comment_status":"open","ping_status":"open","sticky":false,"template":"","format":"standard","meta":{"om_disable_all_campaigns":false,"advanced_seo_description":"","jetpack_seo_html_title":"","jetpack_seo_noindex":false,"_jetpack_memberships_contains_paid_content":false,"footnotes":"","_links_to":"","_links_to_target":""},"categories":[308,54,27],"tags":[82,2550,193,2561,568],"class_list":{"0":"post-2233","1":"post","2":"type-post","3":"status-publish","4":"format-standard","6":"category-308","7":"category-loisirs","8":"category-verlhac-tescou","9":"tag-aines","10":"tag-verlhac-tescou","11":"tag-loto","12":"tag-loisirs","13":"tag-sortie"},"jetpack_featured_media_url":"","views":{"total":0,"cached_at":"","cached_date":1738514692},"jetpack_likes_enabled":true,"jetpack_sharing_enabled":true,"jetpack_shortlink":"https:\/\/wp.me\/pg7Wxj-A1","jetpack-related-posts":[],"_links":{"self":[{"href":"https:\/\/www.o-p-i.fr\/parlonsen\/wp-json\/wp\/v2\/posts\/2233","targetHints":{"allow":["GET"]}}],"collection":[{"href":"https:\/\/www.o-p-i.fr\/parlonsen\/wp-json\/wp\/v2\/posts"}],"about":[{"href":"https:\/\/www.o-p-i.fr\/parlonsen\/wp-json\/wp\/v2\/types\/post"}],"author":[{"embeddable":true,"href":"https:\/\/www.o-p-i.fr\/parlonsen\/wp-json\/wp\/v2\/users\/3"}],"replies":[{"embeddable":true,"href":"https:\/\/www.o-p-i.fr\/parlonsen\/wp-json\/wp\/v2\/comments?post=2233"}],"version-history":[{"count":0,"href":"https:\/\/www.o-p-i.fr\/parlonsen\/wp-json\/wp\/v2\/posts\/2233\/revisions"}],"wp:attachment":[{"href":"https:\/\/www.o-p-i.fr\/parlonsen\/wp-json\/wp\/v2\/media?parent=2233"}],"wp:term":[{"taxonomy":"category","embeddable":true,"href":"https:\/\/www.o-p-i.fr\/parlonsen\/wp-json\/wp\/v2\/categories?post=2233"},{"taxonomy":"post_tag","embeddable":true,"href":"https:\/\/www.o-p-i.fr\/parlonsen\/wp-json\/wp\/v2\/tags?post=2233"}],"curies":[{"name":"wp","href":"https:\/\/api.w.org\/{rel}","templated":true}]}}