{"id":22365,"date":"2014-07-23T17:01:31","date_gmt":"2014-07-23T15:01:31","guid":{"rendered":"\/parlonsen\/?p=22365"},"modified":"2014-07-24T16:00:08","modified_gmt":"2014-07-24T14:00:08","slug":"cafetenango-des-cafes-du-guatemala-torrefies-en-quercy-a-monclar-de-quercy","status":"publish","type":"post","link":"https:\/\/www.o-p-i.fr\/parlonsen\/parlons-en\/commerce\/cafetenango-des-cafes-du-guatemala-torrefies-en-quercy-a-monclar-de-quercy\/","title":{"rendered":"Caf\u00e9T\u00e9nango, des caf\u00e9s du Guatemala torr\u00e9fi\u00e9s en Quercy &#8230; \u00e0 Monclar de Quercy (82)"},"content":{"rendered":"<p style=\"text-align: justify;\">Caf\u00e9T\u00e9nango, des caf\u00e9s du Guatemala torr\u00e9fi\u00e9s en Quercy et propos\u00e9s aux march\u00e9s occitans du dimanche matin \u00e0 Monclar de Quercy ! <!--more--><\/p>\n<p style=\"text-align: justify;\">\n<figure id=\"attachment_22367\" aria-describedby=\"caption-attachment-22367\" style=\"width: 150px\" class=\"wp-caption alignright\"><a href=\"https:\/\/i0.wp.com\/www.o-p-i.fr\/parlonsen\/wp-content\/uploads\/cafetenango.jpg?ssl=1\"><img data-recalc-dims=\"1\" loading=\"lazy\" decoding=\"async\" class=\"size-thumbnail wp-image-22367\" title=\"Caf\u00e9T\u00e9nango au Guat\u00e9mala\" src=\"https:\/\/i0.wp.com\/www.o-p-i.fr\/parlonsen\/wp-content\/uploads\/cafetenango.jpg?resize=150%2C150&#038;ssl=1\" alt=\"Caf\u00e9T\u00e9nango au Guat\u00e9mala\" width=\"150\" height=\"150\" srcset=\"https:\/\/i0.wp.com\/www.o-p-i.fr\/parlonsen\/wp-content\/uploads\/cafetenango.jpg?resize=150%2C150&amp;ssl=1 150w, https:\/\/i0.wp.com\/www.o-p-i.fr\/parlonsen\/wp-content\/uploads\/cafetenango.jpg?zoom=2&amp;resize=150%2C150&amp;ssl=1 300w, https:\/\/i0.wp.com\/www.o-p-i.fr\/parlonsen\/wp-content\/uploads\/cafetenango.jpg?zoom=3&amp;resize=150%2C150&amp;ssl=1 450w\" sizes=\"auto, (max-width: 150px) 100vw, 150px\" \/><\/a><figcaption id=\"caption-attachment-22367\" class=\"wp-caption-text\">Caf\u00e9T\u00e9nango au Guat\u00e9mala<\/figcaption><\/figure>\n<figure id=\"attachment_22368\" aria-describedby=\"caption-attachment-22368\" style=\"width: 150px\" class=\"wp-caption alignright\"><a href=\"https:\/\/i0.wp.com\/www.o-p-i.fr\/parlonsen\/wp-content\/uploads\/cafetenangoalbias.jpg?ssl=1\"><img data-recalc-dims=\"1\" loading=\"lazy\" decoding=\"async\" class=\"size-thumbnail wp-image-22368\" title=\"Caf\u00e9T\u00e9nango \u00e0 Monclar de Quercy \" src=\"https:\/\/i0.wp.com\/www.o-p-i.fr\/parlonsen\/wp-content\/uploads\/cafetenangoalbias.jpg?resize=150%2C150&#038;ssl=1\" alt=\"Caf\u00e9T\u00e9nango \u00e0 Monclar de Quercy \" width=\"150\" height=\"150\" srcset=\"https:\/\/i0.wp.com\/www.o-p-i.fr\/parlonsen\/wp-content\/uploads\/cafetenangoalbias.jpg?resize=150%2C150&amp;ssl=1 150w, https:\/\/i0.wp.com\/www.o-p-i.fr\/parlonsen\/wp-content\/uploads\/cafetenangoalbias.jpg?zoom=2&amp;resize=150%2C150&amp;ssl=1 300w, https:\/\/i0.wp.com\/www.o-p-i.fr\/parlonsen\/wp-content\/uploads\/cafetenangoalbias.jpg?zoom=3&amp;resize=150%2C150&amp;ssl=1 450w\" sizes=\"auto, (max-width: 150px) 100vw, 150px\" \/><\/a><figcaption id=\"caption-attachment-22368\" class=\"wp-caption-text\">Caf\u00e9T\u00e9nango \u00e0 Monclar de Quercy <\/figcaption><\/figure>\n<p style=\"text-align: justify;\">C&rsquo;est sur la commune d\u00b4Albias que le couple franco-guat\u00e9malt\u00e8que Laurent et Evelyn Va\u00efsse ont install\u00e9 leur torr\u00e9faction de caf\u00e9. Ils grillent ici de petits lots de caf\u00e9s gourmets, s\u00e9lectionn\u00e9s par leurs soins chez quatre producteurs du Guatemala.<\/p>\n<p style=\"text-align: justify;\"><strong>Qu\u00b4est-ce qui vous a men\u00e9 au m\u00e9tier de torr\u00e9facteurs \u00e0 Albias ?<\/strong><\/p>\n<p style=\"text-align: justify;\">Laurent : \u00ab Il y a tout juste un an, nous \u00e9tions encore au Guatemala, en train de pr\u00e9parer notre projet d\u2019 entreprise \u00abCaf\u00e9T\u00e9nango\u00bb, et aussi nos valises, puisque nous souhaitions revenir en France et nous installer dans le Sud-Ouest pour monter notre torr\u00e9faction de caf\u00e9s.<\/p>\n<p style=\"text-align: justify;\">Evelyn : L\u00b4univers du caf\u00e9, c\u00b4\u00e9tait au d\u00e9part un hobby, on cherchait toujours \u00e0 d\u00e9couvrir de nouveaux caf\u00e9s, de nouvelles fincas, leurs particularit\u00e9s\u2026 c\u00b4\u00e9tait juste un passe-temps. Et lorsque nous avons d\u00e9cid\u00e9 d\u00b4en faire notre m\u00e9tier, nous avons suivi plusieurs modules de formation \u00e0 l\u00b4\u00e9cole du caf\u00e9, au Guatemala (Torr\u00e9facteur \/ Barista \u2013 \u00absommeliers du caf\u00e9\u00bb). En parall\u00e8le, nous pr\u00e9parions notre importation de caf\u00e9 directement avec des producteurs locaux que nous avions rep\u00e9r\u00e9, sur des crit\u00e8res de qualit\u00e9 et aussi d\u00b4\u00e9thique. \u00bb<\/p>\n<p style=\"text-align: justify;\"><strong>Tous vos caf\u00e9s sont donc issus du Guatemala ?<\/strong><\/p>\n<p style=\"text-align: justify;\">Evelyn : \u00ab Oui, tous du Guatemala, tous arabicas, tous issus de plantations d\u00b4altitude, mais de terroirs et producteurs diff\u00e9rents!  Le pays est petit, tr\u00e8s montagneux, mais il renferme huit appellations d\u00b4origine et des milliers de fincas (plantations).  Un peu comme les vins en France, on trouve une grande diversit\u00e9 de terroirs. Nos caf\u00e9s de sp\u00e9cialit\u00e9 sont assez typ\u00e9s, il ne s\u00b4agit pas de m\u00e9langes ou de simples caf\u00e9s d\u00b4origine mais de caf\u00e9s de fincas, chacun issu d\u00b4une seule plantation. \u00bb<\/p>\n<p style=\"text-align: justify;\"><strong>Comment se passe la torr\u00e9faction de vos caf\u00e9s ?<\/strong><\/p>\n<p style=\"text-align: justify;\">Laurent : \u00ab Les lots de caf\u00e9s arrivent ici \u00abverts\u00bb. Nous sommes \u00e9quip\u00e9s d\u00b4un ancien torr\u00e9facteur  r\u00e9nov\u00e9 \u00e0 neuf en 2013, que nous utilisons environ deux fois par semaine ou selon la demande. C\u00b4est une machine de petite capacit\u00e9 qui nous permet de bien maitriser nos torr\u00e9factions et d\u00b4avoir des cuissons tr\u00e8s homog\u00e8nes.\u00bb<\/p>\n<p style=\"text-align: justify;\">Evelyn : \u00ab Nous essayons toujours de faire ressortir les caract\u00e9ristiques intrins\u00e8ques des grains de caf\u00e9 en adaptant les temp\u00e9ratures et temps de cuisson selon les lots. Les m\u00e9thodes de pr\u00e9paration peuvent aussi jouer sur les go\u00fbts en tasse mais \u00e7a, c\u00b4est une autre histoire\u2026 \u00bb<\/p>\n<p style=\"text-align: justify;\"><strong>O\u00f9 trouver vos caf\u00e9s ?<\/strong><\/p>\n<p style=\"text-align: justify;\">Vous pouvez nous retrouver sur les march\u00e9s du Tarn-et-Garonne (Caussade, Castelsarrasin, Montricoux, Montauban et les dimanches matin de juillet et ao\u00fbt aux march\u00e9s occitans de Monclar de Quercy\u2026) ou alors directement \u00e0 la torr\u00e9faction \u00e0 Albias, o\u00f9 nous vous recevons les apr\u00e8s-midi de 15h\u00a0 \u00e0 19h.<\/p>\n<p style=\"text-align: justify;\">Prix des caf\u00e9s : de 4 \u00e0 6 \u20ac \/ 250g.<br \/>\nEn grain ou moulu.<\/p>\n<p><strong>Contact :<\/strong> Caf\u00e9T\u00e9nango<br \/>\n650 rte de N\u00e8grepelisse<br \/>\n82350 ALBIAS<br \/>\nSite : <a title=\"Ouvre le site dans une nouvelle fen\u00eatre\" href=\"http:\/\/www.cafetenango.fr \" target=\"_blank\">www.cafetenango.fr <\/a><\/p>\n<p><em>Communiqu\u00e9 par Robert Linas<\/em><\/p>\n","protected":false},"excerpt":{"rendered":"<div class=\"mh-excerpt\">Caf\u00e9T\u00e9nango, des caf\u00e9s du Guatemala torr\u00e9fi\u00e9s en Quercy et propos\u00e9s aux march\u00e9s occitans du dimanche matin \u00e0 Monclar de Quercy !<\/div>\n","protected":false},"author":2,"featured_media":0,"comment_status":"open","ping_status":"open","sticky":false,"template":"","format":"standard","meta":{"om_disable_all_campaigns":false,"advanced_seo_description":"","jetpack_seo_html_title":"","jetpack_seo_noindex":false,"_jetpack_memberships_contains_paid_content":false,"footnotes":"","_links_to":"","_links_to_target":""},"categories":[51,4,42,603,2054,2055],"tags":[2540,640,937,2147,2148],"class_list":{"0":"post-22365","1":"post","2":"type-post","3":"status-publish","4":"format-standard","6":"category-artisanat","7":"category-commerce","8":"category-a-cote-de-chez-nous","9":"category-vive-lete","10":"category-n-100-juillet-2014","11":"category-n-101-aout-2014","12":"tag-commerce","13":"tag-albias","14":"tag-commerce-equitable","15":"tag-cafe","16":"tag-guatemala"},"jetpack_featured_media_url":"","views":{"total":0,"cached_at":"","cached_date":1738484084},"jetpack_likes_enabled":true,"jetpack_sharing_enabled":true,"jetpack_shortlink":"https:\/\/wp.me\/pg7Wxj-5OJ","jetpack-related-posts":[],"_links":{"self":[{"href":"https:\/\/www.o-p-i.fr\/parlonsen\/wp-json\/wp\/v2\/posts\/22365","targetHints":{"allow":["GET"]}}],"collection":[{"href":"https:\/\/www.o-p-i.fr\/parlonsen\/wp-json\/wp\/v2\/posts"}],"about":[{"href":"https:\/\/www.o-p-i.fr\/parlonsen\/wp-json\/wp\/v2\/types\/post"}],"author":[{"embeddable":true,"href":"https:\/\/www.o-p-i.fr\/parlonsen\/wp-json\/wp\/v2\/users\/2"}],"replies":[{"embeddable":true,"href":"https:\/\/www.o-p-i.fr\/parlonsen\/wp-json\/wp\/v2\/comments?post=22365"}],"version-history":[{"count":0,"href":"https:\/\/www.o-p-i.fr\/parlonsen\/wp-json\/wp\/v2\/posts\/22365\/revisions"}],"wp:attachment":[{"href":"https:\/\/www.o-p-i.fr\/parlonsen\/wp-json\/wp\/v2\/media?parent=22365"}],"wp:term":[{"taxonomy":"category","embeddable":true,"href":"https:\/\/www.o-p-i.fr\/parlonsen\/wp-json\/wp\/v2\/categories?post=22365"},{"taxonomy":"post_tag","embeddable":true,"href":"https:\/\/www.o-p-i.fr\/parlonsen\/wp-json\/wp\/v2\/tags?post=22365"}],"curies":[{"name":"wp","href":"https:\/\/api.w.org\/{rel}","templated":true}]}}