{"id":2239,"date":"2010-02-13T22:10:43","date_gmt":"2010-02-13T20:10:43","guid":{"rendered":"\/parlonsen\/?p=2239"},"modified":"2010-02-14T16:53:11","modified_gmt":"2010-02-14T14:53:11","slug":"vide-grenier-a-monclar-de-quercy","status":"publish","type":"post","link":"https:\/\/www.o-p-i.fr\/parlonsen\/parlons-en\/commerce\/vide-grenier-a-monclar-de-quercy\/","title":{"rendered":"Vide Grenier &#8230; \u00e0 Monclar de Quercy"},"content":{"rendered":"<p style=\"text-align: justify;\">Le dimanche 7 mars 2010 aura lieu \u00e0 Monclar de Quercy le premier grand vide grenier de l&rsquo;ann\u00e9e. Organis\u00e9 par la nouvelle association<!--more-->, A.F.M qui compte sur votre soutien car cela leur permettra d&rsquo;organiser des f\u00eates en \u00e9t\u00e9. Plusieurs projets sont en cours dont certains vous \u00e9tonneront et l&rsquo;association A.F.M fera son possible pour animer le village et permettre \u00e0 tous de passer de bons moments.<\/p>\n<p style=\"text-align: justify;\">\n<figure id=\"attachment_2256\" aria-describedby=\"caption-attachment-2256\" style=\"width: 400px\" class=\"wp-caption alignleft\"><img data-recalc-dims=\"1\" loading=\"lazy\" decoding=\"async\" class=\"size-full wp-image-2256\" title=\"Photo : Gilbert Aubert\" src=\"https:\/\/i0.wp.com\/www.o-p-i.fr\/parlonsen\/wp-content\/uploads\/vide-grenier-monclar.jpg?resize=400%2C267&#038;ssl=1\" alt=\"Photo : Gilbert Aubert\" width=\"400\" height=\"267\" srcset=\"https:\/\/i0.wp.com\/www.o-p-i.fr\/parlonsen\/wp-content\/uploads\/vide-grenier-monclar.jpg?w=400&amp;ssl=1 400w, https:\/\/i0.wp.com\/www.o-p-i.fr\/parlonsen\/wp-content\/uploads\/vide-grenier-monclar.jpg?resize=300%2C200&amp;ssl=1 300w\" sizes=\"auto, (max-width: 400px) 100vw, 400px\" \/><figcaption id=\"caption-attachment-2256\" class=\"wp-caption-text\">Photo : Gilbert Aubert<\/figcaption><\/figure>\n<p style=\"text-align: justify;\">Pour le VIDE GRENIER vous pouvez demander votre bulletin d&rsquo;inscription, d\u00e8s \u00e0 pr\u00e9sent, \u00e0 Monsieur AUBERT Gilbert au 05.63.30.44.16 (r\u00e9pondeur) ou au 06.33.83.28.81. Si vous pr\u00e9f\u00e9rez utiliser internet l&rsquo;adresse \u00e0 utiliser pour la demande d&rsquo;inscription est : trebua.24@free.fr le bulletin vous sera adress\u00e9 par le m\u00eame moyen et vous pourrez le compl\u00e9ter directement sur votre ordinateur et l&rsquo;envoyer par courrier avec votre r\u00e8glement. Mais aussi vous pouvez appeler le 05 63 24 11 75.<br \/>\nVous trouverez sur place de quoi vous restaurer (frites, saucisses, casse-cro\u00fbte,\u00a0 boissons, etc&#8230;.)<\/p>\n<p style=\"text-align: justify;\">\n<p style=\"text-align: justify;\"><em>Communiqu\u00e9 :\u00a0 Gilbert Aubert<\/em><\/p>\n<p style=\"text-align: justify;\"><strong>Contact : <a title=\"En savoir + sur l'association\" href=\"https:\/\/www.o-p-i.fr\/aupays\/annuaire\/loisirs\/afm-association-festive-de-monclar-de-quercy\/\" target=\"_self\">AFM<\/a><\/strong><\/p>\n<p style=\"text-align: justify;\"><strong><a href=\"https:\/\/www.o-p-i.fr\/parlonsen\/agenda\/\">Voir tous les \u00e9v\u00e8nements dans l&rsquo;agenda !<\/a><br \/>\n<\/strong><\/p>\n","protected":false},"excerpt":{"rendered":"<div class=\"mh-excerpt\">Le dimanche 7 mars 2010 aura lieu \u00e0 Monclar de Quercy le premier grand vide grenier de l&rsquo;ann\u00e9e. Organis\u00e9 par la nouvelle association<\/div>\n","protected":false},"author":8,"featured_media":0,"comment_status":"open","ping_status":"open","sticky":false,"template":"","format":"standard","meta":{"om_disable_all_campaigns":false,"advanced_seo_description":"","jetpack_seo_html_title":"","jetpack_seo_noindex":false,"_jetpack_memberships_contains_paid_content":false,"footnotes":"","_links_to":"","_links_to_target":""},"categories":[308,4,16],"tags":[143],"class_list":{"0":"post-2239","1":"post","2":"type-post","3":"status-publish","4":"format-standard","6":"category-308","7":"category-commerce","8":"category-monclar","9":"tag-monclar-de-quercy"},"jetpack_featured_media_url":"","views":{"total":0,"cached_at":"","cached_date":1738514678},"jetpack_likes_enabled":true,"jetpack_sharing_enabled":true,"jetpack_shortlink":"https:\/\/wp.me\/pg7Wxj-A7","jetpack-related-posts":[],"_links":{"self":[{"href":"https:\/\/www.o-p-i.fr\/parlonsen\/wp-json\/wp\/v2\/posts\/2239","targetHints":{"allow":["GET"]}}],"collection":[{"href":"https:\/\/www.o-p-i.fr\/parlonsen\/wp-json\/wp\/v2\/posts"}],"about":[{"href":"https:\/\/www.o-p-i.fr\/parlonsen\/wp-json\/wp\/v2\/types\/post"}],"author":[{"embeddable":true,"href":"https:\/\/www.o-p-i.fr\/parlonsen\/wp-json\/wp\/v2\/users\/8"}],"replies":[{"embeddable":true,"href":"https:\/\/www.o-p-i.fr\/parlonsen\/wp-json\/wp\/v2\/comments?post=2239"}],"version-history":[{"count":0,"href":"https:\/\/www.o-p-i.fr\/parlonsen\/wp-json\/wp\/v2\/posts\/2239\/revisions"}],"wp:attachment":[{"href":"https:\/\/www.o-p-i.fr\/parlonsen\/wp-json\/wp\/v2\/media?parent=2239"}],"wp:term":[{"taxonomy":"category","embeddable":true,"href":"https:\/\/www.o-p-i.fr\/parlonsen\/wp-json\/wp\/v2\/categories?post=2239"},{"taxonomy":"post_tag","embeddable":true,"href":"https:\/\/www.o-p-i.fr\/parlonsen\/wp-json\/wp\/v2\/tags?post=2239"}],"curies":[{"name":"wp","href":"https:\/\/api.w.org\/{rel}","templated":true}]}}