{"id":22422,"date":"2014-07-29T15:38:41","date_gmt":"2014-07-29T13:38:41","guid":{"rendered":"\/parlonsen\/?p=22422"},"modified":"2014-07-31T00:25:41","modified_gmt":"2014-07-30T22:25:41","slug":"festivete-2014-a-salvagnac-81","status":"publish","type":"post","link":"https:\/\/www.o-p-i.fr\/parlonsen\/localisation\/au-pays-des-tescous\/salvagnac\/festivete-2014-a-salvagnac-81\/","title":{"rendered":"Festiv&rsquo;\u00e9t\u00e9 2014  &#8230; \u00e0 Salvagnac (81)"},"content":{"rendered":"<p>Le Comit\u00e9 des F\u00eates de Salvagnac vous attend nombreux <strong>du 1er au 4 Ao\u00fbt 2014<\/strong>.<!--more--><\/p>\n<figure id=\"attachment_22423\" aria-describedby=\"caption-attachment-22423\" style=\"width: 273px\" class=\"wp-caption alignright\"><a href=\"https:\/\/i0.wp.com\/www.o-p-i.fr\/parlonsen\/wp-content\/uploads\/festivete2014.jpg?ssl=1\"><img data-recalc-dims=\"1\" loading=\"lazy\" decoding=\"async\" class=\"size-full wp-image-22423  \" title=\"Festiv'\u00e9t\u00e9 2014 \u00e0 Salvagnac (81)\" src=\"https:\/\/i0.wp.com\/www.o-p-i.fr\/parlonsen\/wp-content\/uploads\/festivete2014.jpg?resize=273%2C384&#038;ssl=1\" alt=\"Festiv'\u00e9t\u00e9 2014 \u00e0 Salvagnac (81)\" width=\"273\" height=\"384\" srcset=\"https:\/\/i0.wp.com\/www.o-p-i.fr\/parlonsen\/wp-content\/uploads\/festivete2014.jpg?w=568&amp;ssl=1 568w, https:\/\/i0.wp.com\/www.o-p-i.fr\/parlonsen\/wp-content\/uploads\/festivete2014.jpg?resize=213%2C300&amp;ssl=1 213w\" sizes=\"auto, (max-width: 273px) 100vw, 273px\" \/><\/a><figcaption id=\"caption-attachment-22423\" class=\"wp-caption-text\">Festiv&#39;\u00e9t\u00e9 2014 \u00e0 Salvagnac (81)<\/figcaption><\/figure>\n<p><span class=\"fsl\"><strong>F\u00eate foraine du 1 au 4 ao\u00fbt inclus <\/strong><\/span><\/p>\n<ul>\n<li><span class=\"fsl\"> <strong>Vendredi 1 ao\u00fbt  :<\/strong><\/span><\/li>\n<\/ul>\n<p><span class=\"fsl\"><strong> <\/strong>20h : Repas moules frites suivi d&rsquo;une soir\u00e9e disco-br\u00e9silienne<\/span><\/p>\n<ul>\n<li><span class=\"fsl\"><span class=\"text_exposed_show\"> <strong>Samedi 2 ao\u00fbt :<\/strong><\/span><\/span><\/li>\n<\/ul>\n<p><span class=\"fsl\"><span class=\"text_exposed_show\"> 14h30 : Concours de p\u00e9tanque<br \/>\n16h : Loto des enfants<br \/>\n22h : Disco mobile avec IMPACKT<\/span><\/span><\/p>\n<ul>\n<li><span class=\"fsl\"><span class=\"text_exposed_show\"> <strong>Dimanche 3 ao\u00fbt :<\/strong><\/span><\/span><\/li>\n<\/ul>\n<p><span class=\"fsl\"><span class=\"text_exposed_show\"> 14h30 : Concours de p\u00e9tanque<br \/>\n22h : Concert de Rock avec ABYSS<\/span><\/span><\/p>\n<ul>\n<li><span class=\"fsl\"><span class=\"text_exposed_show\"> <strong>Lundi 4 ao\u00fbt :<\/strong><\/span><\/span><\/li>\n<\/ul>\n<p><span class=\"fsl\"><span class=\"text_exposed_show\"> Ap\u00e9ro concert avec LES CHARETTES<br \/>\n22h30 : Feu d&rsquo;artifice<br \/>\n23h : Rock and roll party avec BACKSTAGE<\/span><\/span><\/p>\n<p><strong>Contact : <\/strong>Comit\u00e9 des f\u00eates<br \/>\nT\u00e9l. : 06 43 46 32 03 (<strong> <\/strong>Sarah)<\/p>\n<p><em>Source : <a title=\"Ouvre le site dans une nouvelle fen\u00eatre\" href=\"https:\/\/www.facebook.com\/pages\/Comit%C3%A9-des-f%C3%AAtes-de-Salvagnac\/276774522477878?fref=ts\" target=\"_blank\">Facebook du Comit\u00e9<\/a><\/em><\/p>\n","protected":false},"excerpt":{"rendered":"<div class=\"mh-excerpt\">Le Comit\u00e9 des F\u00eates de Salvagnac vous attend nombreux du 1er au 4 Ao\u00fbt 2014.<\/div>\n","protected":false},"author":2,"featured_media":0,"comment_status":"open","ping_status":"open","sticky":false,"template":"","format":"standard","meta":{"om_disable_all_campaigns":false,"advanced_seo_description":"","jetpack_seo_html_title":"","jetpack_seo_noindex":false,"_jetpack_memberships_contains_paid_content":false,"footnotes":"","_links_to":"","_links_to_target":""},"categories":[603,54,25,2055],"tags":[43,56,2548,156,157,193,617,1007,1736,1825],"class_list":{"0":"post-22422","1":"post","2":"type-post","3":"status-publish","4":"format-standard","6":"category-vive-lete","7":"category-loisirs","8":"category-salvagnac","9":"category-n-101-aout-2014","10":"tag-concert","11":"tag-fete","12":"tag-salvagnac","13":"tag-bal","14":"tag-repas","15":"tag-loto","16":"tag-feu-dartifice","17":"tag-fete-foraine","18":"tag-concours-de-petanque","19":"tag-apero-concert"},"jetpack_featured_media_url":"","views":{"total":0,"cached_at":"","cached_date":1738193605},"jetpack_likes_enabled":true,"jetpack_sharing_enabled":true,"jetpack_shortlink":"https:\/\/wp.me\/pg7Wxj-5PE","jetpack-related-posts":[],"_links":{"self":[{"href":"https:\/\/www.o-p-i.fr\/parlonsen\/wp-json\/wp\/v2\/posts\/22422","targetHints":{"allow":["GET"]}}],"collection":[{"href":"https:\/\/www.o-p-i.fr\/parlonsen\/wp-json\/wp\/v2\/posts"}],"about":[{"href":"https:\/\/www.o-p-i.fr\/parlonsen\/wp-json\/wp\/v2\/types\/post"}],"author":[{"embeddable":true,"href":"https:\/\/www.o-p-i.fr\/parlonsen\/wp-json\/wp\/v2\/users\/2"}],"replies":[{"embeddable":true,"href":"https:\/\/www.o-p-i.fr\/parlonsen\/wp-json\/wp\/v2\/comments?post=22422"}],"version-history":[{"count":0,"href":"https:\/\/www.o-p-i.fr\/parlonsen\/wp-json\/wp\/v2\/posts\/22422\/revisions"}],"wp:attachment":[{"href":"https:\/\/www.o-p-i.fr\/parlonsen\/wp-json\/wp\/v2\/media?parent=22422"}],"wp:term":[{"taxonomy":"category","embeddable":true,"href":"https:\/\/www.o-p-i.fr\/parlonsen\/wp-json\/wp\/v2\/categories?post=22422"},{"taxonomy":"post_tag","embeddable":true,"href":"https:\/\/www.o-p-i.fr\/parlonsen\/wp-json\/wp\/v2\/tags?post=22422"}],"curies":[{"name":"wp","href":"https:\/\/api.w.org\/{rel}","templated":true}]}}