{"id":22439,"date":"2014-08-27T16:02:25","date_gmt":"2014-08-27T14:02:25","guid":{"rendered":"\/parlonsen\/?p=22439"},"modified":"2014-08-27T17:27:54","modified_gmt":"2014-08-27T15:27:54","slug":"course-en-foret-de-gresigne-a-larroque-82","status":"publish","type":"post","link":"https:\/\/www.o-p-i.fr\/parlonsen\/localisation\/a-cote-de-chez-nous\/course-en-foret-de-gresigne-a-larroque-82\/","title":{"rendered":"Course en For\u00eat de Gr\u00e9signe  &#8230; \u00e0 Larroque (82)"},"content":{"rendered":"<p style=\"text-align: justify;\">La 8\u00e8me \u00e9dition de la course\u00a0 nature de Larroque se d\u00e9roulera le <strong>Dimanche 31 a\u00f4ut 2014<\/strong>.  <!--more--><\/p>\n<p style=\"text-align: justify;\">Connaissez-vous un petit village tout en pierres de la basse vall\u00e9e de la V\u00e8re entre Puycelsi et Bruniquel, qui se niche au pied d&rsquo;une haute falaise de calcaire ocre et rose&#8230;.et qui voit \u00e0 son pied couler la V\u00e8re..? R\u00e9ponse&#8230;.<\/p>\n<p style=\"text-align: justify;\">\n<figure id=\"attachment_22440\" aria-describedby=\"caption-attachment-22440\" style=\"width: 300px\" class=\"wp-caption alignright\"><a href=\"https:\/\/i0.wp.com\/www.o-p-i.fr\/parlonsen\/wp-content\/uploads\/courselarroque2011.jpg?ssl=1\"><img data-recalc-dims=\"1\" loading=\"lazy\" decoding=\"async\" class=\"size-medium wp-image-22440\" title=\"Course Nature de Larroque 2011. Club Athl\u00e9tique Caussadais\" src=\"https:\/\/i0.wp.com\/www.o-p-i.fr\/parlonsen\/wp-content\/uploads\/courselarroque2011.jpg?resize=300%2C225&#038;ssl=1\" alt=\"Course Nature de Larroque 2011. Club Athl\u00e9tique Caussadais\" width=\"300\" height=\"225\" srcset=\"https:\/\/i0.wp.com\/www.o-p-i.fr\/parlonsen\/wp-content\/uploads\/courselarroque2011.jpg?resize=300%2C225&amp;ssl=1 300w, https:\/\/i0.wp.com\/www.o-p-i.fr\/parlonsen\/wp-content\/uploads\/courselarroque2011.jpg?w=600&amp;ssl=1 600w\" sizes=\"auto, (max-width: 300px) 100vw, 300px\" \/><\/a><figcaption id=\"caption-attachment-22440\" class=\"wp-caption-text\">Course Nature de Larroque 2011. Club Athl\u00e9tique Caussadais<\/figcaption><\/figure>\n<p style=\"text-align: justify;\">Larroque ! C&rsquo; est l\u00e0 , o\u00f9 plut\u00f4t sur le haut de sa falaise qu&rsquo;aura lieu le dimanche 31 ao\u00fbt  2014, la huiti\u00e8me course en for\u00eat de Gr\u00e9signe, avec le soutien et l&rsquo;aide de notre Comit\u00e9 des F\u00eates et de son Pr\u00e9sident&#8230;.alors comme les ann\u00e9es pr\u00e9c\u00e9dentes&#8230; c&rsquo;est avec un tr\u00e8s grand plaisir que nous vous acceuillerons&#8230;.pour partager avec vous et vos familles une tr\u00e8s agr\u00e9able journ\u00e9e.<br \/>\nPour les accompagnants des coureurs, mais aussi pour les randonneurs, une marche en for\u00eat accompagn\u00e9e et accessible \u00e0  toutes et \u00e0 tous est pr\u00e9vue.<br \/>\nApr\u00e8s la remise des r\u00e9compenses \u00e0 l&rsquo;arriv\u00e9e de la course&#8230;ce moment de convivialit\u00e9 sera prolong\u00e9, pour ceux qui le d\u00e9sirent et pour un prix modique, par une restauration rapide et musicale sur l&rsquo; aire de l&rsquo; arboretum de La Pradelles au Vieux Village de Larroque, o\u00f9 douche et toilette seront mis \u00e0 disposition.<\/p>\n<p style=\"text-align: justify;\">Pour consulter les photos des courses pr\u00e9c\u00e9dentes, rendez-vous sur le site : <a title=\"Ouvre le site dans une nouvelle fen\u00eatre\" href=\"http:\/\/www.larroque81.org\/\" target=\"_blank\">http:\/\/www.larroque81.org\/<\/a><\/p>\n<p><strong>En pratique &#8230;<\/strong><br \/>\nD\u00e9part et Arriv\u00e9e Hameau de Mespel<\/p>\n<p>Course en ligne Individuelle 10 Km en for\u00eat de Gr\u00e9signe<br \/>\nPr\u00e9-Inscription  par t\u00e9l\u00e9phone et inscription le jour de la course entre 8 et 10h ou directement sur le site (<a title=\"Ouvre le site dans une nouvelle fen\u00eatre\" href=\"http:\/\/www.larroque81.org\/spip.php?article218&amp;lang=fr\" target=\"_blank\">cliquez ici<\/a>).<br \/>\nCertificat m\u00e9dical obligatoire<br \/>\nD\u00e9part de la course : 10h<\/p>\n<p>Course pour les enfants encadr\u00e9e gratuite<br \/>\nD\u00e9part : 11h30<\/p>\n<p>Randonn\u00e9e P\u00e9destre<br \/>\nD\u00e9part\u00a0 :\u00a0 9h30<\/p>\n<p>Remise des coupes et r\u00e9compenses \u00e0 midi<\/p>\n<p>Possibilit\u00e9 de restauration rapide au Vieux Village<\/p>\n<p><strong>Tarifs :<\/strong><br \/>\nCourses : 10 \u20ac<br \/>\nRandonn\u00e9e : 3 \u20ac<\/p>\n<p><strong>Contact :<\/strong> M. Jacques Chambon<br \/>\nT\u00e9l. : 05.63.41.96.35<br \/>\nCourriel : <a href=\"mailto:edwige.pavan@orange.fr\">edwige.pavan@orange.fr<\/a><br \/>\nSite : <a href=\"http:\/\/larroque81.org\">http:\/\/larroque81.org<\/a><\/p>\n<p style=\"text-align: justify;\"><em>Communiqu\u00e9 de M. Jacques Chambon pour l&rsquo;organisation.<\/em><\/p>\n","protected":false},"excerpt":{"rendered":"<div class=\"mh-excerpt\">La 8\u00e8me \u00e9dition de la course\u00a0 nature de Larroque se d\u00e9roulera le Dimanche 31 a\u00f4ut 2014.<\/div>\n","protected":false},"author":2,"featured_media":0,"comment_status":"open","ping_status":"open","sticky":false,"template":"","format":"standard","meta":{"om_disable_all_campaigns":false,"advanced_seo_description":"","jetpack_seo_html_title":"","jetpack_seo_noindex":false,"_jetpack_memberships_contains_paid_content":false,"footnotes":"","_links_to":"","_links_to_target":""},"categories":[42,603,54,53,2055],"tags":[166,323,482,558,641,762],"class_list":{"0":"post-22439","1":"post","2":"type-post","3":"status-publish","4":"format-standard","6":"category-a-cote-de-chez-nous","7":"category-vive-lete","8":"category-loisirs","9":"category-sports","10":"category-n-101-aout-2014","11":"tag-randonnee","12":"tag-enfant","13":"tag-gresigne","14":"tag-larroque","15":"tag-course","16":"tag-randonnee-pedestre"},"jetpack_featured_media_url":"","views":{"total":0,"cached_at":"","cached_date":1738527950},"jetpack_likes_enabled":true,"jetpack_sharing_enabled":true,"jetpack_shortlink":"https:\/\/wp.me\/pg7Wxj-5PV","jetpack-related-posts":[],"_links":{"self":[{"href":"https:\/\/www.o-p-i.fr\/parlonsen\/wp-json\/wp\/v2\/posts\/22439","targetHints":{"allow":["GET"]}}],"collection":[{"href":"https:\/\/www.o-p-i.fr\/parlonsen\/wp-json\/wp\/v2\/posts"}],"about":[{"href":"https:\/\/www.o-p-i.fr\/parlonsen\/wp-json\/wp\/v2\/types\/post"}],"author":[{"embeddable":true,"href":"https:\/\/www.o-p-i.fr\/parlonsen\/wp-json\/wp\/v2\/users\/2"}],"replies":[{"embeddable":true,"href":"https:\/\/www.o-p-i.fr\/parlonsen\/wp-json\/wp\/v2\/comments?post=22439"}],"version-history":[{"count":0,"href":"https:\/\/www.o-p-i.fr\/parlonsen\/wp-json\/wp\/v2\/posts\/22439\/revisions"}],"wp:attachment":[{"href":"https:\/\/www.o-p-i.fr\/parlonsen\/wp-json\/wp\/v2\/media?parent=22439"}],"wp:term":[{"taxonomy":"category","embeddable":true,"href":"https:\/\/www.o-p-i.fr\/parlonsen\/wp-json\/wp\/v2\/categories?post=22439"},{"taxonomy":"post_tag","embeddable":true,"href":"https:\/\/www.o-p-i.fr\/parlonsen\/wp-json\/wp\/v2\/tags?post=22439"}],"curies":[{"name":"wp","href":"https:\/\/api.w.org\/{rel}","templated":true}]}}