{"id":22489,"date":"2014-08-08T10:17:53","date_gmt":"2014-08-08T08:17:53","guid":{"rendered":"\/parlonsen\/?p=22489"},"modified":"2014-08-14T17:50:43","modified_gmt":"2014-08-14T15:50:43","slug":"course-aux-radeaux-a-reynies-82","status":"publish","type":"post","link":"https:\/\/www.o-p-i.fr\/parlonsen\/localisation\/au-pays-des-tescous\/varennes\/course-aux-radeaux-a-reynies-82\/","title":{"rendered":"Course aux Radeaux &#8230; \u00e0 Reyni\u00e8s (82)"},"content":{"rendered":"<p style=\"text-align: justify;\"><strong>Dimanche 31 Ao\u00fbt  2014<\/strong>, l\u2019AIPADAV poursuit sa 3\u00e8me \u00e9dition de la Course aux Radeaux organis\u00e9e sur l\u2019esplanade de Reyni\u00e8s \u00e0 partir de 15 h. <!--more--><\/p>\n<p style=\"text-align: justify;\">\n<figure id=\"attachment_22587\" aria-describedby=\"caption-attachment-22587\" style=\"width: 212px\" class=\"wp-caption alignright\"><a href=\"https:\/\/i0.wp.com\/www.o-p-i.fr\/parlonsen\/wp-content\/uploads\/courseradeaux2014.jpg?ssl=1\"><img data-recalc-dims=\"1\" loading=\"lazy\" decoding=\"async\" class=\"size-medium wp-image-22587\" title=\"Course aux radeaux 2014\" src=\"https:\/\/i0.wp.com\/www.o-p-i.fr\/parlonsen\/wp-content\/uploads\/courseradeaux2014.jpg?resize=212%2C300&#038;ssl=1\" alt=\"Course aux radeaux 2014\" width=\"212\" height=\"300\" srcset=\"https:\/\/i0.wp.com\/www.o-p-i.fr\/parlonsen\/wp-content\/uploads\/courseradeaux2014.jpg?resize=212%2C300&amp;ssl=1 212w, https:\/\/i0.wp.com\/www.o-p-i.fr\/parlonsen\/wp-content\/uploads\/courseradeaux2014.jpg?w=539&amp;ssl=1 539w\" sizes=\"auto, (max-width: 212px) 100vw, 212px\" \/><\/a><figcaption id=\"caption-attachment-22587\" class=\"wp-caption-text\">Course aux radeaux 2014<\/figcaption><\/figure>\n<p>Ces radeaux ont \u00e9t\u00e9 confectionn\u00e9s par des b\u00e9n\u00e9voles qui repr\u00e9sentent chacun leur commune adh\u00e9rente \u00e0 l\u2019AIPADAV.<\/p>\n<p style=\"text-align: justify;\">\n<p style=\"text-align: justify;\">Cette ann\u00e9e nous retrouverons ceux de Varennes, Orgueil, Reyni\u00e8s,\u00a0 Verlhac-Tescou s\u2019est ralli\u00e9 en cr\u00e9ant \u00e9galement son radeau et peut \u00eatre des surprises !!!<\/p>\n<p style=\"text-align: justify;\">Cette course sur le Tarn se terminera par un repas champ\u00eatre organis\u00e9 par le FC des 2 Ponts auquel vous pouvez vous inscrire\u00a0 avant le 27 ao\u00fbt.<\/p>\n<p style=\"text-align: justify;\">Buvette sur place et ambiance assur\u00e9e.<\/p>\n<p style=\"text-align: justify;\">Nous vous attendons tr\u00e8s nombreux.<\/p>\n<p style=\"text-align: justify;\"><strong>Tarifs : <\/strong><br \/>\n<span style=\"text-decoration: underline;\">Le Repas <\/span><br \/>\nAdultes : 15 \u20ac<br \/>\nEnfants (- de 12 ans) : 8 \u20ac<br \/>\n<span style=\"text-decoration: underline;\">La course<\/span> est gratuite.<\/p>\n<p style=\"text-align: justify;\"><strong>Contact :<\/strong><br \/>\nT\u00e9l. : 05 63 68 06 99 (Repas)<\/p>\n<p style=\"text-align: justify;\"><em>Communiqu\u00e9 par la Mairie de Villebrumier<\/em><em><br \/>\n<\/em><\/p>\n","protected":false},"excerpt":{"rendered":"<div class=\"mh-excerpt\">Dimanche 31 Ao\u00fbt 2014, l\u2019AIPADAV poursuit sa 3\u00e8me \u00e9dition de la Course aux Radeaux organis\u00e9e sur l\u2019esplanade de Reyni\u00e8s \u00e0 partir de 15 h.<\/div>\n","protected":false},"author":2,"featured_media":0,"comment_status":"open","ping_status":"open","sticky":false,"template":"","format":"standard","meta":{"om_disable_all_campaigns":false,"advanced_seo_description":"","jetpack_seo_html_title":"","jetpack_seo_noindex":false,"_jetpack_memberships_contains_paid_content":false,"footnotes":"","_links_to":"","_links_to_target":""},"categories":[42,603,54,53,20,27,2055],"tags":[2550,157,2545,313,641,1062,1860,1861],"class_list":{"0":"post-22489","1":"post","2":"type-post","3":"status-publish","4":"format-standard","6":"category-a-cote-de-chez-nous","7":"category-vive-lete","8":"category-loisirs","9":"category-sports","10":"category-varennes","11":"category-verlhac-tescou","12":"category-n-101-aout-2014","13":"tag-verlhac-tescou","14":"tag-repas","15":"tag-varennes","16":"tag-reynies","17":"tag-course","18":"tag-orgueil","19":"tag-course-de-radeaux","20":"tag-aipadav"},"jetpack_featured_media_url":"","views":{"total":0,"cached_at":"","cached_date":1738528113},"jetpack_likes_enabled":true,"jetpack_sharing_enabled":true,"jetpack_shortlink":"https:\/\/wp.me\/pg7Wxj-5QJ","jetpack-related-posts":[],"_links":{"self":[{"href":"https:\/\/www.o-p-i.fr\/parlonsen\/wp-json\/wp\/v2\/posts\/22489","targetHints":{"allow":["GET"]}}],"collection":[{"href":"https:\/\/www.o-p-i.fr\/parlonsen\/wp-json\/wp\/v2\/posts"}],"about":[{"href":"https:\/\/www.o-p-i.fr\/parlonsen\/wp-json\/wp\/v2\/types\/post"}],"author":[{"embeddable":true,"href":"https:\/\/www.o-p-i.fr\/parlonsen\/wp-json\/wp\/v2\/users\/2"}],"replies":[{"embeddable":true,"href":"https:\/\/www.o-p-i.fr\/parlonsen\/wp-json\/wp\/v2\/comments?post=22489"}],"version-history":[{"count":0,"href":"https:\/\/www.o-p-i.fr\/parlonsen\/wp-json\/wp\/v2\/posts\/22489\/revisions"}],"wp:attachment":[{"href":"https:\/\/www.o-p-i.fr\/parlonsen\/wp-json\/wp\/v2\/media?parent=22489"}],"wp:term":[{"taxonomy":"category","embeddable":true,"href":"https:\/\/www.o-p-i.fr\/parlonsen\/wp-json\/wp\/v2\/categories?post=22489"},{"taxonomy":"post_tag","embeddable":true,"href":"https:\/\/www.o-p-i.fr\/parlonsen\/wp-json\/wp\/v2\/tags?post=22489"}],"curies":[{"name":"wp","href":"https:\/\/api.w.org\/{rel}","templated":true}]}}