{"id":22513,"date":"2014-08-07T19:04:59","date_gmt":"2014-08-07T17:04:59","guid":{"rendered":"\/parlonsen\/?p=22513"},"modified":"2014-08-07T19:04:59","modified_gmt":"2014-08-07T17:04:59","slug":"l%e2%80%99agenda-de-la-semaine-a-negrepelisse-82-9","status":"publish","type":"post","link":"https:\/\/www.o-p-i.fr\/parlonsen\/parlons-en\/culture\/l%e2%80%99agenda-de-la-semaine-a-negrepelisse-82-9\/","title":{"rendered":"L\u2019agenda de la semaine &#8230; \u00e0 N\u00e8grepelisse (82)"},"content":{"rendered":"<p>Concert, exposition, rencontre sportive, etc. \u2026 Voici les \u00e9v\u00e9nements <strong>du 8 au 15 Ao\u00fbt 2014 !<\/strong> <!--more--><\/p>\n<figure style=\"width: 720px\" class=\"wp-caption aligncenter\"><img data-recalc-dims=\"1\" loading=\"lazy\" decoding=\"async\" title=\"N\u00e8grepelisse\" src=\"https:\/\/i0.wp.com\/www.o-p-i.fr\/parlonsen\/wp-content\/uploads\/agenda-negrepelisse.jpg?resize=720%2C122&#038;ssl=1\" alt=\"N\u00e8grepelisse\" width=\"720\" height=\"122\" \/><figcaption class=\"wp-caption-text\">N\u00e8grepelisse<\/figcaption><\/figure>\n<ul>\n<li><strong>Vendredi 8 aout<\/strong><\/li>\n<\/ul>\n<p>Dr\u00f4les 2 T\u00e9nors, op\u00e9ra comique organis\u00e9 \u00e0 l\u2019Espace de Loisirs de la Sorbonne \u00e0 21 heures. Entr\u00e9e 15 \u20ac. Renseignements sur <a href=\"http:\/\/www.roulotte-opera.com\">www.roulotte-opera.com<\/a><\/p>\n<ul>\n<li><strong>Mercredis\u00a0 13,20 aout 2014 &#8211; Visites Touristiques<br \/>\n<\/strong><\/li>\n<\/ul>\n<p>Tous les mercredis des mois d\u2019aout, la municipalit\u00e9 de N\u00e8grepelisse propose des visites guid\u00e9es gratuites de la commune ouverte \u00e0 tous. Durant 2 heures, une animatrice pr\u00e9sente ainsi, l\u2019histoire de l\u2019\u00e9glise, du temple, du ch\u00e2teau, le moulin, les origines de la ville \u2026. Ce circuit tr\u00e8s int\u00e9ressant permet \u00e0 tous de d\u00e9couvrir N\u00e8grepelisse sous une autre approche. Laissez-vous donc tenter par le charme d\u2019une balade authentique au c\u0153ur de N\u00e8grepelisse.<br \/>\nRendez-vous, tous les mercredis apr\u00e8s-midis, devant le camping municipal \u00ab Le Colombier \u00bb, situ\u00e9 \u00e0 c\u00f4t\u00e9 de la piscine, \u00e0 partir de 15 heures. Les r\u00e9servations ne sont pas obligatoires.<br \/>\nRenseignements ou inscriptions au 05.63.64.22.66 ou au 06.33.57.45.11<\/p>\n<ul>\n<li><strong>Du 5 juillet au 24 aout <\/strong><\/li>\n<\/ul>\n<p><strong>Exposition estivale <\/strong>municipale au moulin de N\u00e8grepelisse &#8211; Gratuit<\/p>\n<p>Avec les artistes, le sculpteur Alain Mila, l\u2019aquarelliste Marie-Christine Boucher et le peintre aveyronnais Robert Belmon.<\/p>\n<p>Renseignements au 05.63.64.22.66. Entr\u00e9e Gratuite. Ouverture les mardis, jeudis, samedis, dimanches de 14h \u00e0 18h.<\/p>\n<ul>\n<li><strong>Du samedi 14 juin au samedi 21 septembre <\/strong><strong><\/strong><\/li>\n<\/ul>\n<p><strong>Exposition \u00ab\u00a0Eglogues\u00a0\u00bb <\/strong>de Suzanne Hulsky au ch\u00e2teau . Entr\u00e9e gratuite. Exposition r\u00e9alis\u00e9e dans le cadre de la programmation culturelle de La cuisine<\/p>\n<p><em>Communiqu\u00e9 par Aurore Deffrene<\/em><\/p>\n","protected":false},"excerpt":{"rendered":"<div class=\"mh-excerpt\">Concert, exposition, rencontre sportive, etc. \u2026 Voici les \u00e9v\u00e9nements du 8 au 15 Ao\u00fbt 2014 !<\/div>\n","protected":false},"author":2,"featured_media":0,"comment_status":"open","ping_status":"open","sticky":false,"template":"","format":"standard","meta":{"om_disable_all_campaigns":false,"advanced_seo_description":"","jetpack_seo_html_title":"","jetpack_seo_noindex":false,"_jetpack_memberships_contains_paid_content":false,"footnotes":"","_links_to":"","_links_to_target":""},"categories":[42,1,603,54,2055],"tags":[100,172,896,1264],"class_list":{"0":"post-22513","1":"post","2":"type-post","3":"status-publish","4":"format-standard","6":"category-a-cote-de-chez-nous","7":"category-culture","8":"category-vive-lete","9":"category-loisirs","10":"category-n-101-aout-2014","11":"tag-negrepelisse","12":"tag-exposition","13":"tag-visite","14":"tag-programme"},"jetpack_featured_media_url":"","views":{"total":0,"cached_at":"","cached_date":1738528131},"jetpack_likes_enabled":true,"jetpack_sharing_enabled":true,"jetpack_shortlink":"https:\/\/wp.me\/pg7Wxj-5R7","jetpack-related-posts":[],"_links":{"self":[{"href":"https:\/\/www.o-p-i.fr\/parlonsen\/wp-json\/wp\/v2\/posts\/22513","targetHints":{"allow":["GET"]}}],"collection":[{"href":"https:\/\/www.o-p-i.fr\/parlonsen\/wp-json\/wp\/v2\/posts"}],"about":[{"href":"https:\/\/www.o-p-i.fr\/parlonsen\/wp-json\/wp\/v2\/types\/post"}],"author":[{"embeddable":true,"href":"https:\/\/www.o-p-i.fr\/parlonsen\/wp-json\/wp\/v2\/users\/2"}],"replies":[{"embeddable":true,"href":"https:\/\/www.o-p-i.fr\/parlonsen\/wp-json\/wp\/v2\/comments?post=22513"}],"version-history":[{"count":0,"href":"https:\/\/www.o-p-i.fr\/parlonsen\/wp-json\/wp\/v2\/posts\/22513\/revisions"}],"wp:attachment":[{"href":"https:\/\/www.o-p-i.fr\/parlonsen\/wp-json\/wp\/v2\/media?parent=22513"}],"wp:term":[{"taxonomy":"category","embeddable":true,"href":"https:\/\/www.o-p-i.fr\/parlonsen\/wp-json\/wp\/v2\/categories?post=22513"},{"taxonomy":"post_tag","embeddable":true,"href":"https:\/\/www.o-p-i.fr\/parlonsen\/wp-json\/wp\/v2\/tags?post=22513"}],"curies":[{"name":"wp","href":"https:\/\/api.w.org\/{rel}","templated":true}]}}