{"id":22520,"date":"2014-08-29T09:26:37","date_gmt":"2014-08-29T07:26:37","guid":{"rendered":"\/parlonsen\/?p=22520"},"modified":"2014-08-11T09:34:18","modified_gmt":"2014-08-11T07:34:18","slug":"foire-dautomne-a-negrepelisse-82","status":"publish","type":"post","link":"https:\/\/www.o-p-i.fr\/parlonsen\/parlons-en\/culture\/foire-dautomne-a-negrepelisse-82\/","title":{"rendered":"Foire d&rsquo;Automne &#8230; \u00e0 N\u00e8grepelisse (82)"},"content":{"rendered":"<p>Participez \u00e0 la 6\u00e8me \u00e9dition de la Foire d&rsquo;Automne \u00e0 N\u00e8grepelisse le<strong> Dimanche 26 Octobre 2014<\/strong>. Inscrivez-vous d\u00e8s \u00e0 pr\u00e9sent ! <!--more--><\/p>\n<figure id=\"attachment_22522\" aria-describedby=\"caption-attachment-22522\" style=\"width: 450px\" class=\"wp-caption aligncenter\"><a href=\"https:\/\/i0.wp.com\/www.o-p-i.fr\/parlonsen\/wp-content\/uploads\/foiredautomne-negrepelisse2014.jpg?ssl=1\"><img data-recalc-dims=\"1\" loading=\"lazy\" decoding=\"async\" class=\"size-full wp-image-22522\" title=\"N\u00e8grepelisse (82)\" src=\"https:\/\/i0.wp.com\/www.o-p-i.fr\/parlonsen\/wp-content\/uploads\/foiredautomne-negrepelisse2014.jpg?resize=450%2C636&#038;ssl=1\" alt=\"N\u00e8grepelisse (82)\" width=\"450\" height=\"636\" srcset=\"https:\/\/i0.wp.com\/www.o-p-i.fr\/parlonsen\/wp-content\/uploads\/foiredautomne-negrepelisse2014.jpg?w=450&amp;ssl=1 450w, https:\/\/i0.wp.com\/www.o-p-i.fr\/parlonsen\/wp-content\/uploads\/foiredautomne-negrepelisse2014.jpg?resize=212%2C300&amp;ssl=1 212w\" sizes=\"auto, (max-width: 450px) 100vw, 450px\" \/><\/a><figcaption id=\"caption-attachment-22522\" class=\"wp-caption-text\">N\u00e8grepelisse (82)<\/figcaption><\/figure>\n<p><strong>Tarifs :<\/strong><br \/>\n5 \u20ac le stand<br \/>\n<a href=\"https:\/\/www.o-p-i.fr\/parlonsen\/wp-content\/uploads\/foiredautomne-negrepelisse2014.pdf\">T\u00e9l\u00e9charger le bulletin d&rsquo;inscription<\/a><\/p>\n<p><strong>Contact : <\/strong>Mairie de N\u00e8grepelisse<br \/>\nT\u00e9l. : 05 63 64 22 66<br \/>\nCourriel : <a href=\"mailto:mairie-negrepelisse@info82.com\">mairie-negrepelisse@info82.com<\/a><\/p>\n","protected":false},"excerpt":{"rendered":"<div class=\"mh-excerpt\">Participez \u00e0 la 6\u00e8me \u00e9dition de la Foire d&rsquo;Automne \u00e0 N\u00e8grepelisse le Dimanche 26 Octobre 2014. Inscrivez-vous d\u00e8s \u00e0 pr\u00e9sent !<\/div>\n","protected":false},"author":2,"featured_media":0,"comment_status":"open","ping_status":"open","sticky":false,"template":"","format":"standard","meta":{"om_disable_all_campaigns":false,"advanced_seo_description":"","jetpack_seo_html_title":"","jetpack_seo_noindex":false,"_jetpack_memberships_contains_paid_content":false,"footnotes":"","_links_to":"","_links_to_target":""},"categories":[51,4,42,1,54,704,2116],"tags":[100,323,493,585,702,715],"class_list":{"0":"post-22520","1":"post","2":"type-post","3":"status-publish","4":"format-standard","6":"category-artisanat","7":"category-commerce","8":"category-a-cote-de-chez-nous","9":"category-culture","10":"category-loisirs","11":"category-cest-lautomne","12":"category-n-103-octobre-2014","13":"tag-negrepelisse","14":"tag-enfant","15":"tag-foire","16":"tag-promenade-en-caleche","17":"tag-citrouille","18":"tag-automne"},"jetpack_featured_media_url":"","views":{"total":0,"cached_at":"","cached_date":1738527980},"jetpack_likes_enabled":true,"jetpack_sharing_enabled":true,"jetpack_shortlink":"https:\/\/wp.me\/pg7Wxj-5Re","jetpack-related-posts":[],"_links":{"self":[{"href":"https:\/\/www.o-p-i.fr\/parlonsen\/wp-json\/wp\/v2\/posts\/22520","targetHints":{"allow":["GET"]}}],"collection":[{"href":"https:\/\/www.o-p-i.fr\/parlonsen\/wp-json\/wp\/v2\/posts"}],"about":[{"href":"https:\/\/www.o-p-i.fr\/parlonsen\/wp-json\/wp\/v2\/types\/post"}],"author":[{"embeddable":true,"href":"https:\/\/www.o-p-i.fr\/parlonsen\/wp-json\/wp\/v2\/users\/2"}],"replies":[{"embeddable":true,"href":"https:\/\/www.o-p-i.fr\/parlonsen\/wp-json\/wp\/v2\/comments?post=22520"}],"version-history":[{"count":0,"href":"https:\/\/www.o-p-i.fr\/parlonsen\/wp-json\/wp\/v2\/posts\/22520\/revisions"}],"wp:attachment":[{"href":"https:\/\/www.o-p-i.fr\/parlonsen\/wp-json\/wp\/v2\/media?parent=22520"}],"wp:term":[{"taxonomy":"category","embeddable":true,"href":"https:\/\/www.o-p-i.fr\/parlonsen\/wp-json\/wp\/v2\/categories?post=22520"},{"taxonomy":"post_tag","embeddable":true,"href":"https:\/\/www.o-p-i.fr\/parlonsen\/wp-json\/wp\/v2\/tags?post=22520"}],"curies":[{"name":"wp","href":"https:\/\/api.w.org\/{rel}","templated":true}]}}