{"id":22537,"date":"2014-08-22T10:39:38","date_gmt":"2014-08-22T08:39:38","guid":{"rendered":"\/parlonsen\/?p=22537"},"modified":"2014-08-11T10:50:16","modified_gmt":"2014-08-11T08:50:16","slug":"exposition-photographique-a-negrepelisse-82","status":"publish","type":"post","link":"https:\/\/www.o-p-i.fr\/parlonsen\/parlons-en\/culture\/exposition-photographique-a-negrepelisse-82\/","title":{"rendered":"Exposition photographique &#8230; \u00e0 N\u00e8grepelisse (82)"},"content":{"rendered":"<p>Exposition de William Dalceggio au Moulin de N\u00e8grepelisse<strong> du 6 au 28\u00a0 septembre 2014<\/strong>. <!--more--><\/p>\n<p>Venez d\u00e9couvrir la premi\u00e8re exposition photographique de William Dalceggio, lyc\u00e9en de 15 ans, natif de N\u00e8grepelisse.<\/p>\n<figure id=\"attachment_22538\" aria-describedby=\"caption-attachment-22538\" style=\"width: 534px\" class=\"wp-caption aligncenter\"><a href=\"https:\/\/i0.wp.com\/www.o-p-i.fr\/parlonsen\/wp-content\/uploads\/expo-williamdalceggio.jpg?ssl=1\"><img data-recalc-dims=\"1\" loading=\"lazy\" decoding=\"async\" class=\"size-full wp-image-22538\" title=\"Expo de William Dalceggio \u00e0 N\u00e8grepelisse (82)\" src=\"https:\/\/i0.wp.com\/www.o-p-i.fr\/parlonsen\/wp-content\/uploads\/expo-williamdalceggio.jpg?resize=534%2C711&#038;ssl=1\" alt=\"Expo de William Dalceggio \u00e0 N\u00e8grepelisse (82)\" width=\"534\" height=\"711\" srcset=\"https:\/\/i0.wp.com\/www.o-p-i.fr\/parlonsen\/wp-content\/uploads\/expo-williamdalceggio.jpg?w=534&amp;ssl=1 534w, https:\/\/i0.wp.com\/www.o-p-i.fr\/parlonsen\/wp-content\/uploads\/expo-williamdalceggio.jpg?resize=225%2C300&amp;ssl=1 225w\" sizes=\"auto, (max-width: 534px) 100vw, 534px\" \/><\/a><figcaption id=\"caption-attachment-22538\" class=\"wp-caption-text\">Expo de William Dalceggio \u00e0 N\u00e8grepelisse (82)<\/figcaption><\/figure>\n<p><em>Communiqu\u00e9 par Aurore Deffrene<\/em><\/p>\n","protected":false},"excerpt":{"rendered":"<div class=\"mh-excerpt\">Exposition de William Dalceggio au Moulin de N\u00e8grepelisse du 6 au 28\u00a0 septembre 2014.<\/div>\n","protected":false},"author":2,"featured_media":0,"comment_status":"open","ping_status":"open","sticky":false,"template":"","format":"standard","meta":{"om_disable_all_campaigns":false,"advanced_seo_description":"","jetpack_seo_html_title":"","jetpack_seo_noindex":false,"_jetpack_memberships_contains_paid_content":false,"footnotes":"","_links_to":"","_links_to_target":""},"categories":[42,1,54,648,2106],"tags":[100,172,184,1515],"class_list":{"0":"post-22537","1":"post","2":"type-post","3":"status-publish","4":"format-standard","6":"category-a-cote-de-chez-nous","7":"category-culture","8":"category-loisirs","9":"category-cest-la-rentree","10":"category-n-102-septembre-2014","11":"tag-negrepelisse","12":"tag-exposition","13":"tag-exposition-photos","14":"tag-photographie"},"jetpack_featured_media_url":"","views":{"total":0,"cached_at":"","cached_date":1738521214},"jetpack_likes_enabled":true,"jetpack_sharing_enabled":true,"jetpack_shortlink":"https:\/\/wp.me\/pg7Wxj-5Rv","jetpack-related-posts":[],"_links":{"self":[{"href":"https:\/\/www.o-p-i.fr\/parlonsen\/wp-json\/wp\/v2\/posts\/22537","targetHints":{"allow":["GET"]}}],"collection":[{"href":"https:\/\/www.o-p-i.fr\/parlonsen\/wp-json\/wp\/v2\/posts"}],"about":[{"href":"https:\/\/www.o-p-i.fr\/parlonsen\/wp-json\/wp\/v2\/types\/post"}],"author":[{"embeddable":true,"href":"https:\/\/www.o-p-i.fr\/parlonsen\/wp-json\/wp\/v2\/users\/2"}],"replies":[{"embeddable":true,"href":"https:\/\/www.o-p-i.fr\/parlonsen\/wp-json\/wp\/v2\/comments?post=22537"}],"version-history":[{"count":0,"href":"https:\/\/www.o-p-i.fr\/parlonsen\/wp-json\/wp\/v2\/posts\/22537\/revisions"}],"wp:attachment":[{"href":"https:\/\/www.o-p-i.fr\/parlonsen\/wp-json\/wp\/v2\/media?parent=22537"}],"wp:term":[{"taxonomy":"category","embeddable":true,"href":"https:\/\/www.o-p-i.fr\/parlonsen\/wp-json\/wp\/v2\/categories?post=22537"},{"taxonomy":"post_tag","embeddable":true,"href":"https:\/\/www.o-p-i.fr\/parlonsen\/wp-json\/wp\/v2\/tags?post=22537"}],"curies":[{"name":"wp","href":"https:\/\/api.w.org\/{rel}","templated":true}]}}