{"id":22570,"date":"2014-08-15T16:30:54","date_gmt":"2014-08-15T14:30:54","guid":{"rendered":"\/parlonsen\/?p=22570"},"modified":"2014-08-11T16:40:50","modified_gmt":"2014-08-11T14:40:50","slug":"recital-jean-ferrat-a-castelnau-de-montratier-46","status":"publish","type":"post","link":"https:\/\/www.o-p-i.fr\/parlonsen\/parlons-en\/culture\/recital-jean-ferrat-a-castelnau-de-montratier-46\/","title":{"rendered":"R\u00e9cital Jean FERRAT &#8230; \u00e0 Castelnau de Montratier (46)"},"content":{"rendered":"<p>L&rsquo;association DISTR&rsquo;AIR Music organise un r\u00e9cital\u00a0 le<strong> samedi 6 septembre 2014<\/strong> \u00e0 20h30 \u00e0 la Salle des F\u00eates.<!--more--><\/p>\n<figure style=\"width: 209px\" class=\"wp-caption alignright\"><img data-recalc-dims=\"1\" loading=\"lazy\" decoding=\"async\" class=\" \" title=\"Jacques Simon chante Jean Ferrat\" src=\"https:\/\/i0.wp.com\/www.o-p-i.fr\/parlonsen\/wp-content\/uploads\/simonchanteferrat.jpg?resize=209%2C206&#038;ssl=1\" alt=\"Jacques Simon chante Jean Ferrat\" width=\"209\" height=\"206\" \/><figcaption class=\"wp-caption-text\">Jacques Simon chante Jean Ferrat<\/figcaption><\/figure>\n<p>1\u00e8re partie : \u00ab\u00a0LOULOU Chante Paris\u00a0\u00bb<br \/>\nLes grandes chansons de la butte Montmartre<\/p>\n<p>2\u00e8me partie : \u00a0 \u00a0\u00bbJacques SIMON Chante Jean FERRAT\u00a0\u00bb<\/p>\n<p><strong>Tarifs :<\/strong><br \/>\nAdulte : 10\u20ac<br \/>\nR\u00e9duit : 8\u20ac<\/p>\n<p><strong>Contact  : <a title=\"Cliquez pour ouvrir la fiche dans l'annuaire d'OPI\" href=\"https:\/\/www.o-p-i.fr\/aupays\/annuaire\/loisirs\/distrair-animation-musicale\/\">Distr\u2019Air Music<\/a><br \/>\n<\/strong><br \/>\n<em>Information communiqu\u00e9e par Muriel, charg\u00e9e officielle\u00a0 de la promotion de cette manifestation<\/em><\/p>\n","protected":false},"excerpt":{"rendered":"<div class=\"mh-excerpt\">L&rsquo;association DISTR&rsquo;AIR Music organise un r\u00e9cital\u00a0 le samedi 6 septembre 2014 \u00e0 20h30 \u00e0 la Salle des F\u00eates.<\/div>\n","protected":false},"author":2,"featured_media":0,"comment_status":"open","ping_status":"open","sticky":false,"template":"","format":"standard","meta":{"om_disable_all_campaigns":false,"advanced_seo_description":"","jetpack_seo_html_title":"","jetpack_seo_noindex":false,"_jetpack_memberships_contains_paid_content":false,"footnotes":"","_links_to":"","_links_to_target":""},"categories":[23,1,54,2106],"tags":[809,1682,43,623],"class_list":{"0":"post-22570","1":"post","2":"type-post","3":"status-publish","4":"format-standard","6":"category-au-dela-du-pays","7":"category-culture","8":"category-loisirs","9":"category-n-102-septembre-2014","10":"tag-jean-ferrat","11":"tag-castelnau-de-montratier","12":"tag-concert","13":"tag-recital"},"jetpack_featured_media_url":"","views":{"total":0,"cached_at":"","cached_date":1738528308},"jetpack_likes_enabled":true,"jetpack_sharing_enabled":true,"jetpack_shortlink":"https:\/\/wp.me\/pg7Wxj-5S2","jetpack-related-posts":[],"_links":{"self":[{"href":"https:\/\/www.o-p-i.fr\/parlonsen\/wp-json\/wp\/v2\/posts\/22570","targetHints":{"allow":["GET"]}}],"collection":[{"href":"https:\/\/www.o-p-i.fr\/parlonsen\/wp-json\/wp\/v2\/posts"}],"about":[{"href":"https:\/\/www.o-p-i.fr\/parlonsen\/wp-json\/wp\/v2\/types\/post"}],"author":[{"embeddable":true,"href":"https:\/\/www.o-p-i.fr\/parlonsen\/wp-json\/wp\/v2\/users\/2"}],"replies":[{"embeddable":true,"href":"https:\/\/www.o-p-i.fr\/parlonsen\/wp-json\/wp\/v2\/comments?post=22570"}],"version-history":[{"count":0,"href":"https:\/\/www.o-p-i.fr\/parlonsen\/wp-json\/wp\/v2\/posts\/22570\/revisions"}],"wp:attachment":[{"href":"https:\/\/www.o-p-i.fr\/parlonsen\/wp-json\/wp\/v2\/media?parent=22570"}],"wp:term":[{"taxonomy":"category","embeddable":true,"href":"https:\/\/www.o-p-i.fr\/parlonsen\/wp-json\/wp\/v2\/categories?post=22570"},{"taxonomy":"post_tag","embeddable":true,"href":"https:\/\/www.o-p-i.fr\/parlonsen\/wp-json\/wp\/v2\/tags?post=22570"}],"curies":[{"name":"wp","href":"https:\/\/api.w.org\/{rel}","templated":true}]}}