{"id":22598,"date":"2014-08-18T15:39:06","date_gmt":"2014-08-18T13:39:06","guid":{"rendered":"\/parlonsen\/?p=22598"},"modified":"2014-08-17T15:48:00","modified_gmt":"2014-08-17T13:48:00","slug":"nuit-des-etoiles-a-giroussens-81","status":"publish","type":"post","link":"https:\/\/www.o-p-i.fr\/parlonsen\/parlons-en\/culture\/nuit-des-etoiles-a-giroussens-81\/","title":{"rendered":"Nuit des \u00e9toiles &#8230; \u00e0 Giroussens (81)"},"content":{"rendered":"<p>L&rsquo;association Alternatives organise une soir\u00e9e \u00e9toiles le <strong>mercredi 20 ao\u00fbt ou le jeudi 21 ao\u00fbt 2014 <\/strong>(en fonction de la m\u00e9t\u00e9o) \u00e0 21h30 \u00e0 Saint Cyriaque.<!--more--><\/p>\n<figure id=\"attachment_22599\" aria-describedby=\"caption-attachment-22599\" style=\"width: 300px\" class=\"wp-caption alignright\"><a href=\"https:\/\/i0.wp.com\/www.o-p-i.fr\/parlonsen\/wp-content\/uploads\/nuitdesetoiles.jpg?ssl=1\"><img data-recalc-dims=\"1\" loading=\"lazy\" decoding=\"async\" class=\"size-full wp-image-22599\" title=\"Nuit des \u00e9toiles Avec Marie Mathurin\" src=\"https:\/\/i0.wp.com\/www.o-p-i.fr\/parlonsen\/wp-content\/uploads\/nuitdesetoiles.jpg?resize=300%2C229&#038;ssl=1\" alt=\"Nuit des \u00e9toiles Avec Marie Mathurin\" width=\"300\" height=\"229\" \/><\/a><figcaption id=\"caption-attachment-22599\" class=\"wp-caption-text\">Nuit des \u00e9toiles Avec Marie Mathurin<\/figcaption><\/figure>\n<p>Avec Marie Mathurin, sp\u00e9cialiste en astronomie qui a organis\u00e9 de nombreuses soir\u00e9es d&rsquo;observation du ciel.<\/p>\n<p>Si la m\u00e9t\u00e9o persiste \u00e0 \u00eatre mauvaise, la s\u00e9ance est annul\u00e9e, mais  croisons les doigts, il faudra bien que le beau temps revienne &#8230;<\/p>\n<p>Pour ceux qui le souhaitent, apporter son pique nique \u00e0 20h<br \/>\n<strong><br \/>\nPour y aller &#8230;<\/strong><br \/>\n<a title=\"Cliquez sur l'adresse pour ouvrir le plan !\" href=\"https:\/\/goo.gl\/maps\/4pD8J\" target=\"_blank\">Saint-Cyriaque<br \/>\n81500 Giroussens<\/a><\/p>\n<p><strong>Tarifs :<\/strong><br \/>\nAdultes : 7\u20ac<br \/>\nEnfants : 1\u20ac<\/p>\n<p><strong>Contact :<\/strong><br \/>\nT\u00e9l. : 06 75 60 75 89<\/p>\n<p><em>Communiqu\u00e9 par Giroussens Alternatives<\/em><\/p>\n","protected":false},"excerpt":{"rendered":"<div class=\"mh-excerpt\">L&rsquo;association Alternatives organise une soir\u00e9e \u00e9toiles le mercredi 20 ao\u00fbt ou le jeudi 21 ao\u00fbt 2014 (en fonction de la m\u00e9t\u00e9o) \u00e0 21h30 \u00e0 Saint Cyriaque.<\/div>\n","protected":false},"author":2,"featured_media":0,"comment_status":"open","ping_status":"open","sticky":false,"template":"","format":"standard","meta":{"om_disable_all_campaigns":false,"advanced_seo_description":"","jetpack_seo_html_title":"","jetpack_seo_noindex":false,"_jetpack_memberships_contains_paid_content":false,"footnotes":"","_links_to":"","_links_to_target":""},"categories":[42,1,603,54,2055],"tags":[330,467,1675,2155],"class_list":{"0":"post-22598","1":"post","2":"type-post","3":"status-publish","4":"format-standard","6":"category-a-cote-de-chez-nous","7":"category-culture","8":"category-vive-lete","9":"category-loisirs","10":"category-n-101-aout-2014","11":"tag-rencontre","12":"tag-giroussens","13":"tag-astronomie","14":"tag-etoile"},"jetpack_featured_media_url":"","views":{"total":0,"cached_at":"","cached_date":1738528357},"jetpack_likes_enabled":true,"jetpack_sharing_enabled":true,"jetpack_shortlink":"https:\/\/wp.me\/pg7Wxj-5Su","jetpack-related-posts":[],"_links":{"self":[{"href":"https:\/\/www.o-p-i.fr\/parlonsen\/wp-json\/wp\/v2\/posts\/22598","targetHints":{"allow":["GET"]}}],"collection":[{"href":"https:\/\/www.o-p-i.fr\/parlonsen\/wp-json\/wp\/v2\/posts"}],"about":[{"href":"https:\/\/www.o-p-i.fr\/parlonsen\/wp-json\/wp\/v2\/types\/post"}],"author":[{"embeddable":true,"href":"https:\/\/www.o-p-i.fr\/parlonsen\/wp-json\/wp\/v2\/users\/2"}],"replies":[{"embeddable":true,"href":"https:\/\/www.o-p-i.fr\/parlonsen\/wp-json\/wp\/v2\/comments?post=22598"}],"version-history":[{"count":0,"href":"https:\/\/www.o-p-i.fr\/parlonsen\/wp-json\/wp\/v2\/posts\/22598\/revisions"}],"wp:attachment":[{"href":"https:\/\/www.o-p-i.fr\/parlonsen\/wp-json\/wp\/v2\/media?parent=22598"}],"wp:term":[{"taxonomy":"category","embeddable":true,"href":"https:\/\/www.o-p-i.fr\/parlonsen\/wp-json\/wp\/v2\/categories?post=22598"},{"taxonomy":"post_tag","embeddable":true,"href":"https:\/\/www.o-p-i.fr\/parlonsen\/wp-json\/wp\/v2\/tags?post=22598"}],"curies":[{"name":"wp","href":"https:\/\/api.w.org\/{rel}","templated":true}]}}