{"id":22667,"date":"2014-09-03T21:59:02","date_gmt":"2014-09-03T19:59:02","guid":{"rendered":"\/parlonsen\/?p=22667"},"modified":"2014-09-03T22:50:14","modified_gmt":"2014-09-03T20:50:14","slug":"sortie-moto-a-genebrieres-82","status":"publish","type":"post","link":"https:\/\/www.o-p-i.fr\/parlonsen\/localisation\/au-pays-des-tescous\/genebrieres\/sortie-moto-a-genebrieres-82\/","title":{"rendered":"Sortie Moto &#8230; \u00e0 Genebri\u00e8res (82)"},"content":{"rendered":"<p>Le Comit\u00e9 des F\u00eates de Genebri\u00e8res propose une sortie moto le <strong>Samedi 27 Septembre 2014<\/strong>. <!--more--><\/p>\n<figure id=\"attachment_22668\" aria-describedby=\"caption-attachment-22668\" style=\"width: 212px\" class=\"wp-caption alignright\"><a href=\"https:\/\/i0.wp.com\/www.o-p-i.fr\/parlonsen\/wp-content\/uploads\/fly-sortiemotogenebrieres2014.jpg?ssl=1\"><img data-recalc-dims=\"1\" loading=\"lazy\" decoding=\"async\" class=\"size-medium wp-image-22668\" title=\"Genebri\u00e8res (82)\" src=\"https:\/\/i0.wp.com\/www.o-p-i.fr\/parlonsen\/wp-content\/uploads\/fly-sortiemotogenebrieres2014.jpg?resize=212%2C300&#038;ssl=1\" alt=\"Genebri\u00e8res (82)\" width=\"212\" height=\"300\" srcset=\"https:\/\/i0.wp.com\/www.o-p-i.fr\/parlonsen\/wp-content\/uploads\/fly-sortiemotogenebrieres2014.jpg?resize=212%2C300&amp;ssl=1 212w, https:\/\/i0.wp.com\/www.o-p-i.fr\/parlonsen\/wp-content\/uploads\/fly-sortiemotogenebrieres2014.jpg?w=473&amp;ssl=1 473w\" sizes=\"auto, (max-width: 212px) 100vw, 212px\" \/><\/a><figcaption id=\"caption-attachment-22668\" class=\"wp-caption-text\">Genebri\u00e8res (82)<\/figcaption><\/figure>\n<p>Rendez-vous vers 8h30 pour un d\u00e9part pr\u00e9vu \u00e0 9h.<br \/>\nPause caf\u00e9 \u00e0 Castelnau-Montratier,<br \/>\nA midi, repas \u00e0 Cajarc, Pause caf\u00e9 \u00e0 St-Antonin<br \/>\nArriv\u00e9e vers 18h \u00e0 Genebri\u00e8res.<br \/>\nLa sortie sera suivie d&rsquo;une soir\u00e9e paella anim\u00e9e par Le B\u00e9ta Om\u00e9ga !!!<\/p>\n<p>Soir\u00e9e paella ouverte \u00e0 tout le monde !<\/p>\n<p>R\u00e9servation repas avant le 20 Septembre 2014<\/p>\n<p><strong>Tarifs : <\/strong><br \/>\nSortie Moto \/ Repas Midi \/ Repas Soir<br \/>\nAdulte : 30 \u20ac<br \/>\nEnfant (- 12 ans) : 20 \u20ac<\/p>\n<p>Sortie Moto \/ Repas Midi<br \/>\nUnique : 15 \u20ac<\/p>\n<p>Repas Soir (sans sortie moto)<br \/>\nAdulte : 20 \u20ac<br \/>\nEnfant (- 12 ans) : 10 \u20ac<\/p>\n<p><strong>Contact : <\/strong>Comit\u00e9 des F\u00eates de Genebri\u00e8res<br \/>\nT\u00e9l. : 06 89 54 45 52<\/p>\n<p><em>Source : tract<\/em><\/p>\n","protected":false},"excerpt":{"rendered":"<div class=\"mh-excerpt\">Le Comit\u00e9 des F\u00eates de Genebri\u00e8res propose une sortie moto le Samedi 27 Septembre 2014.<\/div>\n","protected":false},"author":2,"featured_media":0,"comment_status":"open","ping_status":"open","sticky":false,"template":"","format":"standard","meta":{"om_disable_all_campaigns":false,"advanced_seo_description":"","jetpack_seo_html_title":"","jetpack_seo_noindex":false,"_jetpack_memberships_contains_paid_content":false,"footnotes":"","_links_to":"","_links_to_target":""},"categories":[29,54,648,53],"tags":[157,2552,568,711],"class_list":{"0":"post-22667","1":"post","2":"type-post","3":"status-publish","4":"format-standard","6":"category-genebrieres","7":"category-loisirs","8":"category-cest-la-rentree","9":"category-sports","10":"tag-repas","11":"tag-genebrieres","12":"tag-sortie","13":"tag-moto"},"jetpack_featured_media_url":"","views":{"total":0,"cached_at":"","cached_date":1738528075},"jetpack_likes_enabled":true,"jetpack_sharing_enabled":true,"jetpack_shortlink":"https:\/\/wp.me\/pg7Wxj-5TB","jetpack-related-posts":[],"_links":{"self":[{"href":"https:\/\/www.o-p-i.fr\/parlonsen\/wp-json\/wp\/v2\/posts\/22667","targetHints":{"allow":["GET"]}}],"collection":[{"href":"https:\/\/www.o-p-i.fr\/parlonsen\/wp-json\/wp\/v2\/posts"}],"about":[{"href":"https:\/\/www.o-p-i.fr\/parlonsen\/wp-json\/wp\/v2\/types\/post"}],"author":[{"embeddable":true,"href":"https:\/\/www.o-p-i.fr\/parlonsen\/wp-json\/wp\/v2\/users\/2"}],"replies":[{"embeddable":true,"href":"https:\/\/www.o-p-i.fr\/parlonsen\/wp-json\/wp\/v2\/comments?post=22667"}],"version-history":[{"count":0,"href":"https:\/\/www.o-p-i.fr\/parlonsen\/wp-json\/wp\/v2\/posts\/22667\/revisions"}],"wp:attachment":[{"href":"https:\/\/www.o-p-i.fr\/parlonsen\/wp-json\/wp\/v2\/media?parent=22667"}],"wp:term":[{"taxonomy":"category","embeddable":true,"href":"https:\/\/www.o-p-i.fr\/parlonsen\/wp-json\/wp\/v2\/categories?post=22667"},{"taxonomy":"post_tag","embeddable":true,"href":"https:\/\/www.o-p-i.fr\/parlonsen\/wp-json\/wp\/v2\/tags?post=22667"}],"curies":[{"name":"wp","href":"https:\/\/api.w.org\/{rel}","templated":true}]}}