{"id":22768,"date":"2014-09-04T19:23:16","date_gmt":"2014-09-04T17:23:16","guid":{"rendered":"\/parlonsen\/?p=22768"},"modified":"2014-09-04T19:23:16","modified_gmt":"2014-09-04T17:23:16","slug":"resultat-en-image-de-la-course-de-radeaux-a-reynies-82","status":"publish","type":"post","link":"https:\/\/www.o-p-i.fr\/parlonsen\/localisation\/au-pays-des-tescous\/verlhac-tescou\/resultat-en-image-de-la-course-de-radeaux-a-reynies-82\/","title":{"rendered":"R\u00e9sultat en image de la Course de Radeaux &#8230; \u00e0 Reyni\u00e8s (82)"},"content":{"rendered":"<p style=\"text-align: justify;\">Les pirates verlhacois gagnent sur le Tarn ! <!--more--><\/p>\n<div class=\"mceTemp\" style=\"text-align: justify;\">\n<dl id=\"attachment_22769\" class=\"wp-caption alignright\" style=\"width: 160px;\">\n<dt class=\"wp-caption-dt\"><a href=\"https:\/\/i0.wp.com\/www.o-p-i.fr\/parlonsen\/wp-content\/uploads\/radeauverlhac2014.jpg?ssl=1\"><img data-recalc-dims=\"1\" loading=\"lazy\" decoding=\"async\" class=\"size-thumbnail wp-image-22769\" title=\"Equipage de Verlhac - Course de Radeaux 2014\" src=\"https:\/\/i0.wp.com\/www.o-p-i.fr\/parlonsen\/wp-content\/uploads\/radeauverlhac2014.jpg?resize=150%2C150&#038;ssl=1\" alt=\"Equipage de Verlhac - Course de Radeaux 2014\" width=\"150\" height=\"150\" srcset=\"https:\/\/i0.wp.com\/www.o-p-i.fr\/parlonsen\/wp-content\/uploads\/radeauverlhac2014.jpg?resize=150%2C150&amp;ssl=1 150w, https:\/\/i0.wp.com\/www.o-p-i.fr\/parlonsen\/wp-content\/uploads\/radeauverlhac2014.jpg?zoom=2&amp;resize=150%2C150&amp;ssl=1 300w, https:\/\/i0.wp.com\/www.o-p-i.fr\/parlonsen\/wp-content\/uploads\/radeauverlhac2014.jpg?zoom=3&amp;resize=150%2C150&amp;ssl=1 450w\" sizes=\"auto, (max-width: 150px) 100vw, 150px\" \/><\/a><\/dt>\n<dd class=\"wp-caption-dd\">Equipage de Verlhac &#8211; Course de Radeaux 2014<\/dd>\n<\/dl>\n<\/div>\n<div class=\"mceTemp\" style=\"text-align: justify;\">\n<dl id=\"attachment_22770\" class=\"wp-caption alignright\" style=\"width: 160px;\">\n<dt class=\"wp-caption-dt\"><a href=\"https:\/\/i0.wp.com\/www.o-p-i.fr\/parlonsen\/wp-content\/uploads\/radeauxverlhac2014.jpg?ssl=1\"><img data-recalc-dims=\"1\" loading=\"lazy\" decoding=\"async\" class=\"size-thumbnail wp-image-22770\" title=\"Radeau de Verlhac - Course de Radeaux 2014\" src=\"https:\/\/i0.wp.com\/www.o-p-i.fr\/parlonsen\/wp-content\/uploads\/radeauxverlhac2014.jpg?resize=150%2C150&#038;ssl=1\" alt=\"Radeau de Verlhac - Course de Radeaux 2014\" width=\"150\" height=\"150\" srcset=\"https:\/\/i0.wp.com\/www.o-p-i.fr\/parlonsen\/wp-content\/uploads\/radeauxverlhac2014.jpg?resize=150%2C150&amp;ssl=1 150w, https:\/\/i0.wp.com\/www.o-p-i.fr\/parlonsen\/wp-content\/uploads\/radeauxverlhac2014.jpg?zoom=2&amp;resize=150%2C150&amp;ssl=1 300w, https:\/\/i0.wp.com\/www.o-p-i.fr\/parlonsen\/wp-content\/uploads\/radeauxverlhac2014.jpg?zoom=3&amp;resize=150%2C150&amp;ssl=1 450w\" sizes=\"auto, (max-width: 150px) 100vw, 150px\" \/><\/a><\/dt>\n<dd class=\"wp-caption-dd\">Radeau de Verlhac &#8211; Course de Radeaux 2014<\/dd>\n<\/dl>\n<\/div>\n<p style=\"text-align: justify;\">Le valeureux \u00e9quipage verlhacois qui participait pour la premi\u00e8re fois \u00e0 la course de radeaux organis\u00e9e \u00e0 Reyni\u00e8s par l&rsquo;Aipadav et le FC des 2 ponts (<a title=\"Cliquez pour acc\u00e9der \u00e0 l'article dans Parlons En !\" href=\"https:\/\/www.o-p-i.fr\/parlonsen\/localisation\/varennes\/course-aux-radeaux-a-reynies-82\/\">annonc\u00e9 dans Parlons En ! ici<\/a>) a termin\u00e9 en t\u00eate devant les \u00e9quipes de Varennes, Orgueil, Villemur et Reyni\u00e8s.<\/p>\n<p style=\"text-align: justify;\">Le dimanche 31 ao\u00fbt, le temps radieux et les nombreux encouragements venus du rivage ont permis \u00e0 nos 6 pirates, apr\u00e8s une bataille acharn\u00e9e, de remporter la finale et d&rsquo;enchanter le public qui n&rsquo;a pas boud\u00e9 son plaisir&#8230;<\/p>\n<p style=\"text-align: justify;\"><em>Communiqu\u00e9 et photo : Robert Linas<\/em><\/p>\n","protected":false},"excerpt":{"rendered":"<div class=\"mh-excerpt\">Les pirates verlhacois gagnent sur le Tarn !<\/div>\n","protected":false},"author":2,"featured_media":0,"comment_status":"open","ping_status":"open","sticky":false,"template":"","format":"standard","meta":{"om_disable_all_campaigns":false,"advanced_seo_description":"","jetpack_seo_html_title":"","jetpack_seo_noindex":false,"_jetpack_memberships_contains_paid_content":false,"footnotes":"","_links_to":"","_links_to_target":""},"categories":[42,603,54,53,27,2055,2106],"tags":[2550,313,641,1860],"class_list":{"0":"post-22768","1":"post","2":"type-post","3":"status-publish","4":"format-standard","6":"category-a-cote-de-chez-nous","7":"category-vive-lete","8":"category-loisirs","9":"category-sports","10":"category-verlhac-tescou","11":"category-n-101-aout-2014","12":"category-n-102-septembre-2014","13":"tag-verlhac-tescou","14":"tag-reynies","15":"tag-course","16":"tag-course-de-radeaux"},"jetpack_featured_media_url":"","views":{"total":0,"cached_at":"","cached_date":1738528099},"jetpack_likes_enabled":true,"jetpack_sharing_enabled":true,"jetpack_shortlink":"https:\/\/wp.me\/pg7Wxj-5Ve","jetpack-related-posts":[],"_links":{"self":[{"href":"https:\/\/www.o-p-i.fr\/parlonsen\/wp-json\/wp\/v2\/posts\/22768","targetHints":{"allow":["GET"]}}],"collection":[{"href":"https:\/\/www.o-p-i.fr\/parlonsen\/wp-json\/wp\/v2\/posts"}],"about":[{"href":"https:\/\/www.o-p-i.fr\/parlonsen\/wp-json\/wp\/v2\/types\/post"}],"author":[{"embeddable":true,"href":"https:\/\/www.o-p-i.fr\/parlonsen\/wp-json\/wp\/v2\/users\/2"}],"replies":[{"embeddable":true,"href":"https:\/\/www.o-p-i.fr\/parlonsen\/wp-json\/wp\/v2\/comments?post=22768"}],"version-history":[{"count":0,"href":"https:\/\/www.o-p-i.fr\/parlonsen\/wp-json\/wp\/v2\/posts\/22768\/revisions"}],"wp:attachment":[{"href":"https:\/\/www.o-p-i.fr\/parlonsen\/wp-json\/wp\/v2\/media?parent=22768"}],"wp:term":[{"taxonomy":"category","embeddable":true,"href":"https:\/\/www.o-p-i.fr\/parlonsen\/wp-json\/wp\/v2\/categories?post=22768"},{"taxonomy":"post_tag","embeddable":true,"href":"https:\/\/www.o-p-i.fr\/parlonsen\/wp-json\/wp\/v2\/tags?post=22768"}],"curies":[{"name":"wp","href":"https:\/\/api.w.org\/{rel}","templated":true}]}}