{"id":22935,"date":"2014-09-17T10:21:55","date_gmt":"2014-09-17T08:21:55","guid":{"rendered":"\/parlonsen\/?p=22935"},"modified":"2014-09-15T22:05:44","modified_gmt":"2014-09-15T20:05:44","slug":"la-belle-montee-%e2%80%a6-loisirs-et-sports-en-quercy-vert-14","status":"publish","type":"post","link":"https:\/\/www.o-p-i.fr\/parlonsen\/localisation\/au-pays-des-tescous\/salvetat\/la-belle-montee-%e2%80%a6-loisirs-et-sports-en-quercy-vert-14\/","title":{"rendered":"La Belle Mont\u00e9e \u2026 Loisirs et sports en Quercy Vert"},"content":{"rendered":"<p>Vous trouverez ci-dessous le programme <strong>du 21 septembre au 2 novembre 2014<\/strong> de l\u2019association La Belle Mont\u00e9e, Loisirs et sports en Quercy Vert. <!--more--><\/p>\n<ul>\n<li><strong>POUR LES MARCHEURS<\/strong><\/li>\n<\/ul>\n<p>Les randonn\u00e9es sont maintenues alternativement le samedi et le dimanche apr\u00e8s-midi.<br \/>\nRendez-vous \u00e0 14h \u00e0 la mairie de la Salvetat Belmontet selon le programme suivant :<br \/>\n<strong>Dimanche 21 septembre :<\/strong> Verlhac Tescou dans le cadre des journ\u00e9es du patrimoine organis\u00e9 par l\u2019association Hiaude : Boucle de 7 km, d\u2019environ 2h. RDV \u00e0 8h45 salle des f\u00eates de Verlhac.<br \/>\n<strong>Dimanche 28 septembre : <\/strong>Villemur \/Tarn : Des Filhols aux Ponsets : Boucle de 9km de 2h30 \u00e0 3h.<br \/>\n<strong>Samedi 4 octobre :<\/strong> Bruniquel : circuit du Cab\u00e9ou :  10 km d\u2019une dur\u00e9e de  2h30 \u00e0 3h.<br \/>\n<strong>Dimanche 12 octobre :<\/strong> Bioule : circuit de la  Bouffi\u00e8re : 9,7km  d\u2019une dur\u00e9e  de 3h.<br \/>\n<strong>Samedi 18 octobre :<\/strong> Varennes : circuit de 11,7 km d\u2019une dur\u00e9e de 3h30.<br \/>\n<strong>Dimanche 26 octobre : <\/strong>Montastruc : circuit de 8.5 km d\u2019une dur\u00e9e de 2h30<br \/>\n<strong>Dimanche 2 novembre : <\/strong>Le Born : circuit de 5km d\u2019une dur\u00e9e de 2h.<\/p>\n<p>Ceux qui  d\u00e9sirent randonner en semaine un rendez vous est fix\u00e9 les jeudis \u00e0 14h devant la mairie de La Salvetat. Le circuit de la randonn\u00e9e sera d\u00e9termin\u00e9 entre les participants sur place.<br \/>\nContact : Andr\u00e9 BROUSSE 06-10-05-49-04<\/p>\n<ul>\n<li><strong>POUR LES CYCLISTES SUR ROUTE :<\/strong><\/li>\n<\/ul>\n<p><strong>&#8211; le dimanche matin <\/strong>rendez-vous \u00e0 8h30 \u00e0 la Mairie de La Salvetat. Les parcours seront \u00e9tablis en fonction des participants et de la m\u00e9t\u00e9o (g\u00e9n\u00e9ralement de 60 \u00e0 90 km). En cas de participation \u00e0 des sorties organis\u00e9es par d\u2019autres clubs le lieu de rendez-vous et d\u00e9part pourra changer, ainsi qu\u2019en cas de mauvais temps.<br \/>\n<strong>&#8211; le mercredi apr\u00e8s-midi,<\/strong> d\u00e9part de Verlhac vers 17h00 pour une sortie d\u2019une cinquantaine de kilom\u00e8tres.<\/p>\n<blockquote style=\"text-align: justify;\"><p>En  cas de probl\u00e8me       d\u2019encadrement, de m\u00e9t\u00e9o, ou tout autre     impr\u00e9vu,  les organisateurs       pourront \u00eatre amen\u00e9s \u00e0 changer le  parcours     initialement pr\u00e9vu,     c\u2019est   pourquoi nous vous conseillons de  toujours     venir au  point    de   rendez-vous \u00e0 la Mairie de la Salvetat.<\/p>\n<p>Vous pouvez \u00e9galement trouver des informations sur le panneau            d\u2019affichage situ\u00e9 \u00e0 c\u00f4t\u00e9 de la porte d\u2019entr\u00e9e de la salle \u00e0 la Mairie    de         la Salvetat, ou sur le site internet de l\u2019association \u00e0     l\u2019adresse  <a title=\"Ouvre le site dans une nouvelle fen\u00eatre\" href=\"http:\/\/la-belle-montee.clubeo.com\" target=\"_blank\">http:\/\/la-belle-montee.clubeo.com<\/a>.<\/p><\/blockquote>\n<p style=\"text-align: justify;\"><strong>Contacts : <\/strong><a title=\"Cliquez pour ouvrir la fiche dans l'annuaire d'OPI\" href=\"https:\/\/www.o-p-i.fr\/aupays\/annuaire\/loisirs\/la-belle-montee-loisirs-et-sports-en-quercy-vert\/\">La Belle Mont\u00e9e<\/a><\/p>\n<p style=\"text-align: justify;\"><strong>V\u00e9lo : <\/strong><br \/>\nEric VIES<br \/>\nT\u00e9l. : 06 08 88 63 37<br \/>\nChristophe ESCALETTE<br \/>\nT\u00e9l. : 06 84 09 42 99<br \/>\nJean-Marc SANGLA<br \/>\nT\u00e9l. : 05 63 30 34 16<\/p>\n<p style=\"text-align: justify;\"><strong>Marche : <\/strong><br \/>\nGenevi\u00e8ve DOUREL<br \/>\nT\u00e9l. : 06 28 35 48 78<br \/>\nLucienne DAVID<br \/>\nT\u00e9l. : 05 63 30 30 03<\/p>\n<p style=\"text-align: justify;\"><em>Communiqu\u00e9 par Jean-Marc Sangla<\/em><\/p>\n","protected":false},"excerpt":{"rendered":"<div class=\"mh-excerpt\">Vous trouverez ci-dessous le programme du 21 septembre au 2 novembre 2014 de l\u2019association La Belle Mont\u00e9e, Loisirs et sports en Quercy Vert.<\/div>\n","protected":false},"author":2,"featured_media":0,"comment_status":"open","ping_status":"open","sticky":false,"template":"","format":"standard","meta":{"om_disable_all_campaigns":false,"advanced_seo_description":"","jetpack_seo_html_title":"","jetpack_seo_noindex":false,"_jetpack_memberships_contains_paid_content":false,"footnotes":"","_links_to":"","_links_to_target":""},"categories":[34,54,648,53,2106,2116,2154],"tags":[166,181,192,641],"class_list":{"0":"post-22935","1":"post","2":"type-post","3":"status-publish","4":"format-standard","6":"category-salvetat","7":"category-loisirs","8":"category-cest-la-rentree","9":"category-sports","10":"category-n-102-septembre-2014","11":"category-n-103-octobre-2014","12":"category-n-104-novembre-2014","13":"tag-randonnee","14":"tag-la-salvetat-belmontet","15":"tag-velo","16":"tag-course"},"jetpack_featured_media_url":"","views":{"total":0,"cached_at":"","cached_date":1738528477},"jetpack_likes_enabled":true,"jetpack_sharing_enabled":true,"jetpack_shortlink":"https:\/\/wp.me\/pg7Wxj-5XV","jetpack-related-posts":[],"_links":{"self":[{"href":"https:\/\/www.o-p-i.fr\/parlonsen\/wp-json\/wp\/v2\/posts\/22935","targetHints":{"allow":["GET"]}}],"collection":[{"href":"https:\/\/www.o-p-i.fr\/parlonsen\/wp-json\/wp\/v2\/posts"}],"about":[{"href":"https:\/\/www.o-p-i.fr\/parlonsen\/wp-json\/wp\/v2\/types\/post"}],"author":[{"embeddable":true,"href":"https:\/\/www.o-p-i.fr\/parlonsen\/wp-json\/wp\/v2\/users\/2"}],"replies":[{"embeddable":true,"href":"https:\/\/www.o-p-i.fr\/parlonsen\/wp-json\/wp\/v2\/comments?post=22935"}],"version-history":[{"count":0,"href":"https:\/\/www.o-p-i.fr\/parlonsen\/wp-json\/wp\/v2\/posts\/22935\/revisions"}],"wp:attachment":[{"href":"https:\/\/www.o-p-i.fr\/parlonsen\/wp-json\/wp\/v2\/media?parent=22935"}],"wp:term":[{"taxonomy":"category","embeddable":true,"href":"https:\/\/www.o-p-i.fr\/parlonsen\/wp-json\/wp\/v2\/categories?post=22935"},{"taxonomy":"post_tag","embeddable":true,"href":"https:\/\/www.o-p-i.fr\/parlonsen\/wp-json\/wp\/v2\/tags?post=22935"}],"curies":[{"name":"wp","href":"https:\/\/api.w.org\/{rel}","templated":true}]}}