{"id":23036,"date":"2014-09-23T17:08:01","date_gmt":"2014-09-23T15:08:01","guid":{"rendered":"\/parlonsen\/?p=23036"},"modified":"2014-09-19T22:24:06","modified_gmt":"2014-09-19T20:24:06","slug":"lespagne-sinvite-a-la-salle-des-fetes-a-leojac-82","status":"publish","type":"post","link":"https:\/\/www.o-p-i.fr\/parlonsen\/localisation\/au-pays-des-tescous\/leojac\/lespagne-sinvite-a-la-salle-des-fetes-a-leojac-82\/","title":{"rendered":"L&rsquo;Espagne s&rsquo;invite \u00e0 la salle des f\u00eates &#8230; \u00e0 L\u00e9ojac (82)"},"content":{"rendered":"<p>Le Comit\u00e9 des F\u00eates de L\u00e9ojac vous propose repas et soir\u00e9e dansante aux couleurs de l&rsquo;espagne le <strong>Samedi 4 Octobre 2014<\/strong> \u00e0 partir\u00a0 de 20h.<!--more--><\/p>\n<figure id=\"attachment_23038\" aria-describedby=\"caption-attachment-23038\" style=\"width: 300px\" class=\"wp-caption alignright\"><a href=\"https:\/\/i0.wp.com\/www.o-p-i.fr\/parlonsen\/wp-content\/uploads\/repasleojac-espagne.jpg?ssl=1\"><img data-recalc-dims=\"1\" loading=\"lazy\" decoding=\"async\" class=\"size-medium wp-image-23038\" title=\"Soir\u00e9e espagnole \u00e0 L\u00e9ojac (82)\" src=\"https:\/\/i0.wp.com\/www.o-p-i.fr\/parlonsen\/wp-content\/uploads\/repasleojac-espagne-300x132.jpg?resize=300%2C132&#038;ssl=1\" alt=\"Soir\u00e9e espagnole \u00e0 L\u00e9ojac (82)\" width=\"300\" height=\"132\" srcset=\"https:\/\/i0.wp.com\/www.o-p-i.fr\/parlonsen\/wp-content\/uploads\/repasleojac-espagne.jpg?resize=300%2C132&amp;ssl=1 300w, https:\/\/i0.wp.com\/www.o-p-i.fr\/parlonsen\/wp-content\/uploads\/repasleojac-espagne.jpg?w=400&amp;ssl=1 400w\" sizes=\"auto, (max-width: 300px) 100vw, 300px\" \/><\/a><figcaption id=\"caption-attachment-23038\" class=\"wp-caption-text\">Soir\u00e9e espagnole \u00e0 L\u00e9ojac (82)<\/figcaption><\/figure>\n<p>Au menu :<br \/>\nAp\u00e9ritif Espagnol (sangria rouge et blanche, charcuteries, etc.)<br \/>\nAssortiment de Tapas<br \/>\nCaf\u00e9 Gourmand<\/p>\n<p>Vin rouge et ros\u00e9 compris<\/p>\n<p>Menu Enfant : Nuggets \/\u00a0 Frites &#8211; Dessert &#8211; Boisson<\/p>\n<p>Une buvette sera ouverte en suppl\u00e9ment pour le reste de la soir\u00e9e.<\/p>\n<p><strong>Tarifs : <\/strong><br \/>\nAdultes\u00a0 : 20 \u20ac<br \/>\nEnfants (jusqu&rsquo;\u00e0 12 ans) : 10 \u20ac<\/p>\n<p>R\u00e9servation <span style=\"text-decoration: underline;\">avant le 30 septembre 2014<\/span>.<\/p>\n<p>Pour t\u00e9l\u00e9charger le bulletin d\u2019inscription, <a href=\"https:\/\/www.o-p-i.fr\/parlonsen\/wp-content\/uploads\/repasleojac_oct2014.pdf\">cliquez ici !<\/a><\/p>\n<p><strong>Contact : <\/strong>Comit\u00e9 des F\u00eates de L\u00e9ojac<br \/>\nSALGADO Julien<br \/>\n2171 Route de Belelgarde<br \/>\n82230 LEOJAC<br \/>\nT\u00e9l. : 06 76 14 16 98<\/p>\n<p>MONTE Julie<br \/>\n1675 Route de Monclar<br \/>\nBellegarde<br \/>\n82230 LEOJAC<br \/>\nT\u00e9l. : 06 87 80 20 58<\/p>\n<p><em>Communiqu\u00e9 de Nicolas Balsemin pour le comit\u00e9 des f\u00eates<\/em><\/p>\n","protected":false},"excerpt":{"rendered":"<div class=\"mh-excerpt\">Le Comit\u00e9 des F\u00eates de L\u00e9ojac vous propose repas et soir\u00e9e dansante aux couleurs de l&rsquo;espagne le Samedi 4 Octobre 2014 \u00e0 partir\u00a0 de 20h.<\/div>\n","protected":false},"author":2,"featured_media":0,"comment_status":"open","ping_status":"open","sticky":false,"template":"","format":"standard","meta":{"om_disable_all_campaigns":false,"advanced_seo_description":"","jetpack_seo_html_title":"","jetpack_seo_noindex":false,"_jetpack_memberships_contains_paid_content":false,"footnotes":"","_links_to":"","_links_to_target":""},"categories":[30,54,2116],"tags":[2553,156,157,541,1628],"class_list":{"0":"post-23036","1":"post","2":"type-post","3":"status-publish","4":"format-standard","6":"category-leojac","7":"category-loisirs","8":"category-n-103-octobre-2014","9":"tag-leojac","10":"tag-bal","11":"tag-repas","12":"tag-espagne","13":"tag-soiree-dansante"},"jetpack_featured_media_url":"","views":{"total":0,"cached_at":"","cached_date":1738417002},"jetpack_likes_enabled":true,"jetpack_sharing_enabled":true,"jetpack_shortlink":"https:\/\/wp.me\/pg7Wxj-5Zy","jetpack-related-posts":[],"_links":{"self":[{"href":"https:\/\/www.o-p-i.fr\/parlonsen\/wp-json\/wp\/v2\/posts\/23036","targetHints":{"allow":["GET"]}}],"collection":[{"href":"https:\/\/www.o-p-i.fr\/parlonsen\/wp-json\/wp\/v2\/posts"}],"about":[{"href":"https:\/\/www.o-p-i.fr\/parlonsen\/wp-json\/wp\/v2\/types\/post"}],"author":[{"embeddable":true,"href":"https:\/\/www.o-p-i.fr\/parlonsen\/wp-json\/wp\/v2\/users\/2"}],"replies":[{"embeddable":true,"href":"https:\/\/www.o-p-i.fr\/parlonsen\/wp-json\/wp\/v2\/comments?post=23036"}],"version-history":[{"count":0,"href":"https:\/\/www.o-p-i.fr\/parlonsen\/wp-json\/wp\/v2\/posts\/23036\/revisions"}],"wp:attachment":[{"href":"https:\/\/www.o-p-i.fr\/parlonsen\/wp-json\/wp\/v2\/media?parent=23036"}],"wp:term":[{"taxonomy":"category","embeddable":true,"href":"https:\/\/www.o-p-i.fr\/parlonsen\/wp-json\/wp\/v2\/categories?post=23036"},{"taxonomy":"post_tag","embeddable":true,"href":"https:\/\/www.o-p-i.fr\/parlonsen\/wp-json\/wp\/v2\/tags?post=23036"}],"curies":[{"name":"wp","href":"https:\/\/api.w.org\/{rel}","templated":true}]}}