{"id":23207,"date":"2014-10-01T09:36:27","date_gmt":"2014-10-01T07:36:27","guid":{"rendered":"\/parlonsen\/?p=23207"},"modified":"2014-10-01T09:36:27","modified_gmt":"2014-10-01T07:36:27","slug":"nouvelle-exposition-a-lespace-paysart-a-genebrieres-82-2","status":"publish","type":"post","link":"https:\/\/www.o-p-i.fr\/parlonsen\/parlons-en\/culture\/nouvelle-exposition-a-lespace-paysart-a-genebrieres-82-2\/","title":{"rendered":"Nouvelle exposition \u00e0 l&rsquo;Espace Pays&rsquo;ART &#8230; \u00e0 Genebri\u00e8res (82)"},"content":{"rendered":"<p style=\"text-align: justify;\">Vous pourrez admirer le travail de trois talentueux artistes : CHRIS (peinture), Michel Facon (sculpture) et Bruno VIALELLE (photographie) lors du vernissage de la nouvelle exposition le<strong> Samedi 4 octobre 2014<\/strong> \u00e0 partir de 18h30.<!--more--><\/p>\n<figure id=\"attachment_23208\" aria-describedby=\"caption-attachment-23208\" style=\"width: 723px\" class=\"wp-caption aligncenter\"><a href=\"https:\/\/i0.wp.com\/www.o-p-i.fr\/parlonsen\/wp-content\/uploads\/paysartexpo2014.jpg?ssl=1\"><img data-recalc-dims=\"1\" loading=\"lazy\" decoding=\"async\" class=\"size-large wp-image-23208\" title=\"Exposition \u00e0 l'Espace Pays'ART \u00e0 Genebri\u00e8res\" src=\"https:\/\/i0.wp.com\/www.o-p-i.fr\/parlonsen\/wp-content\/uploads\/paysartexpo2014.jpg?resize=723%2C1024&#038;ssl=1\" alt=\"Exposition \u00e0 l'Espace Pays'ART \u00e0 Genebri\u00e8res\" width=\"723\" height=\"1024\" srcset=\"https:\/\/i0.wp.com\/www.o-p-i.fr\/parlonsen\/wp-content\/uploads\/paysartexpo2014.jpg?resize=723%2C1024&amp;ssl=1 723w, https:\/\/i0.wp.com\/www.o-p-i.fr\/parlonsen\/wp-content\/uploads\/paysartexpo2014.jpg?resize=212%2C300&amp;ssl=1 212w, https:\/\/i0.wp.com\/www.o-p-i.fr\/parlonsen\/wp-content\/uploads\/paysartexpo2014.jpg?w=750&amp;ssl=1 750w\" sizes=\"auto, (max-width: 723px) 100vw, 723px\" \/><\/a><figcaption id=\"caption-attachment-23208\" class=\"wp-caption-text\">Exposition \u00e0 l&#39;Espace Pays&#39;ART \u00e0 Genebri\u00e8res<\/figcaption><\/figure>\n<p><strong>Contact : <\/strong><a title=\"Cliquez pour ouvrir la fiche dans l'annuaire\" href=\"https:\/\/www.o-p-i.fr\/aupays\/annuaire\/loisirs\/paysart\/\">Pays&rsquo;Art<\/a><\/p>\n<p><em>Communiqu\u00e9 de Myriam Vigneau, Pr\u00e9sidente de Pays&rsquo;ART<\/em><\/p>\n","protected":false},"excerpt":{"rendered":"<div class=\"mh-excerpt\">Vous pourrez admirer le travail de trois talentueux artistes : CHRIS (peinture), Michel Facon (sculpture) et Bruno VIALELLE (photographie) lors du vernissage de la nouvelle exposition le Samedi 4 octobre 2014 \u00e0 partir de 18h30.<\/div>\n","protected":false},"author":2,"featured_media":0,"comment_status":"open","ping_status":"open","sticky":false,"template":"","format":"standard","meta":{"om_disable_all_campaigns":false,"advanced_seo_description":"","jetpack_seo_html_title":"","jetpack_seo_noindex":false,"_jetpack_memberships_contains_paid_content":false,"footnotes":"","_links_to":"","_links_to_target":""},"categories":[1,29,54,704,2116,2154,2174],"tags":[172,2552,200],"class_list":{"0":"post-23207","1":"post","2":"type-post","3":"status-publish","4":"format-standard","6":"category-culture","7":"category-genebrieres","8":"category-loisirs","9":"category-cest-lautomne","10":"category-n-103-octobre-2014","11":"category-n-104-novembre-2014","12":"category-n-105-decembre-2014","13":"tag-exposition","14":"tag-genebrieres","15":"tag-art"},"jetpack_featured_media_url":"","views":{"total":0,"cached_at":"","cached_date":1738528451},"jetpack_likes_enabled":true,"jetpack_sharing_enabled":true,"jetpack_shortlink":"https:\/\/wp.me\/pg7Wxj-62j","jetpack-related-posts":[],"_links":{"self":[{"href":"https:\/\/www.o-p-i.fr\/parlonsen\/wp-json\/wp\/v2\/posts\/23207","targetHints":{"allow":["GET"]}}],"collection":[{"href":"https:\/\/www.o-p-i.fr\/parlonsen\/wp-json\/wp\/v2\/posts"}],"about":[{"href":"https:\/\/www.o-p-i.fr\/parlonsen\/wp-json\/wp\/v2\/types\/post"}],"author":[{"embeddable":true,"href":"https:\/\/www.o-p-i.fr\/parlonsen\/wp-json\/wp\/v2\/users\/2"}],"replies":[{"embeddable":true,"href":"https:\/\/www.o-p-i.fr\/parlonsen\/wp-json\/wp\/v2\/comments?post=23207"}],"version-history":[{"count":0,"href":"https:\/\/www.o-p-i.fr\/parlonsen\/wp-json\/wp\/v2\/posts\/23207\/revisions"}],"wp:attachment":[{"href":"https:\/\/www.o-p-i.fr\/parlonsen\/wp-json\/wp\/v2\/media?parent=23207"}],"wp:term":[{"taxonomy":"category","embeddable":true,"href":"https:\/\/www.o-p-i.fr\/parlonsen\/wp-json\/wp\/v2\/categories?post=23207"},{"taxonomy":"post_tag","embeddable":true,"href":"https:\/\/www.o-p-i.fr\/parlonsen\/wp-json\/wp\/v2\/tags?post=23207"}],"curies":[{"name":"wp","href":"https:\/\/api.w.org\/{rel}","templated":true}]}}