{"id":23286,"date":"2015-06-18T11:00:27","date_gmt":"2015-06-18T10:00:27","guid":{"rendered":"\/parlonsen\/?p=23286"},"modified":"2016-02-04T18:11:04","modified_gmt":"2016-02-04T17:11:04","slug":"vide-greniers-2015au-pays-des-tescous","status":"publish","type":"post","link":"https:\/\/www.o-p-i.fr\/parlonsen\/parlons-en\/commerce\/vide-greniers-2015au-pays-des-tescous\/","title":{"rendered":"Vide-greniers 2015 &#8230; au Pays des Tescou&rsquo;s"},"content":{"rendered":"<p>Comme les ann\u00e9es pr\u00e9c\u00e9dentes, \u00ab\u00a0Parlons-en\u00a0\u00bb met \u00e0 la disposition des organisateurs de Vide-Greniers, de ceux qui souhaitent exposer&#8230; et de ceux qui veulent \u00ab\u00a0chiner\u00a0\u00bb au Pays des Tescou&rsquo;s\u00a0 et dans les environs, sa page sp\u00e9ciale Vide-greniers .<!--more-->Vous organisez un \u00ab\u00a0vide-grenier\u00a0\u00bb, \u00ab\u00a0vide-garage\u00a0\u00bb, \u00ab\u00a0range ta chambre\u00a0\u00bb, \u00ab\u00a0vide jardin\u00a0\u00bb&#8230; faites le savoir gr\u00e2ce au site d&rsquo;O.P.I. des Tescou&rsquo;s et \u00e0 la lettre d&rsquo;information \u00a0\u00ab\u00a0Parlons-en\u00a0\u00bb envoy\u00e9e par courriel \u00e0 plus de 2200 familles qui vivent ici, au \u00ab\u00a0Pays des Tescou&rsquo;s\u00a0\u00bb.\u00a0 Adressez vos informations \u00e0 <a href=\"mailto:parlonsen@o-p-i.fr\"><strong>parlonsen@o-p-i<\/strong>.fr<\/a> en pr\u00e9cisant comme objet : \u00ab\u00a0vide-greniers\u00a0\u00bb. Si vous joignez le bulletin d&rsquo;inscription, les personnes int\u00e9ress\u00e9es pourront le t\u00e9l\u00e9charger.<\/p>\n<h5><\/h5>\n<p style=\"text-align: center;\"><span style=\"font-size: 2em;\"><strong>Trop tard, ils ont d\u00e9j\u00e0 eu lieu<\/strong><\/span><\/p>\n<h5>Samedi 7 \/dimanche 8 f\u00e9vrier 2015<\/h5>\n<ul>\n<li><strong>LE CARREYRAT<\/strong> (pr\u00e8s de Montauban) Salle des f\u00eates du Carreyrat (Route du Carreyrat)<br \/>\nBuvette et restauration sur place<br \/>\nTarifs : en salle 4 \u20ac \u00a0le m\u00e8tre par jour et 3 \u20ac \u00e0 l\u2019ext\u00e9rieur par jour<br \/>\nRenseignements et inscriptions : \u00a0\u00bb Entre-nous\u00a0\u00bb : 06 71 30 31 52<\/li>\n<\/ul>\n<h5>Dimanche 1er Mars 2015<\/h5>\n<ul>\n<li><strong>MONCLAR de QUERCY<\/strong> &#8211; Grand Vide Greniers de Printemps organis\u00e9 par l&rsquo;APEL St Jospeh &#8211;\u00a0 Esplanade des Lacs \/ Salle Polyvalente \/ Boulodrome couvert<br \/>\nBuvette et restauration sur place &#8211; Saucisse\/Merguez &#8211; Frites &#8211; Cr\u00eapes &#8230;<br \/>\nTarifs : 2\u20ac le Ml \u00e0 l\u2019ext\u00e9rieur \/ 3\u20ac le Ml sous le boulodrome \/ 4\u20ac le Ml dans la salle polyvalente<br \/>\nRenseignements et inscriptions : \u00ab\u00a0APEL St Joseph\u00a0\u00bb\u00a0 : 06.99.11.43.21 ou 09.79.56.54.95<br \/>\nPour t\u00e9l\u00e9charger le bulletin d\u2019inscription, cliquez : <strong><a href=\"https:\/\/www.o-p-i.fr\/parlonsen\/wp-content\/uploads\/inscription-vide-grenier-1-03-2015.pdf\">inscription-vide-grenier<br \/>\n<\/a> <\/strong><\/li>\n<li><strong>FINHAN<\/strong> Vide ta chambre. Organis\u00e9 par l&rsquo;APE \u00e9cole Jean LACAZE<br \/>\nRenseignements : 07 83 00 32 03<\/li>\n<li><strong>BRESSOLS<\/strong> \u00a0 Vide greniers organis\u00e9 par l&rsquo;Amicale du Personnel Communal<br \/>\nRenseignements: au 05 63 02 95 16 (9h-12h \/ 14h-17h du lundi au vendredi &#8211; 9h-12h le samedi)<\/li>\n<\/ul>\n<h5>Dimanche 8 mars 2015<\/h5>\n<ul>\n<li><strong>ALBI<\/strong> \u00a038\u00b0 Salon de la carte postale et des collections. Salle de Pratgraussals<br \/>\nRenseignements : 06 84 05 75 42<br \/>\nRestauration sur place (Cardoso Traiteur)<\/li>\n<li><strong>CAUSSADE<\/strong> Vide grniers Brocante de la Croix Rouge. de 8h. \u00e0 17h. \u00e0 l&rsquo;Espace Bonna\u00efs<br \/>\nBuvette, buffet<br \/>\npour t\u00e9l\u00e9charger le bulletin d&rsquo;inscription, cliquez:<strong><a href=\"https:\/\/www.o-p-i.fr\/parlonsen\/wp-content\/uploads\/Inscription-VG-Caussade.pdf\">Inscription VG Caussade<\/a><\/strong><\/li>\n<li><strong>COUFOULEUX<\/strong> \u00a0Broc&rsquo;Enfants organis\u00e9 par l&rsquo;A.P.E. conseil local FCPE de Coufouleux<br \/>\nSalle Herv\u00e9 de Guerdavid et Gymnase )\u00e0 Coufouleux. De 9h. \u00e0 17h.<br \/>\nJeux, livres v\u00eatements d&rsquo;enfants et mat\u00e9riel de pu\u00e9riculture d&rsquo;occasion<br \/>\nBuvette et restauration sur place<\/li>\n<\/ul>\n<h5>Dimanche 15 mars 2015<\/h5>\n<ul>\n<li><strong><strong><strong>MONCLAR de QUERCY <\/strong><\/strong><\/strong>L&rsquo;Office de Tourisme organise un vide grenier dimanche 15 mars Inscrivez-vous ! 05 63 30 31 72 \/06 71 00 29 25<strong><strong><br \/>\n<\/strong><\/strong>T\u00e9l\u00e9charger le bulletin d&rsquo;inscription en cliquant<strong><strong> : \u00a0<a href=\"https:\/\/www.o-p-i.fr\/parlonsen\/wp-content\/uploads\/videgreniers-ot-monclar.pdf\">Inscription Vide Greniers O.T. Monclar<\/a><\/strong><\/strong><\/li>\n<li><strong><strong><strong>BRUNIQUEL<\/strong> <\/strong><\/strong>Vide-biblioth\u00e8que le Dimanche 15 mars 2015 de 8h \u00e0 18h \u00e0 la salle des f\u00eates de Bruniquel.<\/li>\n<li><strong>CAUBIAC<\/strong>\u00a0 Vide greniers \u00ab\u00a0pu\u00e9riculture\u00a0\u00bb (de 0 \u00e0 16 ans) organis\u00e9 par l&rsquo;association SAFIR<br \/>\nRenseignements: \u00a007 86 17 44 78<\/li>\n<li><strong>REYNIES<\/strong> Bourse aux v\u00e8tements et pu\u00e9riculture<\/li>\n<\/ul>\n<h5>Samedi 28 mars 2015<\/h5>\n<ul>\n<li><strong>CASTELSARRASIN<\/strong> \u00a0Vide greniers propos\u00e9 par l&rsquo;association \u00ab\u00a0Les Amis du Gravil\u00a0\u00bb promenade du Ch\u00e2teau<br \/>\nRenseignements et inscription : 05 63 32 23 61 ou 06 16 41 00 84<\/li>\n<\/ul>\n<h5>Dimanche 29 mars 2015<\/h5>\n<ul>\n<li><strong>RABASTENS<\/strong> . Vide greniers organis\u00e9 par le SARC XV.<br \/>\nEmplacement: 4\u20ac le ml \u00a0R\u00e9servation: 06 47 48 84 37<\/li>\n<li><strong>SAINT ETIENNE DE TULMONT<\/strong> Vide greniers organis\u00e9 par \u00ab\u00a0BB Cailloux 82\u00a0\u00bb<br \/>\nPlace de Tulmolenc (face \u00e0 Carrefour Market)<br \/>\nRenseignements : Sandrine 06 13 73 38 56<\/li>\n<li><strong>GAILLAC<\/strong> \u00a0Vide greniers organis\u00e9 par l&rsquo;\u00e9cole Eugn\u00e9nie de Gu\u00e9rin-Saint Charles<br \/>\nRenseignements sur le site: <strong><a title=\"voir le site\" href=\"http:\/\/eugeniedeguerin.fr\/vide-grenier\/\" target=\"_blank\">cliquez ici<\/a><\/strong><\/li>\n<\/ul>\n<h5>Dimanche 5 avril 2015<\/h5>\n<ul>\n<li><strong>ALBIAS.<\/strong> Vide greniers organis\u00e9 par l&rsquo;association \u00ab\u00a0Trial Kelly Passion\u00a0\u00bb Salle omnisport<br \/>\nTarif exposants : 3\u20ac le ml \u00e0 l&rsquo;ext\u00e9rieur, 4\u20ac le ml \u00e0 l&rsquo;int\u00e9rieur<br \/>\nBuvette et restauration sur place:Cr\u00e8pes, sandwich, grillades,frites, boissons.<br \/>\nRenseignements: 06 58 20 09 62<br \/>\nPour t\u00e9l\u00e9charger le bulletin d&rsquo;inscription, cliquez:\u00a0<strong><a href=\"https:\/\/www.o-p-i.fr\/parlonsen\/wp-content\/uploads\/Inscription-V.G.-Albias.pdf\">Inscription V.G. Albias<\/a><\/strong><\/li>\n<\/ul>\n<h5>Dimanche 5 et lundi 6 avril 2015<\/h5>\n<ul>\n<li><strong>LE CARREYRAT<\/strong>. Vide grenier organis\u00e9 par l&rsquo;association \u00ab\u00a0Entre Nous\u00a0\u00bb \u00e0 la salle des f\u00eates<br \/>\nAnimations pour les enfants. Restauration et buvette<br \/>\nRenseignements : 06 71 30 31 52<br \/>\nPour t\u00e9l\u00e9charger le bulletin d&rsquo;inscription, cliquez:\u00a0<strong><a href=\"https:\/\/www.o-p-i.fr\/parlonsen\/wp-content\/uploads\/Inscription-V.G.-Le-Carreyrat-avril.pdf\">Inscription V.G. Le Carreyrat avril 2015<\/a><\/strong><\/li>\n<\/ul>\n<h5>Lundi 6 avril 2015<\/h5>\n<ul>\n<li><strong>SAINT-NAUPHARY\u00a0<\/strong>Vide greniers organis\u00e9 par l&rsquo;association \u00ab\u00a0<strong>Lo Reviscol\u00a0\u00bb<\/strong><br \/>\nRenseignements: Madame Jocelyne BENTEO 05 63 30 09 64 \u00a0OU Monsieur Edm\u00e9 CAMPAGNOLI 06 79 60 58 76<br \/>\nPour t\u00e9l\u00e9charger le bulletin d&rsquo;inscription, cliquez:\u00a0<strong><a href=\"https:\/\/www.o-p-i.fr\/parlonsen\/wp-content\/uploads\/Inscription-VG-Lo-Reviscol.pdf\">Inscription VG Lo Reviscol<\/a><\/strong><\/li>\n<\/ul>\n<h5>Dimanche 12 avril 2015<\/h5>\n<ul>\n<li><strong>LA MAGISTERE<\/strong> Organis\u00e9 p\u00e2r l&rsquo;association \u00ab\u00a0Cap vers l&rsquo;Avenir\u00a0\u00bb Place du pont de 9h. \u00e0 19h.<br \/>\nBuvette, grillades. Man\u00e8ge enfants<br \/>\nContacts: 06 80 13 58 57 ou 06 25 95 34 67<br \/>\nPour t\u00e9l\u00e9charger le bulletin d&rsquo;inscription, cliquez :<strong><a href=\"https:\/\/www.o-p-i.fr\/parlonsen\/wp-content\/uploads\/Inscription-VG-La-Magistere.pdf\">Inscription VG La Magistere<\/a><\/strong><\/li>\n<li><strong>BRENS<\/strong>\u00a0 A l&rsquo;In\u00e9opole Formation (823 avenue de la f\u00e9dari\u00e9)\u00a0Le <strong>vide ta chambre<\/strong> se passera \u00e0 l&rsquo;int\u00e9rieur, sauf si beau-temps.<br \/>\nL&#8217;emplacement \u00a0(2m60x1m) sera \u00e0 8\u20ac, les tables et les chaises sont fournies.<br \/>\nUn parking sera r\u00e9serv\u00e9 pour les exposants ainsi que pour les visiteurs.<br \/>\nA\u00a0disposition une buvette, des viennoiseries et des sandwichs.<br \/>\nRenseignements: Eline PRIOU \u00a006 68 45 24 83<\/li>\n<li><strong>CAUSSADE<\/strong> \u00a0Antiquit\u00e9s\/Brocante. (Expposants Professionels) Promenade Didier Rey<br \/>\nRenseignements Alain LAMER 06 14 17 58 34 \u00a0OU Patrick BRU 06 12 71 54 26<\/li>\n<li><strong>MAGNANAC<\/strong> (commune de Villemur\/Tarn)\u00a012eme bourse d&rsquo;\u00e9change et expo motos anciennes,vide grenier,pr\u00e9sence de<br \/>\nprofessionnels.Buvette et restauration sur place.<br \/>\nRenseignements:05 61 09 52 51 ou 06 03 85 27 65<\/li>\n<li><strong>LISLE SUR TARN<\/strong>\u00a0 Vide greniers organis\u00e9 par l&rsquo;amicale de \u00e9coles publiques<br \/>\nTarif exposants: 5\u20ac le ml (pour 4ml, le 5eme offert)<br \/>\nBuvette.<br \/>\nRenseignements 06 52 76 18 71<\/li>\n<\/ul>\n<h5>Samedi 18 et dimanche 19 avril 2015<\/h5>\n<ul>\n<li><strong>FALGUIERES<\/strong>\u00a0Vide grenier organis\u00e9 par l&rsquo;association \u00ab\u00a0Entre Nous\u00a0\u00bb \u00e0 la salle des f\u00eates<br \/>\nAnimations pour les enfants. Restauration et buvette<br \/>\nRenseignements : 06 71 30 31 52<br \/>\nPour t\u00e9l\u00e9charger le bulletin d&rsquo;inscription, cliquez:\u00a0<strong><a href=\"https:\/\/www.o-p-i.fr\/parlonsen\/wp-content\/uploads\/ins-VG-Falgui\u00e8res-avril.pdf\">ins VG Falgui\u00e8res avril<\/a><\/strong><\/li>\n<li><strong>GAILLAC<\/strong> Bourse d&rsquo;\u00e9changes Auto-Moto <span class=\"blockContent centerTxt\">Parc et gymnase Pichery (<em>D3<\/em>)\u00a0 Organis\u00e9 par l<a title=\"cliquez pour voir le site de l'AVAG\" href=\"http:\/\/www.avag81.com\/1.html\" target=\"_blank\">&lsquo;<strong>AVAG<\/strong><\/a><br \/>\nBuvette et restauration sur place.<br \/>\nParking r\u00e9serv\u00e9 aux v\u00e9hicules anciens<\/span><\/li>\n<\/ul>\n<h5>Dimanche 19 avril 2015<\/h5>\n<ul>\n<li><strong>LOUBEJAC<\/strong> . Vide ton garage organis\u00e9 par l&rsquo;association Trial kely Passion<br \/>\n4 \u20ac le ml<br \/>\nRenseignements : 06 58 20 09 62<\/li>\n<li><strong>CAUSSADE<\/strong> Vide greniers du Handball Quercy Caussadais Halle Bonna\u00efs, rue de la solidarit\u00e9<\/li>\n<\/ul>\n<h5>Dimanche 26 avril 2015<\/h5>\n<ul>\n<li><strong>SAINT URCISSE<\/strong> Vide jardins Dans le cadre du 6eme \u00ab\u00a0Vies de Jardin\u00a0\u00bb, \u00e9dition de printemps<br \/>\nRenseignements : Marie-Claire MATE : 06 13 18 20 48<\/li>\n<li><strong>FRONTON<\/strong> Vide greniers des \u00e9coles de Fronton.<br \/>\nRenseignements: 06 07 68 60 49<br \/>\nPour t\u00e9l\u00e9charger le bulletin d&rsquo;inscription cliquez :<strong> <a href=\"https:\/\/www.o-p-i.fr\/parlonsen\/wp-content\/uploads\/bulletin-inscription-vide-grenier-FRONTON.pdf\">bulletin-inscription-vide-grenier FRONTON<\/a><\/strong><\/li>\n<li><strong>VILLEMUR S\/TARN<\/strong> Brocante de la P\u00eache organis\u00e9e par l&rsquo;<strong><a title=\"cliquez pour voir le site de l'association\" href=\"http:\/\/www.fede-peche31.com\/AAPPMA-VILLEMUR-SUR-TARN-P_59.html\" target=\"_blank\">AAPPMA de Villemur<\/a><\/strong>. Salle polyvalente du coll\u00e8ge Albert Camus.<br \/>\nParticuliers et professionnels, emplacements gratuits, petit d\u00e9jeuner offert.<br \/>\nInscription avant le jeudi\u00a0 23 avril: allo: 0562222019 ou courriel: mpmorda@orange.fr<br \/>\nEntr\u00e9e: 1\u20ac. Buvette et restauration sur place<\/li>\n<\/ul>\n<h5>Vendredi 1 mai 2015<\/h5>\n<ul>\n<li><strong>BRESSOLS<\/strong> Le comit\u00e9 des f\u00eates Bressols\/Brial vous invite \u00e0 son vide grenier. Il auras lieu dans le centre du village.<br \/>\nRestauration sur place.<br \/>\nTarif exposant: 2\u20ac le ml. Renseignements: 06 66 77 38 14<\/li>\n<\/ul>\n<h5>Dimanche 3 mai 2015<\/h5>\n<ul>\n<li><strong>LEOJAC<\/strong> Vide greniers de la soci\u00e9t\u00e9 de chasse \u00e0 la salle des f\u00eates et sur son parking d\u00e8s 8 heures et toute la journ\u00e9e.<br \/>\nBuvette et restauration sur place.<br \/>\nRenseignements\u00a0: 06 81 42 08 63<\/li>\n<li><strong>BOULOC\u00a0<\/strong> Braderie: tout pour b\u00e9b\u00e9, pu\u00e9riculture, habits d&rsquo;enfants, jeux<br \/>\nRestauration et stand pour l&rsquo;association <strong><a title=\"cliquez pour voir le site de l'association\" href=\"http:\/\/www.sosprema.com\/\">SOS Pr\u00e9ma<\/a><\/strong> sur place<\/li>\n<li><strong>RABASTENS<\/strong> Floralies, brocante<\/li>\n<li><strong>ALBIAS<\/strong> Vide greniers de l&rsquo;UNC. Dans la salle omnisports et sur son parking<\/li>\n<li><strong>CAUSSADE<\/strong> Bourse mat\u00e9riel de pu\u00e9riculture,v\u00eatements enfants, jouets. <span class=\"blockContent centerTxt\">Halle Bonna\u00efs (<em>Rue de la Solidarit\u00e9<\/em>) <\/span><br \/>\nbuvette sur place<\/li>\n<\/ul>\n<h5>Vendredi 8 mai 2015<\/h5>\n<ul>\n<li><strong>VILLEMUR SUR TARN<\/strong>. <span class=\"blockContent centerTxt\">Le Terme (<em>Rue de l&rsquo;\u00c9glise Saint-Etienne<\/em>) foire &#8211; vide-grenier &#8211; exposition<br \/>\n<\/span>Particuliers et Professionnels\u00a0 2 \u20ac Le m\u00e8tre lin\u00e9aire &#8211; 2 m minimum.<br \/>\nDe 8h \u00e0 18h. Installation \u00e0 partir de 6 h<br \/>\nRestauration et buvette sur place<\/li>\n<\/ul>\n<h5>Dimanche 10\u00a0mai 2015<\/h5>\n<ul>\n<li><strong>ORGUEIL <\/strong>&#8211; Vide-Greniers \/ Foire aux Plantes organis\u00e9 par la P\u00e9tanque Orgueilloise<br \/>\nTarifs :\u00a0 2\u20ac le Ml<br \/>\nToute la journ\u00e9e jeux pour enfants, motos et toboggan.<br \/>\nRenseignements :\u00a0 T\u00e9l. 06.81.51.89.60\u00a0 \/<br \/>\nPour t\u00e9l\u00e9charger le bulletin d\u2019inscription, cliquez :<strong> <a href=\"https:\/\/www.o-p-i.fr\/parlonsen\/wp-content\/uploads\/videgrenier-orgueil2015.pdf\">Inscription Vide Grenier<\/a><\/strong><\/li>\n<li>\u00a0<strong>NEGREPELISSE<\/strong> Vide greniers, March\u00e9 gourmand, Floralies organis\u00e9s par l&rsquo;ACNAL Place Nationale.<br \/>\nContact: 06 74 82 21 76<\/li>\n<li><strong>SAINT \u00c9TIENNE DE TULMONT<\/strong>\u00a0 Vide grenier de l\u2019\u00e9cole publique\u00a0 Place du Tulmonenc<br \/>\nL accueil des exposants se fera \u00e0 7 h. Tarif: 2,50 euros du m\u00e8tre lin\u00e9aire. Renseignements: Tel. 06 76 48 70 98<br \/>\nRepas sur place , boissons chaudes ,g\u00e2teaux.<\/li>\n<li><strong>COURSAC<\/strong> vide grenier\u00a0 place de l&rsquo;\u00e9glise organis\u00e9 par \u00ab\u00a0La R\u00e9cr\u00e9ation\u00a0\u00bb<br \/>\nRestauration sur place et jeux gratuits pour les enfants<br \/>\ncontact: 06.65.65.51.04\/06.10.66.39.32<\/li>\n<li><strong>ALBAN<\/strong> Vide greniers &#8211; brocante &#8211; march\u00e9 au jardinage &#8211; foire \u00e0 tout.\u00a0 Organis\u00e9 par l&rsquo;association <strong><a title=\"cliquez pour voir le site de l'association\" href=\"http:\/\/www.albanterroir.fr\/\" target=\"_blank\">\u00ab\u00a0Alban Terroir\u00a0\u00bb<\/a><\/strong><br \/>\nRenseignements et inscription : 05 63 55 981 79\u00a0 ou\u00a0 05 63 55 97 94<\/li>\n<\/ul>\n<h5>Jeudi 14 mai 20154<\/h5>\n<ul>\n<li><strong>LE BORN<\/strong> &#8211; Foire \u00e0 tout &#8211; Vide greniers. Organis\u00e9 par l&rsquo;APE. Sur laplace du village<br \/>\nTarif: 2\u20ac le ml. Renseignements: Madame BOURNEL 06 79 87 28 01 \u00a0ou \u00a0Madame NEGRO : 06 80 97 79 77<br \/>\nPour t\u00e9l\u00e9charger le bulletin d&rsquo;inscription, cliquez:<strong><a href=\"https:\/\/www.o-p-i.fr\/parlonsen\/wp-content\/uploads\/ins-VG-LeBorn-2015.pdf\">In,scription Vide Greniers LE BORN 2015<\/a><\/strong><br \/>\nA retourner: Madame St\u00e9phanie BOURNEL \u00a0692 route de Varennes 31340 LE BORN<\/li>\n<li>\u00a0<strong>TAURIAC<\/strong> . Comme chaque ann\u00e9e depuis 6 ans, l\u2019association AVEM LESER organise son Vide grenier\u2013Foire \u00e0 tout.<br \/>\nSur la place du village et les rue voisines<br \/>\nTarif: 5\u20ac les 5 m\u00e8tres fixes pour les particuliers,\u00a0\u00a0 et\u00a0\u00a0 20\u20ac les 5 m\u00e8tres fixes pour les professionnels.<br \/>\nPour participer t\u00e9l\u00e9charger le bulletin et retournez le \u00e0:<strong> <a href=\"https:\/\/www.o-p-i.fr\/parlonsen\/wp-content\/uploads\/Inscription-V.G.-de-Tauriac-2015.pdf\">Inscription V.G. de Tauriac 2015<\/a><\/strong><br \/>\nDidier HENNY\u00a0 615 route de Montgaillard 81630 TAURIAC<br \/>\nRenseignements: Jacques au 05 63 40 51 76<\/li>\n<li><strong>GIROUSSENS<\/strong> Vide greniers organis\u00e9 par le Comit\u00e9 des F\u00eates<\/li>\n<li><strong>MONTAUBAN<\/strong> Vide grenier de Lalande Asso de 8h \u00e0 18h \u00e0 l\u2019\u00e9cole Lalande 5 Avenue Anatole France.<br \/>\nTarif exposant\u00a0: 2\u20ac le ml\u00a0\u00a0 Renseignements 05 63 03 28 62 ou 05 63 66 24 81\u00a0 ( Annulation en cas de pluie )<\/li>\n<\/ul>\n<h5>Samedi 16 et dimanche 17 mai 2015<\/h5>\n<ul>\n<li><strong>FONNEUVE\u00a0<\/strong>Vide grenier organis\u00e9 par l&rsquo;association \u00ab\u00a0Entre Nous\u00a0\u00bb \u00e0 la salle des f\u00eates<br \/>\nAnimations pour les enfants. Restauration et buvette<br \/>\nRenseignements : 06 71 30 31 52<br \/>\nPour t\u00e9l\u00e9charger le bulletin d&rsquo;inscription, cliquez:<strong>\u00a0<a href=\"https:\/\/www.o-p-i.fr\/parlonsen\/wp-content\/uploads\/ins-VG-Fonneuve.pdf\">inscription VG Fonneuve<\/a><\/strong><\/li>\n<\/ul>\n<h5>Dimanche 17 mai 2015<\/h5>\n<ul>\n<li><strong>NEGREPELISSE<\/strong> \u00a0Vide greniers organis\u00e9 par l&rsquo;Eglise Protestante Place nationale et Salle des f\u00eates<br \/>\nTarif: 3\u20ac le ml (minimum 3 ml)<br \/>\nBlletin d&rsquo;inscriptton \u00e0 t\u00e9l\u00e9charger en cliquant:<a href=\"https:\/\/www.o-p-i.fr\/parlonsen\/wp-content\/uploads\/Inscription-VG-Negrepelisse.pdf\"><strong>Inscription VG Negrepelisse<\/strong> <\/a><br \/>\net \u00e0 renvoyer avec le r\u00e8glement et la photocopiede la carte d&rsquo;identit\u00e9 avant le 9 mai \u00e0:<br \/>\nMichel PADIE \u00a060 impasse des Monteils 82800 NEGREPELISSE \u00a0(05 63 26 35 51 h.r.)ou bien:<br \/>\nJean-Michel LOMBRAIL 140 rue des Mimosas 82800 NEGREPELISSE (05 63 64 22 09 h.r.)<\/li>\n<li><strong>SAINT ETIENNE DE TULMONT<\/strong> \u00a0\u00a0Vide greniers \u00a0Organis\u00e9 par le Club des A\u00een\u00e9s St\u00e9phanois<br \/>\nPlace du Tulmonenc\u00a0de 8 \u00e0 19 heures<br \/>\nPour les exposants\u00a0: installation \u00e0 partir de 7 h<br \/>\nRestauration et buvette sur places :\u00a0Grillades \u2013 Frites \u2013 Cr\u00eapes \u2013 Sandwichs<br \/>\nRenseignements au 05 63 64 53 21 \u2013 06 43 64 97 68 ou 05 63 66 68 79<br \/>\nBulletin d&rsquo;inscription \u00e0 t\u00e9l\u00e9charger en cliquant:<strong><a href=\"https:\/\/www.o-p-i.fr\/parlonsen\/wp-content\/uploads\/INS-VG-ST-Etienne.pdf\">INS VG ST Etienne de Tulmont<\/a><\/strong><\/li>\n<li><strong>SAINT CAPRAIS<\/strong> (82) Organis\u00e9 par l&rsquo;Association d&rsquo;Animation de Saint Caprais \u00e0 la salle des f\u00eates<br \/>\nTarif: 2\u20ac le ml en ext\u00e9rieur, 3\u20ac le ml \u00e0 l&rsquo;int\u00e9rieur<br \/>\nRenseignements et inscriptions: Bernard 056 63 30 31 77 ou Alexandra 056 63 64 63 99<\/li>\n<\/ul>\n<h5>Samedi 23 et dimanche 24 mai 2015<\/h5>\n<ul>\n<li><strong>SAINT HILAIRE<\/strong> \u00a0Vide grenier organis\u00e9 par l&rsquo;association \u00ab\u00a0Entre Nous\u00a0\u00bb \u00e0 la salle des f\u00eates<br \/>\nAnimations pour les enfants. Restauration et buvette<br \/>\nRenseignements : 06 71 30 31 52<br \/>\nPour t\u00e9l\u00e9charger le bulletin d&rsquo;inscription, cliquez:<strong><a href=\"https:\/\/www.o-p-i.fr\/parlonsen\/wp-content\/uploads\/ins-VG-Saint-Hilaire.pdf\">inscription VG Saint Hilaire<\/a><\/strong><\/li>\n<\/ul>\n<h5>Dimanche 24 mai 2015<\/h5>\n<ul>\n<li><b>ALBIAS\u00a0 <\/b>L&rsquo;ACCA Albias Fonneuve organise son vide grenier le dimanche 24 Mai , salle omnisports et son parking<b>, <\/b>place de la mairie \u00e0 Albias.<br \/>\ninscription avant le 17 mai\u00a0 par tel :06.74.63.26.67 ou par mail :<a href=\"mailto:acca.albias@gmail.com\">acca.albias@gmail.com<\/a>.<\/li>\n<li><strong>SAINT NAUPHARY<\/strong>. L\u2019Amicale des Parents d\u2019El\u00e8ves organise son vide grenier sur la place du village.<br \/>\nTarif exposant: 2 \u20ac le m\u00e8tre lin\u00e9aire, r\u00e9servation maximum 10 ml.<br \/>\nInscriptions et r\u00e9servations aupr\u00e8s de Pascale Heuzey.06 17 38 52 21<br \/>\nPour t\u00e9l\u00e9charger le bulletin d&rsquo;inscription, cliquez: <strong><a href=\"https:\/\/www.o-p-i.fr\/parlonsen\/wp-content\/uploads\/ins-vg-APE-St-Nauphary2015.pdf\">Inscription VG APE St Nauphary<\/a><\/strong><br \/>\nCl\u00f4ture des inscriptions le 15 mai 2015.<br \/>\nBuvette et restauration sur place<\/li>\n<li><strong>RABASTENS<\/strong> Organis\u00e9 par l&rsquo;association du Handball De 8h \u00e0 18 h- Sur les promenades<br \/>\nRestauration et buvette possible sur place<br \/>\nContact: Association du Handball, Nad\u00e8ge: 06 33 18 88 00 (H.R soir)<br \/>\nTarif: 3.50\u20ac le ml, 12ml maxi. Pour t\u00e9l\u00e9charger le bulletin d&rsquo;inscription, cliquez: <strong><a href=\"https:\/\/www.o-p-i.fr\/parlonsen\/wp-content\/uploads\/Inscription-VG-SARC-2015.pdf\">Inscription VG SARC-2015<\/a><\/strong><\/li>\n<\/ul>\n<h5>Lundi 25 mai 2015<\/h5>\n<ul>\n<li><strong>MONTANS<\/strong> Videz greniers du Rugby au stade\n<div class=\"columnGroup noSpace modSeparator\">\n<div class=\"column100Eq moduleContent\">Restauration, boissons et confiseries. L&rsquo;ensemble de l\u2019\u00e9quipe de rugby vous accueillera dans la joie et la bonne humeur<\/div>\n<\/div>\n<div class=\"column100Eq moduleContent\"><\/div>\n<\/li>\n<\/ul>\n<h5>Samedi 30 et dimanche 31 mai 2015<\/h5>\n<ul>\n<li><strong>VILLEMUR Sur TARN<\/strong> Vide grenier brocante pour particuliers et pro de la brocante organis\u00e9 par l&rsquo;association Henry IV, Parc de Bernadou<br \/>\nPas de commer\u00e7ants ambulants sur le site(restauration rapide et buvette r\u00e9serv\u00e9es \u00e0 l&rsquo;organisateur). La vente de touts produits alimentaires et animaux sont interdit car soumis \u00e0 r\u00e9glementations.<br \/>\nNombreux parking autour du site, aire de camping car, w.c. .Gardiennage du site le samedi soir par vigile<br \/>\nPrix des emplacements: 1 jour 3&#215;3 ml 8\u20ac50,\u00a0 2 jours 3&#215;3 ml 14\u20ac.\u00a0 Pas de v\u00e9hicules sur les emplacements, un parking sera mis \u00e0 disposition pour les exposants.<br \/>\nRenseignements \u00e0 la permanence de l&rsquo;association le mardi et vendredi de 14 h \u00e0 18 h 4 bis avenue Wiston Churchill<br \/>\nou Jean-michel RANSON 05 61 74 94 41 (heure des repas) 06 78 40 74 83 (de 9h. \u00e0 19h.)<br \/>\nPour t\u00e9l\u00e9charger le bulletin d&rsquo;inscription, cliquez: <strong><a href=\"https:\/\/www.o-p-i.fr\/parlonsen\/wp-content\/uploads\/Inscription-VG-Villemur-2015.pdf\">Inscription VG Villemur 2015<\/a><\/strong><\/li>\n<\/ul>\n<h5>Dimanche 31 mai 2015<\/h5>\n<ul>\n<li><strong>MONESTIES<\/strong> . 5eme Puces de la Couturi\u00e8re organis\u00e9es par \u00ab\u00a0Monesties Patch\u00a0\u00bb<br \/>\nTarif: 2\u20ac le ml (minimum 3 ml)<br \/>\nRenseignements et inscription: Nadine GLUCHOWSKI 05 63 76 15 89<br \/>\nou Josette MURCIA : 05 63 56 35 55 \/ 06 19 69 38 63<br \/>\nPour t\u00e9l\u00e9charger le bulletin d&rsquo;inscription, cliquez:<strong><a href=\"https:\/\/www.o-p-i.fr\/parlonsen\/wp-content\/uploads\/Ins-Puces-Monesties.pdf\">Ins Puces Monesties<\/a><\/strong><\/li>\n<li><strong>NEGREPELISSE<\/strong> Vide greniers organis\u00e9 par SCN P\u00e9tanque.Espace de loisirs de la Sorbonne.<br \/>\nEmplacements abrit\u00e9 en cas de pluie. Buvette et restauration sur place.<br \/>\nTarif exposants : 4\u20ac les 2 ml, 6\u20ac les 4 ml, 8\u20ac les 6 ml, 10\u20ac les 8 ml, 12 \u20ac les 10 ml<br \/>\nRenseignements: 06 74 40 81 48 ou 05 63 31 03 68<br \/>\nProchainement, t\u00e9l\u00e9chargement du bulletin d&rsquo;inscription ici<\/li>\n<li><strong>GAILLAC<\/strong> &#8211; Vide greniers de l&rsquo;\u00e9cole Sainte C\u00e9cile d&rsquo;Av\u00e8s (Chemion Toulze)<br \/>\nBuvette et Formule repas<\/li>\n<li><strong>MONTAUBAN<\/strong>\u00a0 Vide \u2013grenier de L\u2019Institut Familial, dans la cour de l\u2019\u00e9tablissement<br \/>\nDe 9h \u00e0 17h,1 All\u00e9es Mortarieu (\u00e0 cot\u00e9 de la pr\u00e9fecture)<br \/>\nBuvette, restauration sur place.<\/li>\n<\/ul>\n<h5>Dimanche 7 juin 2015<\/h5>\n<ul>\n<li><strong>GAILLAC<\/strong> Vide greniers\u00a0organis\u00e9 par l&rsquo;\u00e9cole la<strong> Calandreta del Galhagues.<\/strong><br \/>\nSquare Joffre \u00a0(angle avenue Foch, bout de la rue de La Madeleine)<br \/>\nTarif exposants :4\u20ac le ml (2 ml au minimum)<br \/>\nRenseignements et inscriptions : 06 88 54 85 12 \u00a0vide.grenier.oc@gmail.com<br \/>\nBulletin d&rsquo;inscription t\u00e9l\u00e9chargeable: <strong><a href=\"https:\/\/www.o-p-i.fr\/parlonsen\/wp-content\/uploads\/INS-VG-CALENDRETA.pdf\">Inscription VG CALANDRETA<\/a><\/strong><\/li>\n<li><strong>BRUNIQUEL<\/strong> <span class=\"blockContent centerTxt\">Vide Greniers organis\u00e9 par le Comit\u00e9 des F\u00eates (<em>Promenade du Ravelin<\/em>) <\/span><\/li>\n<li><strong>NEGREPELISSE<\/strong> Vide-grenier, organis\u00e9 par l\u2019ACNAL, place nationale et place du ch\u00e2teau toute la journ\u00e9e.<br \/>\nRenseignements ou inscriptions au 06.74.82.21.76<\/li>\n<li><strong>FINHAN<\/strong> Vide greniers organis\u00e9 par l&rsquo;<strong><a title=\"cliquez pour voir le blog de l&quot;asso\" href=\"http:\/\/apefinhan.over-blog.com\/\" target=\"_blank\">APE J. Lacaze<\/a><\/strong>\u00a0 <span class=\"blockContent centerTxt\">Au centre du village (<em>Place de la Mairie<\/em>) <\/span><br \/>\nRestauration sur place, man\u00e8ge<\/li>\n<li><strong>ORGUEIL<\/strong> March\u00e9 gourmand, vide greniers, vide jardins. <span class=\"blockContent centerTxt\">Parking de la salle des f\u00eates<br \/>\n<\/span>Animation par les bandas LOS CAPELOS<br \/>\nExposition de camions am\u00e9ricains Pr\u00e9sence du club des amis de la 2cv de midi-pyr\u00e9n\u00e9es<br \/>\nPromenade \u00e0 dos d&rsquo;\u00e2ne. Jeux pour enfants. Produits r\u00e9gionaux, restauration sur place<br \/>\nPour t\u00e9l\u00e9charger le programme et le bulletin d&rsquo;inscription, cliquez: <strong><a href=\"https:\/\/www.o-p-i.fr\/parlonsen\/wp-content\/uploads\/Ins-VG-Orgueil.pdf\">inscription VG Orgueil<\/a><\/strong><\/li>\n<li><strong>SAINT ETIENNE DE TULMONT<\/strong> &#8211;\u00a0 Organis\u00e9 par l&rsquo;<strong><a title=\"cliquez pour voir la page Facebook\" href=\"https:\/\/www.facebook.com\/assocommerce82410?ref=hl\" target=\"_blank\">association Art et Co<\/a><\/strong> P<span class=\"blockContent centerTxt\">lace du Tulmonenc<br \/>\n<\/span>Buvette et restauration sur place avec une majorit\u00e9 de produits locaux.<br \/>\nEmplacements 3\u20ac le m\u00e8tre lin\u00e9aire, \u00e0 r\u00e9server avant le vendredi 5 juin.<br \/>\nRenseignements et r\u00e9servations\u00a0:\u00a0 Carine DELORD 05 63 65 70 66 ou Yoann PASCAL\u00a0 06 20 48 91 07 .<br \/>\nPour t\u00e9l\u00e9charger le bulletin d&rsquo;inscription, cliquez:<strong> <a href=\"https:\/\/www.o-p-i.fr\/parlonsen\/wp-content\/uploads\/Ins-St-Etienne-art-et-co.pdf\">Inscription VG Art et Co<\/a><\/strong><\/li>\n<li><strong>REYNIES<\/strong> Puces des couturi\u00e8res \u00e0 la salle des f\u00eates<\/li>\n<li><strong>VILLEMADE\u00a0<\/strong> Organis\u00e9 par l&rsquo;APE. Restauration \u00e0 emporter et buvette sur place.<\/li>\n<li><strong>SERVANAC (Commune de St ANTONIN NOBLE VAL)<\/strong> Organis\u00e9 par le <strong><a href=\"http:\/\/www.animations-servanac.fr\/\" target=\"_blank\">Comit\u00e9 des f\u00eates.<\/a><\/strong><br \/>\nParking de la Salle des F\u00eates.R\u00e9serv\u00e9 aux particuliers. 2\u20ac le ml<br \/>\nPour t\u00e9l\u00e9charger le bulletin d&rsquo;inscription, cliquez: <strong><a href=\"https:\/\/www.o-p-i.fr\/parlonsen\/wp-content\/uploads\/Inscription-VG-Servanac_2015.pdf\">Inscription VG Servanac_2015<\/a><\/strong><br \/>\nRenseignements : 05 63 68 22 17\u00a0 ou\u00a0 05 63 30 88 74<\/li>\n<\/ul>\n<h5>Samedi 13 et dimanche 14 juin 2015<\/h5>\n<ul>\n<li><strong>BIOULE<\/strong> &#8211; bourse d&rsquo;\u00e9change autos-motos-tracteurs organis\u00e9 par <strong><a title=\"cliquez pour voir le site\" href=\"http:\/\/automotobioule82.free.fr\/\" target=\"_blank\">Auto Moto Bioule<\/a><\/strong><strong><a title=\"cliquez pour voir le site\" href=\"http:\/\/automotobioule82.free.fr\/\" target=\"_blank\"><br \/>\n<\/a><\/strong>Vide greniers le dimanche<br \/>\nInscription et paiement avant le 10 juin 2015,\u00a0 2 \u20ac le ml, minimum 5 ml<\/li>\n<\/ul>\n<h5>Dimanche 14 juin 2015<\/h5>\n<ul>\n<li><strong>CORDES S\/CIEL<\/strong> Vide grenier de l&rsquo;Amicale des Sapeurs Pompiers au stade<br \/>\nBourse toutes collesctions<\/li>\n<li><strong>CAUSSADE<\/strong> &#8211; Organis\u00e9 par l&rsquo;association de parents d&rsquo;\u00e9l\u00e8ves du coll\u00e8ge Pierre DARASSE. <span class=\"blockContent centerTxt\">Espace BONNAIS (<em>Rue de la Solidarit\u00e9<\/em>)<\/span><br \/>\n10 \u20ac l&#8217;emplacement ext\u00e9rieur 5ml X 4ml, 10\u20ac l&#8217;emplacement int\u00e9rieur 4ml X 2ml, tables et chaises non fournies.<br \/>\n1 caf\u00e9 sera offert par emplacement. Buvette et restauration sur place.<br \/>\nRenseignements: J\u00e9rome P\u00e9charman 06 75 74 29 17<\/li>\n<li><strong>MONTRICOUX<\/strong> Organis\u00e9 par \u00ab\u00a0Le R\u00e9veil Occitan\u00a0\u00bb, <span class=\"blockContent centerTxt\">place de la salle des f\u00eates &#8211; esplanade du monument aux morts.<br \/>\n<\/span>prix de l&#8217;emplacement : 2 \u20ac le ml.<br \/>\nF\u00eate des musiques traditionnelles<br \/>\nRenseignements: Jeanine Astorg 05 63 30 97 39\/ Jeanine Calvet 05 63 30 48 80\/ Christine Senges 05 63 0 91 11\/ Jo\u00eblle Campagnoli 06 86 38 80 18<\/li>\n<li><strong>GAILLAC<\/strong>\u00a0 L &lsquo;association <strong><a href=\"http:\/\/www.lou-mercat.fr\/\" target=\"_blank\"> \u00ab\u00a0Lou Mercat\u00a0\u00bb<\/a><\/strong> organise un Vide Grenier au parc Pichery (MJC)de 8h \u00e0 18h.<br \/>\nsur place : animations et vente de boissons, sandwichs, p\u00e2tisseries et viennoiseries.<br \/>\nEmplacement : 2.5\u20ac\/m offre sp\u00e9ciale : 4m + 1 gratuit = 10\u20ac<br \/>\nr\u00e9servez votre place d\u00e8s maintenant en appelant le 06 45 21 31 11<\/li>\n<\/ul>\n<h5>Dimanche 21 juin 2015<\/h5>\n<ul>\n<li><strong>GAILLAC<\/strong> Vide greniers organis\u00e9 par la <strong><a title=\"cliquez pour voir le site de la MJC de Gaillac\" href=\"http:\/\/www.mjcgaillac.org\/\" target=\"_blank\">MJC de Gaillac<\/a><\/strong> dans le parc Pichery<br \/>\nRestauration, buvette sur place Prix emplacement:3 m\u00e8tres : 9\u20ac<br \/>\nPour tout renseignement:MJC Gaillac, 10 av Aspirant Buffet, 81600 GAILLAC. T\u00e9l: 05.63.57.03.70<br \/>\nPour t\u00e9l\u00e9charger le bulletin d&rsquo;inscription, cliquez: <strong><a href=\"https:\/\/www.o-p-i.fr\/parlonsen\/wp-content\/uploads\/ins-VG-MJC-Gaillac.pdf\">ins VG MJC Gaillac<\/a><\/strong><\/li>\n<li><strong>CAUSSADE<\/strong>\u00a0 Organis\u00e9 par l&rsquo;association des parents d&rsquo;\u00e9l\u00e8ves de Marcel Pagnol, <span class=\"blockContent centerTxt\">Espace BONNAIS (<em>Rue de la Solidarit\u00e9<\/em>)<br \/>\n<\/span>Vide ta chambre : Jeux, jouets, livres, consoles, CD, DVD, v\u00eatements, pu\u00e9riculture, d\u00e9co.<br \/>\nBuvette et restauration sur place<br \/>\nRenseignements: Claudie Roumigui\u00e9: 06 62 67 94 82<\/li>\n<li><strong>REALVILLE<\/strong> A la salle des f\u00eates. Organis\u00e9 par l&rsquo;APE R\u00e9alville\/Cayrac<br \/>\nRenseignements\/r\u00e9servation: 0.6 30 79 12 77. Tarif: 2\u20ac le ml ext\u00e9rieur, 3\u20ac le ml int\u00e9rieur (table et chaise fournies \u00e0 l&rsquo;int\u00e9rieur)<br \/>\nRestauration, buvette.<\/li>\n<li><strong>SAINT-URCISSE<\/strong> : Vide Grenier Musical dans le cadre de la F\u00eate de la Musique. Organis\u00e9 par Cantabile <a href=\"https:\/\/www.o-p-i.fr\/parlonsen\/parlons-en\/culture\/fete-de-la-musique-et-vide-grenier-musical-a-saint-urcisse-81\/\">En savoir +<\/a><\/li>\n<li><strong>VILLEMUR S\/TARN<\/strong> Organis\u00e9 par le comit\u00e9 des f\u00eates de Magnanac, <span class=\"blockContent centerTxt\">place de Magnanac (<em>Chemin la Garrigue<\/em>) Buvette, petite restauration<\/span><\/li>\n<\/ul>\n<h5>Dimanche 28 juin 2015<\/h5>\n<ul>\n<li><strong>BRUNIQUEL<\/strong>, hameau de St Maffre, vide greniers organis\u00e9 par \u00ab\u00a0St Maffre Dynamique\u00a0\u00bb<br \/>\nRestauration, rafra\u00eechissements. Renseignements: Josette Combres 06 21 58 56 93<\/li>\n<li><strong>MONTANS<\/strong>\u00a0 <span class=\"tagZone\"><span class=\"inline vAlignMiddle\">Vide-greniers et march\u00e9 aux puces <\/span> <\/span>de l&rsquo;association \u00ab\u00a0Le relais de Montans\u00a0\u00bb Puech du Taur<br \/>\nParc ombrag\u00e9\u00a0 Restauration sur place<\/li>\n<li><strong>SAINT NAUPHARY<\/strong> Vide greniers au stade de foot \u00a0 <strong><a href=\"http:\/\/www.saint-nauphary-omnisport.com\/\" target=\"_blank\">http:\/\/www.saint-nauphary-omnisport.com\/<\/a><\/strong><\/li>\n<li><strong>MONTECH<\/strong> Foire \u00e0 la brocante-collections &amp; vieux papiers ACM (Association des Collectionneurs de Montech)<br \/>\n5 \u20ac le m\u00e8tre lin\u00e9aire ou 40 \u20ac les 10 m\u00e8tres lin\u00e9aires. Aucune inscription ne sera accept\u00e9e le jour de la manifestation.<\/li>\n<li><strong>REYNIES<\/strong>\u00a0 Esplanade de Moulis (All\u00e9e des Platanes) \u00e0 l&rsquo;occasion de la f\u00eate du vParc ombrag\u00e9<br \/>\nRestauration sur placeillage, repas assis sur r\u00e9servation.<\/p>\n<div class=\"columnGroup noSpace modSeparator\">\n<div class=\"column100Eq moduleContent\">Buvette, caf\u00e9 et viennoiseries en vente sur place (un caf\u00e9 offert \u00e0 chaque exposant)<br \/>\nRenseignements: Nathalie 06 08 06 94 04 \/ Claire 06 28 51 17 61 \/ Val\u00e9rie 06 74 88 80 13<\/div>\n<\/div>\n<div class=\"column100Eq moduleContent\"><\/div>\n<\/li>\n<\/ul>\n<h5>Samedi 4 et dimanche 5\u00a0 juillet 2015<\/h5>\n<ul>\n<li><strong>BEAUVAIS SUR TESCOU<\/strong>. Foire \u00e0 tout, Vide greniers, Artisanat, Agricole, Gastronomie. Organis\u00e9 par l&rsquo;association \u00ab\u00a0Entre Nous\u00a0\u00bb<br \/>\nTarif exposants pour les 2 jours : Vide greniers 5\u20ac le ml. Commer\u00e7ants 10\u20ac le ml. Agricole 60\u20ac les 25 m2. Suppl\u00e9ment pour \u00e9lectricit\u00e9 20\u20ac<br \/>\nPour t\u00e9l\u00e9charger le bulletin d&rsquo;inscription, cliquez sur<strong> <a href=\"https:\/\/www.o-p-i.fr\/parlonsen\/wp-content\/uploads\/Inscription-V.G.-Beauvais-sur-Tescou.pdf\">Inscription V.G. Beauvais sur Tescou<\/a><\/strong><\/li>\n<li><strong>VILLEMUR SUR TARN<\/strong> : 2\u00e8me Puce des Couturi\u00e8res organis\u00e9es par Les Doigts d&rsquo;Or <a href=\"https:\/\/www.o-p-i.fr\/aupays\/annuaire\/loisirs\/les-doigts-dor\/\">En savoir +<\/a><\/li>\n<\/ul>\n<h5>Dimanche 19 juillet 2015<\/h5>\n<ul>\n<li><strong>MONTGAILLARD<\/strong>\u00a0 Vide greniers march\u00e9 au puces<\/li>\n<li><strong>RABASTENS<\/strong> Brocante des Lices, \u00e0 l&rsquo;occasion du festival musique classique \u00ab\u00a0chambre avec vues\u00a0\u00bb, plus d info sur le site <strong><a href=\"http:\/\/www.les-moments-musicaux-du-tarn.com\/\" target=\"_blank\">http:\/\/www.les-moments-musicaux-du-tarn.com\/<\/a>,<\/strong><\/li>\n<\/ul>\n<h5>Dimanche 26 juillet 2015<\/h5>\n<ul>\n<li><strong>BRUNIQUEL<\/strong> Vide greniers de 8h \u00e0 18h. Organis\u00e9 par le comit\u00e9 des f\u00eates.<br \/>\nPlacement avant 8h. Petite restauration, boissons fra\u00eeches. T\u00e9l : 06.03.71.45.11<\/li>\n<li><strong>LARROQUE<\/strong> (8 km de Bruniquel).Vide greniers ombrag\u00e9.\n<div dir=\"ltr\" data-angle=\"0\" data-font-name=\"g_font_92_0\" data-canvas-width=\"316.61881662449395\">T\u00e9l : 06.20.89.03.77.<\/div>\n<\/li>\n<li><strong>PEYROLE<\/strong> Vide greniers \u00e0 partir de 8h30. dans le cadre de la f\u00eate des battages \u00e0 l\u2019ancienne<\/li>\n<\/ul>\n<h5>Samedi 1 et dimanche 2 ao\u00fbt 2015<\/h5>\n<ul>\n<li><strong>Saint MARTIAL<\/strong> (pr\u00e8s Montauban) <span class=\"blockContent centerTxt\">salle des f\u00eates (<em>Route de st martial<\/em>)<br \/>\nSamedi semi nocturne de 16h00 \u00e0 23h00 et le dimanche de 8h00 \u00e0 18h00<br \/>\nBuvette et restauration sur place<\/span><\/li>\n<\/ul>\n<h5>Dimanche 2 ao\u00fbt 2015<\/h5>\n<ul>\n<li><strong>LA MAGISTERE<\/strong> Organis\u00e9 par l&rsquo;association \u00ab\u00a0Cap vers l&rsquo;Avenir\u00a0\u00bb Place du pont de 9h. \u00e0 19h.<br \/>\nBuvette, grillades. Man\u00e8ge enfants<br \/>\nContacts : 06 80 13 58 57 ou 06 25 95 34 67<br \/>\nPour t\u00e9l\u00e9charger le bulletin d&rsquo;inscription, cliquez : <strong><a href=\"https:\/\/www.o-p-i.fr\/parlonsen\/wp-content\/uploads\/Inscription-VG-La-Magistere.pdf\">Inscription VG La Magistere<\/a><\/strong><\/li>\n<li><strong>SAINT \u00c9TIENNE DE TULMONT<\/strong> Vide greniers de la f\u00eate votive. Possibilit\u00e9 de restauration sur place , bal gratuit et f\u00eate foraine sur 4 jours<br \/>\n(du vendredi 31 \/07 au lundi 3\/08).<br \/>\nPour t\u00e9l\u00e9charger le bulletin d&rsquo;inscription, cliquez : <strong><a href=\"https:\/\/www.o-p-i.fr\/parlonsen\/wp-content\/uploads\/fiche-inscription-vdg-St-Etienne-Tulmont.pdf\">fiche-inscription-vdg St Etienne Tulmont<\/a><\/strong><\/li>\n<li><strong>ALBIAS<\/strong> <span class=\"tagZone\"><span class=\"inline vAlignMiddle\">Vide-greniers et march\u00e9 aux puces. Parking Casse Auto.<br \/>\nPour r\u00e9servation et renseignement,contacter M. Daran Jos\u00e9 06 44 06 50 81<br \/>\nTarifs : 6 m\u00e8tres, 15\u20ac 8 m\u00e8tres 20\u20ac, 10 m\u00e8tres 25 \u20ac<br \/>\nApr\u00e8s r\u00e9servation par t\u00e9l\u00e9phone ,envoyer copie carte d identit\u00e9 et r\u00e8glement \u00e0 :<br \/>\nM. DARAN Jos\u00e9, 785 A Bd BLAISE DOUMERC 82000 MONTAUBAN<br \/>\nArriv\u00e9e des exposants de 6h00 \u00e0 8h00<\/span><\/span><\/li>\n<\/ul>\n<h5>Lundi 3 et mardi 4 ao\u00fbt 2015<\/h5>\n<ul>\n<li><strong>RABASTENS<\/strong> Brocante, sur les Lices, Organis\u00e9e par \u00ab\u00a0Sports et Loisirs\u00a0\u00bb<\/li>\n<\/ul>\n<h5>Mardi 4 ao\u00fbt 2015<\/h5>\n<ul>\n<li><strong>GAILLAC<\/strong> . Brocante place de la Lib\u00e9ration. Organis\u00e9e par l&rsquo;Association Gaillacoise des Artisans Commer\u00e7ants Industriels et services (AGACI)<\/li>\n<\/ul>\n<h5>Dimanche 9 ao\u00fbt 2015<\/h5>\n<ul>\n<li><strong>GAILLAC<\/strong> <span class=\"tagZone\"><span class=\"inline vAlignMiddle\">Vide-greniers et march\u00e9 aux puces <\/span><\/span><span class=\"blockContent centerTxt\">Rue Portal et Arcades Place du Griffoul (<em>Rue Portal<\/em>) <\/span><\/li>\n<li><strong>GAILLAC<\/strong> Brocante <span class=\"blockContent centerTxt\">centre ville (<em>Place le la Lib\u00e9ration<\/em>) <\/span><\/li>\n<\/ul>\n<h5>Samedi 15 ao\u00fbt 2015<\/h5>\n<ul>\n<li><strong>LISLE S\/TARN<\/strong>\u00a0 32eme Bourse des collectionneurs : collection de f\u00e8ves &#8211; capsules de champagne &#8211; coquillages &#8211; d\u00e9s de collection &#8211; cartes artisanales en 3D &#8211; objets de d\u00e9coration &#8211; philat\u00e9lie &#8211; trains miniatures &#8211; petites voitures &#8211; cartes postales &#8211; monnaies &#8211; livres etc&#8230;<br \/>\nDe 10 h. \u00e0 18h. place de la mairie et sous les couverts. Organis\u00e9e par l&rsquo;association \u00ab\u00a0Lisle je t&rsquo;aime\u00a0\u00bb, 6 rue porte Peyrole, 81630 Lisle s\/ Tarn<\/li>\n<\/ul>\n<h5>\u00a0Vendredi 21 ao\u00fbt 2015<\/h5>\n<ul>\n<li><strong>PUYCELSI<\/strong> Vide greniers nocturne (\u00e0 partir de 17 h.) Restauration possible sur place animation musicale et bal en soir\u00e9e avec l\u2019orchestre DOMINGO (Vari\u00e9t\u00e9,musette,rock&#8230;.)<strong> <a href=\"http:\/\/www.fete-puycelsi.fr\/\" target=\"_blank\"><br \/>\n<\/a><\/strong>Pour t\u00e9l\u00e9charger le bulletin d&rsquo;inscription : <strong><a href=\"https:\/\/www.o-p-i.fr\/parlonsen\/wp-content\/uploads\/fiche-inscription-vdg-Puycelsi.pdf\">fiche-inscription-vdg Puycelsi<\/a><\/strong><\/li>\n<\/ul>\n<h5>Dimanche 23 ao\u00fbt 2015<\/h5>\n<ul>\n<li><strong>ALBIAS<\/strong> <span class=\"tagZone\"><span class=\"inline vAlignMiddle\">Vide-greniers et march\u00e9 aux puces <\/span><\/span>Sur parking \u00ab\u00a0Casse Auto\u00a0\u00bb<\/li>\n<\/ul>\n<h5>Vendredi 28 ao\u00fbt 2015<\/h5>\n<ul>\n<li><strong>NEGREPELISSE<\/strong> 28eme Bourse d&rsquo;\u00e9change <strong><a href=\"http:\/\/www.lva-auto.fr\/agenda.detail.php?id=136653\" target=\"_blank\">Auto-Moto<\/a><\/strong> en nocturne. Emplacements ext\u00e9rieurs gratuits apr\u00e8s inscription obligatoire sur r\u00e9servation. Possibilit\u00e9 de rester pour le lendemain (pas de gardiennage)<br \/>\nRestauration buvette sur place<\/li>\n<\/ul>\n<h5>Dimanche 30 ao\u00fbt 2015<\/h5>\n<ul>\n<li><strong>MONCLAR de QUERCY<\/strong> Vide greniers organis\u00e9 par le Comit\u00e9 d&rsquo;Animation du Hameau de Bonanech Esplanade des lacs<br \/>\nRenseignements: tel : 06 27 39 87 50 (le soir)<\/li>\n<li><strong>MONCLAR de QUERCY<\/strong>\u00a0 Bourse toutes collections, salon du livre et de la BD <strong><a href=\"https:\/\/www.o-p-i.fr\/parlonsen\/parlons-en\/culture\/salon-du-livre-de-la-bd-et-bourse-toutes-collections-a-monclar-de-quercy-82\/\" target=\"_blank\">Cliquez pour voir l&rsquo;article dans \u00ab\u00a0Parlons-en\u00a0\u00bb<\/a><\/strong><\/li>\n<li><strong>RABASTENS<\/strong> lieu dit <strong>VERTUS<\/strong> Vide greniers organis\u00e9 par l&rsquo;association \u00ab\u00a0Les amis de Vertus\u00a0\u00bb . Le vide-greniers se d\u00e9roule au lieu-dit Vertus situ\u00e9 \u00e0 5 km de Rabastens sur la D 20 direction \u00ab\u00a0Les Barri\u00e8res\u00a0\u00bb &#8211; une boisson est offerte aux exposants &#8211; petite restauration, buvette &#8211; pr\u00e9voir parasol &#8211; cadre champ\u00eatre.<br \/>\nS&rsquo;inscrire avant le 20 ao\u00fbt &#8211; accueil des exposants \u00e0 partir de 7 h 15 &#8211; tarif 10 \u20ac les 4 ml et 2 \u20ac par m\u00e8tre suppl\u00e9mentaire .<br \/>\nPour t\u00e9l\u00e9charger le bulletin d&rsquo;inscription: <strong><a href=\"https:\/\/www.o-p-i.fr\/parlonsen\/wp-content\/uploads\/fiche-inscription-vdg-VERTUS.pdf\">fiche-inscription-vdg VERTUS<\/a><\/strong><\/li>\n<li><strong>BRENS<\/strong> Organis\u00e9 par le Comit\u00e9 des F\u00eates dans le cadre de la F\u00eate des Vendanges.<br \/>\nPour t\u00e9l\u00e9charger le bulletin d&rsquo;inscription, cliquez :<strong> <a href=\"https:\/\/www.o-p-i.fr\/parlonsen\/wp-content\/uploads\/inscription-VG-Brens.pdf\">inscription VG Brens<\/a><\/strong><\/li>\n<li><strong>CAUSSADE<\/strong> Place des Muriers. Pour t\u00e9l\u00e9charger le bulletin d&rsquo;inscription, cliquez : <strong><a href=\"https:\/\/www.o-p-i.fr\/parlonsen\/wp-content\/uploads\/Inscriptin-VG-Caussade-Football.pdf\">Inscriptin VG Caussade Football<\/a><\/strong><br \/>\nOrganis\u00e9 par le <strong><strong><a href=\"http:\/\/stadecaussadais.jimdo.com\/\" target=\"_blank\">Stade Caussadais Footbal<\/a><\/strong><\/strong><\/li>\n<li><strong>MONTAUBAN\u00a0<\/strong> Organis\u00e9 par l\u2019association Quartier 13 \u00bb les quartiers du cours-Foucault \u00bb<br \/>\nTarif: 15\u20ac les 4 m\u00e8tres et 2\u20ac tous les deux m\u00e8tres suppl\u00e9mentaires (limit\u00e9 \u00e0 10 m\u00e8tres).<br \/>\nSur place restauration rapide et buvette, parking conseill\u00e9 \u00ab\u00a0les Albar\u00e8des\u00a0\u00bb.<br \/>\nInformations au 06.20.35.24.59 \/ 06.84.72.98.58<br \/>\nPour t\u00e9l\u00e9charger le bulletin d&rsquo;inscription, cliquez: <strong><a href=\"https:\/\/www.o-p-i.fr\/parlonsen\/wp-content\/uploads\/bulletin-de-reservation-2015-VG-Montauban-Q13.pdf\">bulletin de reservation 2015 VG Montauban Q13<\/a><\/strong><\/li>\n<\/ul>\n<h5>Dimanche 6 septembre 2015<\/h5>\n<ul>\n<li><strong>VILLAUDRIC<\/strong>\u00a0 Organis\u00e9 par l&rsquo;association \u00ab\u00a0<a href=\"https:\/\/www.o-p-i.fr\/aupays\/annuaire\/loisirs\/parents-a-bord\/\">Parents \u00e0 bord<\/a>\u00a0\u00bb<br \/>\nTarifs : 3ml\u00a0 7.50\u20ac, 6ml 15 \u20ac<br \/>\nPour t\u00e9l\u00e9charger le bulletin d&rsquo;inscription, cliquez : <strong><a href=\"https:\/\/www.o-p-i.fr\/parlonsen\/wp-content\/uploads\/bulletin-VG-Villaudric.pdf\">bulletin VG Villaudric<\/a><\/strong><\/li>\n<li><strong>GAILLAC<\/strong> Organis\u00e9 par l&rsquo;association pour la promotion du quartier ancien \u00ab\u00a0la Portanelle\u00a0\u00bb<br \/>\n26, rue Cabrol 81600 Gaillac<br \/>\nR\u00e9servation de 2 \u00e0 8 m\u00e8tres.\u00a03\u20ac le m\u00e8tre lin\u00e9aire.<br \/>\nLes bulletins d&rsquo;inscription seront \u00e0 disposition \u00e0 l&rsquo;accueil de la mairie, \u00e0 l&rsquo;office de tourisme et au local de l&rsquo;association ouvert le mardi et vendredi apr\u00e8s-midi et \u00e0 d\u00e9poser avec le r\u00e8glement dans la boite au lettres de la secr\u00e9taire.<br \/>\nVous pouvez t\u00e9l\u00e9charger le bulletin d&rsquo;inscription en cliquant :<strong><a href=\"https:\/\/www.o-p-i.fr\/parlonsen\/wp-content\/uploads\/Inscription-VG-La-Portanelle.pdf\">Inscription VG La Portanelle<\/a><\/strong><\/li>\n<li><strong>LISLE s\/TARN<\/strong>, hameau de <strong>SAURS <\/strong><span class=\"blockContent centerTxt\">(<em>Chemin du Forgeron<\/em>) <\/span>5eme Vide greniers organis\u00e9 par la SAPE (Saurs Animation Patrimoine Environnement).<br \/>\nPossibilit\u00e9 de se garer facilement. Petite restauration sur place. Buvette.<br \/>\nTarif exposants : 5 euros les 3 m\u00e8tres.<br \/>\nDe 7h30 \u00e0 18 heures pour les exposants. A partir de 8 heures pour les visiteurs.<br \/>\nRenseignements et inscriptions : Nathalie Durier : 06.82.45.13.73 Alain Lassale : 06.88.32.42.88<br \/>\nPour t\u00e9l\u00e9charger le bulletin d&rsquo;inscription, cliquez : <strong><a href=\"https:\/\/www.o-p-i.fr\/parlonsen\/wp-content\/uploads\/Fiche-inscription-VG-Saurs-2015.pdf\">Fiche inscription VG Saurs 2015<\/a><\/strong><\/li>\n<li><strong>VILLEBRUMIER<\/strong> Organis\u00e9 par le Comit\u00e9 des F\u00eates Place de la mairie<br \/>\nTarif: 2\u20ac le ml. R\u00e9servation t\u00e9l\u00e9phone: 06 16 01 00 78 (apr\u00e8s 17 h.)<br \/>\nA NOTER : <strong>Forum des associations ce m\u00eame jour !<\/strong><\/li>\n<\/ul>\n<h5>Dimanche 13 septembre 2015<\/h5>\n<ul>\n<li><strong>REYNES<\/strong> Vide Greniers-Vide Jardin organis\u00e9 par l&rsquo;Ensemble Vocal de Reyni\u00e8s<br \/>\nSur l&rsquo;esplanade au bord du Tarn.\u00a0 Buvette et Restauration sur place.<br \/>\nTarif exposant: 2.50\u20ac le m\u00e8tre lin\u00e9aire.<br \/>\nBulletins d&rsquo;inscription disponibles \u00e0 la mairie de Reyni\u00e8s et chez les commer\u00e7ants.<br \/>\nPour t\u00e9l\u00e9charger le bulletin d&rsquo;inscription, cliquez : <strong><a href=\"https:\/\/www.o-p-i.fr\/parlonsen\/wp-content\/uploads\/Inscription-VG-REYNES.pdf\">Inscription VG REYNES<\/a><\/strong><br \/>\nPour tous renseignements :<br \/>\nMme RICHARD M.A, 57 Impasse de Ronde 82370\u00a0 ORGUEIL<br \/>\n05.63.67.63.10\/ 06.80.71.78.52\/ 06.89.64.03.09<\/li>\n<li><strong>GAILLAC<\/strong> \u00c9cole<span class=\"blockContent centerTxt\"> Louise Michel (<em>Avenue Fran\u00e7ois Mitterand<\/em>)<br \/>\n<\/span>Tarif exposant: 3 \u20ac le m\u00e8tre. Restauration sur place, buvette.<br \/>\nRenseignements: Alexandra R\u00e9availl\u00e9 06 72 12 25 53<br \/>\nPour t\u00e9l\u00e9charger le bulletin d&rsquo;inscription, cliquez: <strong><a href=\"https:\/\/www.o-p-i.fr\/parlonsen\/wp-content\/uploads\/Inscription-VG-Louise-Michel-2015.pdf\">Inscription VG Louise Michel 2015<\/a><\/strong><\/li>\n<li><strong>ALBIAS<\/strong> <span class=\"tagZone\"><span class=\"inline vAlignMiddle\">Vide-greniers et march\u00e9 aux puces <span class=\"blockContent centerTxt\">salle omnisports<br \/>\n<\/span><\/span><\/span>Tarif: int\u00e9rieur 3 m\u00e8tres 12\u20ac + table et chaise, ext\u00e9rieur 2,50 m 6\u20ac<br \/>\nRestauration et buvette sur place<\/li>\n<li><strong>CAUSSADE<\/strong>\u00a0 Expo-vente de Playmobil et bourse aux jouets. <span class=\"blockContent centerTxt\">Espace BONNAIS (<em>Rue de la solidarit\u00e9<\/em>)<\/span><br \/>\nOrganis\u00e9e par l&rsquo;association des parents d&rsquo;\u00e9l\u00e8ves de l&rsquo;\u00e9cole Marcel Pagnol<br \/>\nPour t\u00e9l\u00e9charger le r\u00e8glement et le bulletin d&rsquo;inscription, cliquez: <strong><a href=\"https:\/\/www.o-p-i.fr\/parlonsen\/wp-content\/uploads\/Inscription-PLAYMOBIL-Caussade.pdf\">Inscription PLAYMOBIL Caussade<\/a><\/strong><\/li>\n<li><strong>SAINT SULPICE<\/strong> Vide greniers. Complet, plus de place exposants<\/li>\n<li><del><strong>SAINT ETIENNE DE TULMONT<\/strong><\/del>\u00a0 <strong><span style=\"color: #ff0000;\">ANNULE POUR PR\u00c9VISIONS M\u00c9T\u00c9O D\u00c9FAVORABLES\u00a0<\/span><\/strong> <del>Vide grenier place du Tulmonenc . Organis\u00e9 par le club des A\u00een\u00e9s De 8 h \u00e0 19 H.<\/del><br \/>\n<del> Tarif: 3 \u20ac le m\u00e8tre lin\u00e9aire. Restauration sur place. Renseignements au 06.43.64.97.68 ou 05.63.66.68.79<\/del><br \/>\n<del> Pour t\u00e9l\u00e9charger le bulletin d&rsquo;inscription, cliquez: <strong><a href=\"https:\/\/www.o-p-i.fr\/parlonsen\/wp-content\/uploads\/Ins-VG-ain\u00e9s-ST-Etienne.pdf\">Ins VG ain\u00e9s ST Etienne<\/a><\/strong><\/del><\/li>\n<\/ul>\n<h5>Dimanche 20 septembre 2015<\/h5>\n<ul>\n<li><strong>RABASTENS<\/strong> Foire brocante des Vendanges. <span class=\"blockContent centerTxt\">Place des lices <\/span><\/li>\n<li><strong>SAINT SULPICE<\/strong> 5\u00e8me Bourse toutes collections organis\u00e9 par le\u00a0<a href=\"https:\/\/www.o-p-i.fr\/aupays\/annuaire\/loisirs\/club-saint-sulpicien-cyclotourisme\/\">Club Saint Sulpicien Cyclotourisme<\/a><br \/>\nTimbres, monnaies, cartes postales, t\u00e9l\u00e9cartes, jouets, disques, mignonnettes, f\u00e8ves, muselets, livres, etc\u2026<br \/>\n<span class=\"blockContent centerTxt\">Salle Jo\u00ebl Braconnier (pr\u00e8s de la gare SNCF)<\/span>. <a href=\"https:\/\/www.o-p-i.fr\/aupays\/annuaire\/loisirs\/club-saint-sulpicien-cyclotourisme\/\">En savoir +<\/a><\/li>\n<li><strong>LISLE S\/TARN<\/strong> Bourse aux jouets et v\u00eatements. <span class=\"blockContent centerTxt\">\u00c9cole du Sacr\u00e9 C\u0153ur (<em>3 Avenue de la Gare<\/em>) <\/span><\/li>\n<li><strong>SALVAGNAC<\/strong> Vide greniers organis\u00e9 par l&rsquo;association AMIS avec l&rsquo;aide de \u00ab\u00a0Le Tescou en Marche\u00a0\u00bb<br \/>\nR\u00e9servation au 05 6 40 55 07 heure repas<br \/>\nPour t\u00e9l\u00e9charger le bulletin d&rsquo;inscription, cliquez: <strong><a href=\"https:\/\/www.o-p-i.fr\/parlonsen\/wp-content\/uploads\/Inscription-VG-AMIS-Salvagnac.pdf\">Inscription VG AMIS Salvagnac<\/a><\/strong><\/li>\n<\/ul>\n<h5>Dimanche 27 septembre 2015<\/h5>\n<ul>\n<li><strong>LEOJAC<\/strong> <span class=\"tagZone\"><span class=\"inline vAlignMiddle\">Vide-greniers<\/span><\/span> des ain\u00e9s\u00a0 <span style=\"color: #ff0000;\"><strong>ANNULE<\/strong><\/span><br \/>\n<del>Tarif : 10\u20ac les 5X5 en ext\u00e9rieur (pr\u00e9) et 5\u20ac la table de 1.20m en int\u00e9rieur.<\/del><br \/>\n<del>Pour t\u00e9l\u00e9charger le bulletin d&rsquo;inscription, cliquez : <strong><a href=\"https:\/\/www.o-p-i.fr\/parlonsen\/wp-content\/uploads\/inscription-VG-L\u00e9ojac.pdf\">inscription VG L\u00e9ojac<\/a><\/strong><\/del><\/li>\n<\/ul>\n<h5>Samedi 3 octobre 2015<\/h5>\n<ul>\n<li>\n<div>\n<div>\n<div>\n<div><strong>LAYRAC sur TARN<\/strong> Vide greniers\/vide dressing de 9 H \u00e0 18 H 00 \u00e0 la salle des f\u00eates de Layrac sur Tarn (31340). Tartif: 3 \u20ac le m\u00e8tre lin\u00e9aire, tous les emplacements sont \u00e0 l&rsquo;int\u00e9rieur (tables et chaises fournies)<\/div>\n<p>Buvette et petite restauration sur place (cr\u00eapes, g\u00e2teaux, sandwichs, etc&#8230;)<\/p>\n<\/div>\n<\/div>\n<p>Renseignements au 06.12.36.57.38 ou 06.87.92.84.42<br \/>\nBulletin d&rsquo;inscription et r\u00e8glement int\u00e9rieur \u00e0 retourner avec copie pi\u00e8ce d&rsquo;identit\u00e9 (recto\/verso) ou passeport + r\u00e8glement (ch\u00e8que \u00e0 l&rsquo;ordre de l&rsquo;Association \u00ab\u00a0Vivre \u00e0 Layrac\u00a0\u00bb \u00e0 :<\/p>\n<div>Melle Christelle TERLE &#8211; 609 chemin Le Rouzet &#8211; 31340 LAYRAC SUR TARN ou<br \/>\nMme Maria CHEYROUX &#8211; 709 chemin Le Rouzet &#8211; 31340 LAYRAC SUR TARN<\/div>\n<div>Pour t\u00e9l\u00e9charger le bulletin d&rsquo;inscription, cliquez: <strong><a href=\"https:\/\/www.o-p-i.fr\/parlonsen\/wp-content\/uploads\/Inscritition-VG-Layrac.pdf\">Inscritition VG Layrac<\/a><\/strong><\/div>\n<div>Pour t\u00e9l\u00e9charger le r\u00e8glement, cliquez: <strong><a href=\"https:\/\/www.o-p-i.fr\/parlonsen\/wp-content\/uploads\/r\u00e8glement-int\u00e9rieur-VG-LAYRAC.pdf\">r\u00e8glement int\u00e9rieur VG LAYRAC<\/a><\/strong><\/div>\n<\/div>\n<\/li>\n<\/ul>\n<h5>Dimanche 4 octobre 2015<\/h5>\n<ul>\n<li><strong>NEGREPELISSE<\/strong> Vide greniers Organis\u00e9 par pole cadets juniors scn rugby. <span class=\"blockContent centerTxt\">Plaine de Jeux (<em>Chemin de Lauzel<\/em>)\u00a0 Tarif: 9 \u20ac les 3 ml &#8211; Restauration sur place &#8211; Repli \u00e0 la Sorbonne en cas de pluie<br \/>\nRenseignements: 06 38 64 123 58<\/span><\/li>\n<li><strong>VILLEMUR SUR TARN<\/strong> Vide greniers organis\u00e9 par <strong><a href=\"http:\/\/www.traitnet.fr\/\" target=\"_blank\">\u00ab\u00a0Trait d&rsquo;union\u00a0\u00bb<\/a><\/strong>.<br \/>\n<span class=\"blockContent centerTxt\">Centre-ville : Rue de la R\u00e9publique &#8211; Rue Saint Jean<\/span><\/li>\n<\/ul>\n<h5>Dimanche 18 octobre 2015<\/h5>\n<ul>\n<li><strong>COUFFOULEUX<\/strong>\u00a0 Un grand Broc&rsquo;enfants, de 9h \u00e0 17h, \u00e0 la salle Herv\u00e9 de Guerdavid et au gymnase, organis\u00e9 par l&rsquo;association des parents d&rsquo;\u00e9l\u00e8ves. Vous pourrez y acheter des jeux, des livres, des v\u00eatements et du mat\u00e9riel de pu\u00e9riculture d&rsquo;occasion. L&rsquo;entr\u00e9e est gratuite.<br \/>\nBuvette et restauration seront propos\u00e9es sur place.<br \/>\nPlus d&rsquo;infos et r\u00e9servation d&#8217;emplacements : ape.couffouleux@yahoo.fr<br \/>\nDes imprim\u00e9s sont \u00e9galement disponibles \u00e0 la mairie<\/li>\n<\/ul>\n<h5>Dimanche 25 octobre 2015<\/h5>\n<ul>\n<li><strong>CAHUZAC SUR VERE\u00a0<\/strong> Broc&rsquo;enfants:\u00a0<span class=\"tagZone\"> <span class=\"inline vAlignMiddle\">Bourse aux v\u00eatements <\/span> <\/span><span class=\"tagZone\">\u00a0<span class=\"inline vAlignMiddle\">Bourse aux jouets <\/span> \u00e0 la salle des f\u00eates, organis\u00e9 par \u00ab\u00a0Le Ballon Voyageur\u00a0\u00bb<br \/>\n<\/span>Tarif exposants: emplacement avec table (1,83m) et chaise :8\u20ac, installation entre 7h et 8h30<br \/>\nAccueil des visiteurs de 9h \u00e0 17h . Buvette, petite restauration,<br \/>\nRenseignements : Solen 06 01 14 53 11<br \/>\nPour t\u00e9l\u00e9charger le bulletin d&rsquo;inscription, cliquez: <strong><a href=\"https:\/\/www.o-p-i.fr\/parlonsen\/wp-content\/uploads\/INSCRIPTION-Brocenfants-2015.pdf\">INSCRIPTION Broc&rsquo;enfants 2015<\/a><\/strong><\/li>\n<\/ul>\n<h5>Dimanche 1 novembre 2015<\/h5>\n<ul>\n<li><strong>NEGREPELISSE<\/strong>.\u00a0 BRIC \u00e0 BRAC \u2013 Le rendez-vous d&rsquo;automne des chineurs. Dans la salle des f\u00eates et sur la place nationale de N\u00e8grepelisse, aura lieu le 2\u00e8me BRIC \u00e0 BRAC \u2013 Vide grenier organis\u00e9 par le SCN TWIRLING. L&rsquo;entr\u00e9e du public sera gratuite \u00e0 partir de 9h et jusqu&rsquo;\u00e0 18h.<br \/>\nVous trouverez sur place un espace restauration.<br \/>\nInformations destin\u00e9es aux exposants :<br \/>\nEmplacements \u00e0 l&rsquo;int\u00e9rieur * :\u00a0 5 \u20ac la table de 1m60<br \/>\nEmplacements \u00e0 l&rsquo;ext\u00e9rieur :\u00a0\u00a0 3 \u20ac les 3 m\u00e8tres<br \/>\nInstallation des exposants de 7h \u00e0 9h<br \/>\nLe nombre d&#8217;emplacements \u00e0 l&rsquo;int\u00e9rieur de la salle des f\u00eates \u00e9tant limit\u00e9, un r\u00e8glement sera exig\u00e9 \u00e0 la r\u00e9servation. Contactez le 06 46 31 64 71 ou\u00a0 \u00e9crivez au scntwirling@aol.com pour compl\u00e9ment d&rsquo;information et vos r\u00e9servations.<br \/>\nVous pouvez t\u00e9l\u00e9charger le bulletin d&rsquo;inscription et le r\u00e8glement en cliquant : <strong><a href=\"https:\/\/www.o-p-i.fr\/parlonsen\/wp-content\/uploads\/Bric-\u00e0-Brac-inscription-N\u00e8grepelisse.pdf\">Bric \u00e0 Brac inscription N\u00e8grepelisse<\/a><\/strong><\/li>\n<\/ul>\n<h5>Samedi 7 novembre 2015<\/h5>\n<ul>\n<li><strong>MONCLAR DE QUERCY<\/strong>\u00a0\u00a0 Bourse aux jouets, v\u00eatements enfants et pu\u00e9riculture. Salle du lac (chauff\u00e9e)<br \/>\nVous pouvez r\u00e9server vos emplacements d\u00e8s \u00e0 pr\u00e9sent aupr\u00e8s de l&rsquo;Office de Tourisme au 05 63 30 31 72 ou au 06 71 00 29 25 . Tarifs\u00a0: 5\u20ac la table de 2m&#8230;.et, si vous r\u00e9servez 2 tables, la 3<sup>i\u00e8me<\/sup> vous est offerte.<br \/>\nSimultan\u00e9ment se d\u00e9roulera la \u00ab\u00a0Granda F\u00e8sta Porcala\u00a0\u00bb le samedi apr\u00e8s-midi, avec, \u00e0 19h30 un repas (14\u20ac) \u00a0suivi d&rsquo;un bal anim\u00e9 par Bernard Gaches (A 22h, bal pour tous\u00a0: 5\u20ac) . Tel OT 05 63 30 31 72 ou APCARM 06 77 00 72 57<\/li>\n<\/ul>\n<h5>Dimanche 8 novembre 2015<\/h5>\n<ul>\n<li><strong>NEGREPELISSE<\/strong>\u00a0\u00a0 Vide-greniers et march\u00e9 aux puces \u00e0 la Salle des F\u00eates. Organis\u00e9 par <strong><a href=\"http:\/\/www.ville-negrepelisse.fr\/fr\/accueil\/sante-social\/la-maison-de-retraite-communale-eugene-aujaleu\/lassociation-les-amis-de-la-residence-eugene-aujaleu.html\" target=\"_blank\">\u00ab\u00a0Les Amis d&rsquo;Eug\u00e8ne Aujaleu\u00a0\u00bb<\/a><\/strong><br \/>\nRestauration, buvette, snack<br \/>\nRenseignements: Esthelle Charron 06 76 67 44 03<\/li>\n<\/ul>\n<h5>Mercredi 11 novembre 2015<\/h5>\n<ul>\n<li><strong>FRONTON<\/strong>\u00a0 <span class=\"tagZone\">\u00a0<span class=\"inline vAlignMiddle\">Bourse aux v\u00eatements <\/span> <\/span><span class=\"tagZone\">\u00a0<span class=\"inline vAlignMiddle\">Bourse aux jouets <\/span> <\/span><span class=\"tagZone\">\u00a0<span class=\"inline vAlignMiddle\">Bourse de pu\u00e9riculture <\/span><br \/>\n<\/span><span class=\"blockContent centerTxt\">Salle des f\u00eates G\u00e9rard Philippe (<em>Rue de Balochan<\/em>) <\/span><\/p>\n<div class=\"columnGroup noSpace modSeparator\">\n<div class=\"column100Eq moduleContent\">Les tables sont fournies prix d&rsquo;une table ( 1.20m sur 0.80) 5\u20ac Inscriptions jusqu&rsquo;au 4 novembre 2015<br \/>\nHoraires exposants de 7 jusqu\u2019\u00e0 18 h<br \/>\nBuvette et restauration sur place<\/div>\n<\/div>\n<div class=\"column100Eq moduleContent\"><\/div>\n<\/li>\n<li>\n<div class=\"column100Eq moduleContent\"><strong>SAINT URCISSE<\/strong>\u00a0 \u00ab\u00a0Les vies de Jardin\u00a0\u00bb<\/div>\n<\/li>\n<\/ul>\n<h5>Dimanche 15 novembre 2015<\/h5>\n<ul>\n<li><strong>FRONTON<\/strong> Grande braderie organis\u00e9e par \u00ab\u00a0Le Secours Catholique\u00a0\u00bb. Vous y trouverez pour votre plaisir et \u00e0 petit prix des v\u00eatements en tr\u00e8s bon \u00e9tat, des jouets et divers autres objets ainsi que des p\u00e2tisseries confectionn\u00e9es avec amour pour vous par les b\u00e9n\u00e9voles et leurs amis.<\/li>\n<li><strong>GIROUSSENS<\/strong> \u00a0Bourse aux jouets et mat\u00e9riel de sport organis\u00e9 par \u00ab\u00a0Les Pitchons\u00a0\u00bb. Salle des f\u00eates de 8h. \u00e0 18h.<br \/>\nPr\u00e9sentation des objets sur tables fournis.\u00a0Inscription par t\u00e9l\u00e9phone: C\u00e9line 06 98 98 83 85<br \/>\nRestauration sur place, buvette<\/li>\n<\/ul>\n<h5>Dimanche 22 novembre 2015<\/h5>\n<ul>\n<li><strong>MONCLAR de QUERCY<\/strong> Vide greniers organis\u00e9 par l&rsquo;APEM (Association de Parents d&rsquo;El\u00e8ves Motiv\u00e9s) de l&rsquo;\u00e9cole \u00ab\u00a0La Rose des Vents\u00a0\u00bb).<br \/>\nSalle Polyvalente, Esplanade des Lacs.<br \/>\nBuvette, cr\u00e8pes, g\u00e2teaux sur place. Formule midi: saucisse\/frites 5\u20ac<br \/>\nContact: Laetitia HATE, 06 58 27 15 71<br \/>\nPour t\u00e9l\u00e9charger le bulletin d&rsquo;inscription, cliquez :<strong><a href=\"https:\/\/www.o-p-i.fr\/parlonsen\/wp-content\/uploads\/VG-APEM-Monclar-2015.pdf\">VG APEM Monclar 2015<\/a><\/strong><\/li>\n<li>\n<div class=\"columnGroup noSpace modSeparator\">\n<div class=\"column100Eq moduleContent\"><strong>MONTANS<\/strong>\u00a0Bourse aux jouets,\u00a0articles de pu\u00e9riculture, livres et v\u00eatements d\u2019enfants.<br \/>\nOrganis\u00e9 par\u00a0L&rsquo;A.P.E. de Montans de 9h. \u00e0 17 h. \u00e0 la\u00a0Salle des f\u00eates (Place de la Bouygue)<br \/>\nEmplacements:\u00a0Table 1m80\/75cm (salle des f\u00eates) : 5 euros.\u00a0Emplacement 2m (sous le pr\u00e9au): 3 euros<br \/>\nPossibilit\u00e9 de restauration sur place: soupe, pizzas, g\u00e2teaux, boissons chaudes et froides &#8230;.<\/div>\n<div class=\"column100Eq moduleContent\">Renseignements: Youna 06 74 19 37 82<\/div>\n<\/div>\n<\/li>\n<li><strong>VILLEMUR<\/strong> Vide ta chambre, organis\u00e9 par l&rsquo;association \u00ab\u00a0Pouss les murs\u00a0\u00bb, gymnase Albert Camus du coll\u00e9ge (<em>Rue Urbain Vigneres<\/em>)<br \/>\nRenseignements: Madame Brabant\u00a006 58 79 86 93<\/li>\n<\/ul>\n<h5>Dimanche 29 novembre 2015<\/h5>\n<ul>\n<li><strong>SAINT SULPICE<\/strong>. Bourse au jouets.\u00a0Salle polyespace.\u00a0<span class=\"block middleTxt red strong\">Entr\u00e9e payante:\u00a0<\/span>1\u20ac<\/li>\n<li><strong>VILLAUDRIC<\/strong>\u00a0L&rsquo;association <strong><a href=\"https:\/\/www.o-p-i.fr\/aupays\/annuaire\/loisirs\/parents-a-bord\/\" target=\"_blank\">\u00ab\u00a0Parents \u00e0 Bord!\u00a0\u00bb<\/a><\/strong> de Villaudric\u00a0organise une bourse aux jouets \u00e0 la salle des f\u00eates&#8230;<br \/>\nCe jour-l\u00e0, il y aura une vente de sapins, un d\u00e9fil\u00e9 de mascottes, du vin chaud, soupe \u00e0 volont\u00e9&#8230;<br \/>\nPour t\u00e9l\u00e9charger le r\u00e8glement,\u00a0cliquez:\u00a0<strong><a href=\"https:\/\/www.o-p-i.fr\/parlonsen\/wp-content\/uploads\/r\u00e9glement-interieur-bourse-aux-jouets..pdf\">r\u00e9glement interieur bourse aux jouets.<\/a><\/strong><br \/>\nPour t\u00e9l\u00e9charger le bulletin d&rsquo;inscription, cliquez:\u00a0<strong><a href=\"https:\/\/www.o-p-i.fr\/parlonsen\/wp-content\/uploads\/bulletinbourseauxjouetsvillaudric.docx.pdf\">bulletin bourse aux jouetsvillaudric.docx<\/a><\/strong><\/li>\n<li><strong>SAINT ETIENNE DE TULMONT<\/strong> \u00a0Bourse aux jouets organis\u00e9e par l&rsquo;Association des Parents d&rsquo;El\u00e8ves des \u00e9coles publiques de Saint \u00c9tienne de\u00a0Tulmont.\u00a0Celle ci aura lieu \u00e0 la salle des f\u00eates de Saint \u00c9tienne de Tulmont de 8H00 \u00e0 18H00.\n<div>Accueil des exposants d\u00e8s 7H00 ( pr\u00eat d&rsquo;une chaise par exposant + une boisson chaude offerte)<\/div>\n<div>Tarifs: 2,50\u20ac le ml .<\/div>\n<div>Restauration possible sur place.<\/div>\n<div>Pour toute r\u00e9servation ou renseignements veuillez nous contacter au\u00a0<a href=\"tel:07.82.62.48.17\" target=\"_blank\" rel=\"noreferrer\">07.82.62.48.17<\/a>.<\/div>\n<\/li>\n<li><strong>NEGREPELISSE<\/strong> 8\u00b0 Bourse au jouets, \u00ab\u00a0De la malle au grenier\u00a0\u00bb, \u00a0organis\u00e9e par la FCPE des Ecoles Publiques El\u00e9mentaire et Maternelle de N\u00e8grepelisse, \u00e0 la\u00a0SALLE DES FETES (<em>Place nationale<\/em>) (<em>cette bourse est uniquement consacr\u00e9e aux jouets)<\/em><br \/>\n6\u20ac la table, 10\u20ac les 2.\u00a0(1,60\u00a0x\u00a00,80 m)\u00a0Pour les exposants, ouverture des portes \u00e0 7h30.<br \/>\nPossibilit\u00e9 de r\u00e9server des paniers repas \u00e0 4\u20ac.<br \/>\nR\u00e9servations avant le jeudi 26 novembre 2015.<\/li>\n<li><strong>BRESSOLS<\/strong>\u00a0<span class=\"tagZone\">\u00a0<span class=\"inline vAlignMiddle\">Bourse aux v\u00eatements<\/span> <\/span><span class=\"tagZone\">\u00a0<span class=\"inline vAlignMiddle\">Bourse aux jouets<\/span> <\/span><span class=\"tagZone\">\u00a0<span class=\"inline vAlignMiddle\">Bourse de pu\u00e9riculture; Organis\u00e9e par l&rsquo;association \u00ab\u00a0Les petits cr\u00e9ateurs\u00a0\u00bb<br \/>\nEn int\u00e9rieur. Table de 2ml fournie (stand de 2,4,6,8 ou 10ml) 2 chaises fournies par stand. 3,5\u20ac le m\u00e8tre lin\u00e9aire. Horaires exposants 7h00 -18h00<br \/>\nRestauration possible sur place<\/span><\/span><\/li>\n<li><strong>GAILLAC<\/strong>\u00a0<span class=\"tagZone\"><span class=\"inline vAlignMiddle\">Bourse aux jouets,\u00a0v\u00eatements, mat\u00e9riel\u00a0<\/span><\/span><span class=\"tagZone\"><span class=\"inline vAlignMiddle\">de pu\u00e9riculture,\u00a0organis\u00e9e par\u00a0l APE\u00a0La Clavelle Vend\u00f4me\u00a0dans la salle de sport couverte et ferm\u00e9e de l \u00e9cole.<br \/>\nGrands parkings a proximit\u00e9 de l \u00e9cole. Petite restauration sur place<br \/>\n<\/span><\/span><\/li>\n<li><strong>SAINT NAUPHARY<\/strong> \u00a0Bourse aux jouets organis\u00e9e par l&rsquo;APE,\u00a0Salle des F\u00eates.\u00a0Buvette et Petite restauration sur place.<\/li>\n<\/ul>\n<h5>Samedi 5 d\u00e9cembre 2015<\/h5>\n<ul>\n<li><strong>VILLEBRUMIER<\/strong>\u00a0Bourse aux jouets, v\u00e8tements d&rsquo;enfants et pu\u00e9riculture, organis\u00e9 par l&rsquo;APE \u00e0 la salle des f\u00eates<br \/>\nExposants: 73 emplacements exposants, 3\u20ac la table de 1.20m x\u00a00.60m, paiement \u00e0\u00a0la r\u00e9servation &#8211; horaire \u00a08h00- 17h00, caf\u00e9 offert.<br \/>\nVisiteurs: gratuit,\u00a0horaire visiteurs 10h00-17h00<br \/>\nRenseignements:\u00a007 81 70 79 34,\u00a0Courriel :<a href=\"mailto:ape.villebrumier@hotmail.fr\">ape.villebrumier@hotmail.fr<\/a><\/li>\n<li><strong class=\"medTxt\">GIROUSSENS<\/strong> Bourse aux jouets et mat\u00e9riel de sport organis\u00e9 par l&rsquo;association \u00ab\u00a0Les Pitchons\u00a0\u00bb,\u00a0Salle de la Boulonnette<br \/>\nRenseignements:\u00a006 98 98 83 85.\u00a0Buvette &#8211; cr\u00eapes vendues sur place<\/li>\n<li><strong>CORDES SUR CIEL<\/strong> Bourse aux jouets au gymnase\n<div class=\"telPublicNumero\">Renseignements : 0563561198\u00a0Vanessa Chalabi Animatrice<br \/>\nNombreuses animations pour les enfants.Petite restauration sur place.<\/div>\n<\/li>\n<\/ul>\n<h5>Dimanche 6 d\u00e9cembre 2015,<\/h5>\n<ul>\n<li><strong>GAILLAC<\/strong> \u00a0Vide ta chambre organis\u00e9 par l&rsquo;\u00e9cole Louise Michel\u00a0de 8 H 00 \u00e0 17 H 00<br \/>\n5 \u20ac la table. Vente de v\u00eatements enfants, jouets, livres&#8230;<br \/>\nBuvette sur place<\/li>\n<li><strong>GAILLAC<\/strong> \u00a0Bourse aux jouets organis\u00e9e par l&rsquo;<strong><a href=\"http:\/\/www.gaillac-shopping.fr\/\" target=\"_blank\">AGACI<\/a>,<\/strong>\u00a0Place du GRIFFOUL<br \/>\nPour t\u00e9l\u00e9charger le bulletin d&rsquo;inscription, cliquez:\u00a0<strong><a href=\"https:\/\/www.o-p-i.fr\/parlonsen\/wp-content\/uploads\/Fiche-dinscription-Gaillac.pdf\">Fiche d&rsquo;inscription Gaillac<\/a><\/strong><br \/>\nl&rsquo;AGACI organise \u00e9galement le \u00ab\u00a0March\u00e9 de No\u00ebl\u00a0\u00bb \u00a0les 5 et 6 d\u00e9cembre 2015, Place de la Lib\u00e9ration<br \/>\nPour t\u00e9l\u00e9charger le bulletin d&rsquo;inscription, cliquez:\u00a0<strong><a href=\"https:\/\/www.o-p-i.fr\/parlonsen\/wp-content\/uploads\/INSCRIPTION_march\u00e9NOEL-Gaillac.pdf\">INSCRIPTION_march\u00e9NOEL Gaillac<\/a><\/strong><\/li>\n<\/ul>\n<h5>Dimanche 13 d\u00e9cembre 2015<\/h5>\n<ul>\n<li><strong>LEOJAC BELLEGARDE<\/strong> Bourse aux jouets et affaires de pu\u00e9riculture. Organis\u00e9e par l&rsquo;association \u00ab\u00a0Jeux de m\u00f4mes\u00a0\u00bb<br \/>\nVous trouverez restauration et buvette sur place, dans une ambiance chaleureuse et conviviale !<br \/>\nTarif exposants: 4 euros la table (1m). R\u00e9servation souhait\u00e9e avant le 4 d\u00e9cembre<br \/>\nPour t\u00e9l\u00e9charger le bulletin d&rsquo;inscription, cliquez:\u00a0<strong><a href=\"https:\/\/www.o-p-i.fr\/parlonsen\/wp-content\/uploads\/inscription-bourse-jouets-L\u00e9ojac.pdf\">inscription bourse jouets L\u00e9ojac<\/a><\/strong><\/li>\n<li><strong>MONCLAR DE QUERCY<\/strong> Vide-greniers organis\u00e9 par le Club des A\u00een\u00e9s \u00a0\u00bb La Concorde \u00a0\u00bb de Genebri\u00e8res<br \/>\nAccueil des exposants \u00e0 partir de 6h.45 &#8211; caf\u00e9 offert.\u00a0Tarif du m\u00e8tre lin\u00e9aire : 3,00 \u20ac en salle &#8211; 2,00 \u20ac \u00e0 l&rsquo;ext\u00e9rieur.<br \/>\nEntr\u00e9e gratuite pour les visiteurs &#8211; parking \u00e0 leur disposition.<br \/>\nRestauration et buvette sur place avec :\u00a0boissons chaudes et p\u00e2tisserie maison le matin,\u00a0puis grillades : saucisse &#8211; merguez &#8211; frites &#8211; p\u00e2tisserie.<br \/>\nRenseignements: Genevi\u00e8ve Leroy: 05 63 30 41 82<\/li>\n<li><strong>VAISSAC<\/strong> Vide ta chambre (bourse aux jouets, livres, pu\u00e9riculture), \u00e0 la salle des f\u00eates, organis\u00e9 par l&rsquo;A.P.E.<br \/>\nExposants: 5\u20ac la table, caf\u00e9\u00a0offert.<br \/>\nRestauration, buvette.<br \/>\nAvec un invit\u00e9 VIP: Le P\u00e8re No\u00ebl.<br \/>\nAnimations: photos avec le P\u00e8re No\u00ebl, promenade en cal\u00e8che, maquillage, envol de ballons.<br \/>\nPour vous inscrire, t\u00e9l\u00e9charger en cliquant:<strong> <a href=\"https:\/\/www.o-p-i.fr\/parlonsen\/wp-content\/uploads\/inscription-et-reglement-vide-ta-chambre-VAISSAC.pdf\">inscription et reglement vide ta chambre VAISSAC<\/a>\u00a0<\/strong><br \/>\nRenseignem\u00f9ents: 05 63 02 39 77 ou 06 76 28 74 78<\/li>\n<li><\/li>\n<\/ul>\n<p>&nbsp;<\/p>\n<p><strong><a style=\"line-height: 1.5;\" href=\"https:\/\/www.o-p-i.fr\/parlonsen\/agenda\/\">Retrouvez tous les \u00e9v\u00e9nements dans l&rsquo;agenda !<\/a><\/strong><\/p>\n","protected":false},"excerpt":{"rendered":"<div class=\"mh-excerpt\">Grand Vide Greniers de Printemps \u00e0 Monclar de Quercy (82) : Dimanche 1er Mars 2015 !<\/div>\n<p> <a class=\"mh-excerpt-more\" href=\"https:\/\/www.o-p-i.fr\/parlonsen\/parlons-en\/commerce\/vide-greniers-2015au-pays-des-tescous\/\" title=\"Vide-greniers 2015 &#8230; au Pays des Tescou&rsquo;s\">[&#8230;]<\/a><\/p>\n","protected":false},"author":4,"featured_media":0,"comment_status":"open","ping_status":"open","sticky":false,"template":"","format":"standard","meta":{"om_disable_all_campaigns":false,"advanced_seo_description":"","jetpack_seo_html_title":"","jetpack_seo_noindex":false,"_jetpack_memberships_contains_paid_content":false,"footnotes":"","_links_to":"","_links_to_target":""},"categories":[28,828,4,42,26,16,54,2013,2175,2176,2177,2178,2179,2180,2273,2274],"tags":[449,711,1493,1600,2296],"class_list":{"0":"post-23286","1":"post","2":"type-post","3":"status-publish","4":"format-standard","6":"category-beauvais-sur-tescou","7":"category-au-pays-des-tescous","8":"category-commerce","9":"category-a-cote-de-chez-nous","10":"category-le-born","11":"category-monclar","12":"category-loisirs","13":"category-les-vides-greniers","14":"category-n-106-janvier-2015","15":"category-n-107-fevrier-2015","16":"category-n-108-mars-2015","17":"category-n-109-avril-2015","18":"category-n-110-mai-2015","19":"category-n-111-juin-2015","20":"category-n-112-juillet-2015","21":"category-n-113-aout-2015","22":"tag-brocante","23":"tag-moto","24":"tag-puericulture","25":"tag-foire-a-tout","26":"tag-moto-ancienne"},"jetpack_featured_media_url":"","views":{"total":0,"cached_at":"","cached_date":1738343577},"jetpack_likes_enabled":true,"jetpack_sharing_enabled":true,"jetpack_shortlink":"https:\/\/wp.me\/pg7Wxj-63A","jetpack-related-posts":[],"_links":{"self":[{"href":"https:\/\/www.o-p-i.fr\/parlonsen\/wp-json\/wp\/v2\/posts\/23286","targetHints":{"allow":["GET"]}}],"collection":[{"href":"https:\/\/www.o-p-i.fr\/parlonsen\/wp-json\/wp\/v2\/posts"}],"about":[{"href":"https:\/\/www.o-p-i.fr\/parlonsen\/wp-json\/wp\/v2\/types\/post"}],"author":[{"embeddable":true,"href":"https:\/\/www.o-p-i.fr\/parlonsen\/wp-json\/wp\/v2\/users\/4"}],"replies":[{"embeddable":true,"href":"https:\/\/www.o-p-i.fr\/parlonsen\/wp-json\/wp\/v2\/comments?post=23286"}],"version-history":[{"count":0,"href":"https:\/\/www.o-p-i.fr\/parlonsen\/wp-json\/wp\/v2\/posts\/23286\/revisions"}],"wp:attachment":[{"href":"https:\/\/www.o-p-i.fr\/parlonsen\/wp-json\/wp\/v2\/media?parent=23286"}],"wp:term":[{"taxonomy":"category","embeddable":true,"href":"https:\/\/www.o-p-i.fr\/parlonsen\/wp-json\/wp\/v2\/categories?post=23286"},{"taxonomy":"post_tag","embeddable":true,"href":"https:\/\/www.o-p-i.fr\/parlonsen\/wp-json\/wp\/v2\/tags?post=23286"}],"curies":[{"name":"wp","href":"https:\/\/api.w.org\/{rel}","templated":true}]}}