{"id":23330,"date":"2014-11-06T10:26:11","date_gmt":"2014-11-06T08:26:11","guid":{"rendered":"\/parlonsen\/?p=23330"},"modified":"2025-11-10T15:13:13","modified_gmt":"2025-11-10T14:13:13","slug":"contes-et-theatre-a-salvagnac-81","status":"publish","type":"post","link":"https:\/\/www.o-p-i.fr\/parlonsen\/localisation\/au-pays-des-tescous\/salvagnac\/contes-et-theatre-a-salvagnac-81\/","title":{"rendered":"Contes et Th\u00e9\u00e2tre &#8230; \u00e0 Salvagnac (81)"},"content":{"rendered":"<p>\u201cLe Cantegrel\u201d propose un apr\u00e8s-midi Contes et Th\u00e9\u00e2tre \u00e0 la salle du Billard, rue Caraven Cachen \u00e0 Salvagnac le <strong>Samedi 22 Novembre 2014<\/strong> de 15h30 \u00e0 19h30. <!--more--><\/p>\n<figure id=\"attachment_23331\" aria-describedby=\"caption-attachment-23331\" style=\"width: 221px\" class=\"wp-caption alignright\"><a href=\"https:\/\/i0.wp.com\/www.o-p-i.fr\/parlonsen\/wp-content\/uploads\/envoituresimone-gatille.jpg?ssl=1\"><img data-recalc-dims=\"1\" loading=\"lazy\" decoding=\"async\" class=\"size-medium wp-image-23331 \" title=\"En voiture Simone - La troupe de Gatille\" src=\"https:\/\/i0.wp.com\/www.o-p-i.fr\/parlonsen\/wp-content\/uploads\/envoituresimone-gatille.jpg?resize=221%2C300&#038;ssl=1\" alt=\"En voiture Simone - La troupe de Gatille\" width=\"221\" height=\"300\" srcset=\"https:\/\/i0.wp.com\/www.o-p-i.fr\/parlonsen\/wp-content\/uploads\/envoituresimone-gatille.jpg?resize=221%2C300&amp;ssl=1 221w, https:\/\/i0.wp.com\/www.o-p-i.fr\/parlonsen\/wp-content\/uploads\/envoituresimone-gatille.jpg?w=400&amp;ssl=1 400w\" sizes=\"auto, (max-width: 221px) 100vw, 221px\" \/><\/a><figcaption id=\"caption-attachment-23331\" class=\"wp-caption-text\">En voiture Simone - La troupe de Gatille<\/figcaption><\/figure>\n<p>de 16h \u00e0 16h30 : <strong>\u201dLes Racontines de la Ferme\u201d<\/strong> Contes pour petits et grands avec la conteuse \u201cBlanche la Fileuse d\u2019histoires\u201d. (\u00e0 partir de 4 ans)<\/p>\n<p>de 16h30 \u00e0 17h00 : Entracte avec vente de cr\u00eapes, curbelets et autres douceurs \/ Buvette :  boissons fraiches et chaudes sans alcool.<\/p>\n<p>de 17h00 \u00e0 18h15 : Pi\u00e8ce de th\u00e9\u00e2tre <strong>\u201cEn voiture Simone !\u201d <\/strong>avec la troupe \u201cGatilles en sc\u00e8ne.<\/p>\n<p><em>Avec : Eva, Richard, Jef, Marie-Anne, Lara, Annie, Christelle, Laurence, Anne<\/em><\/p>\n<p><em>Au son et \u00e0 la lumi\u00e8re : Claude<\/p>\n<p>Coiffures et maquillages : Liyah la tit&rsquo;f\u00e9e maquilleuse<\/p>\n<p>Adaptation et mise en sc\u00e8ne : Anne GARDES<\/p>\n<p><\/em><\/p>\n<p><em><\/em>Il y a une chose qu&rsquo;est bien, c&rsquo;est les vacances !<\/p>\n<p>Train annul\u00e9, embouteillages sur la route des vacances, agences de voyage  mensong\u00e8res, retour pr\u00e9cipit\u00e9 avec Europe-assistance,\u2026<\/p>\n<p>Et si les vacances n\u2019\u00e9taient pas \u00ab un long fleuve tranquille \u00bb !<\/p>\n<p><em><\/em><\/p>\n<p>de 18h30 \u00e0 19h30 : Tirage de la Tombola suivi d\u2019un temps d\u2019\u00e9changes et  de partages entre spectateurs\/acteurs et organisateurs (r\u00e9sidents et  \u00e9quipe \u00e9ducative).<\/p>\n<p><strong>Tarifs :<\/strong><br \/>\nSpectacle GRATUIT pour les enfants<br \/>\nEntr\u00e9e = 5 \u20ac<\/p>\n<p><strong>Contact : <\/strong><\/p>\n<p>T\u00e9l. : 05 63 40 57 27 ou 06 21 74 97 08<\/p>\n<p><em><\/em><\/p>\n<p><em>Communiqu\u00e9 par Marie-H\u00e9l\u00e8ne Coniglio, animatrice<\/p>\n<p><\/em><\/p>\n<p><em><\/em><\/p>\n","protected":false},"excerpt":{"rendered":"<div class=\"mh-excerpt\">\u201cLe Cantegrel\u201d propose un apr\u00e8s-midi Contes et Th\u00e9\u00e2tre \u00e0 la salle du Billard, rue Caraven Cachen \u00e0 Salvagnac le Samedi 22 Novembre 2014 de 15h30 \u00e0 19h30.<\/div>\n","protected":false},"author":2,"featured_media":0,"comment_status":"open","ping_status":"open","sticky":false,"template":"","format":"standard","meta":{"om_disable_all_campaigns":false,"advanced_seo_description":"","jetpack_seo_html_title":"","jetpack_seo_noindex":false,"_jetpack_memberships_contains_paid_content":false,"footnotes":"","_links_to":"","_links_to_target":""},"categories":[54,704,25,2154],"tags":[2548,132,323,1739,2889],"class_list":{"0":"post-23330","1":"post","2":"type-post","3":"status-publish","4":"format-standard","6":"category-loisirs","7":"category-cest-lautomne","8":"category-salvagnac","9":"category-n-104-novembre-2014","10":"tag-salvagnac","11":"tag-spectacle","12":"tag-enfant","13":"tag-gatilles-en-scene","14":"tag-contes"},"jetpack_featured_media_url":"","views":{"total":0,"cached_at":"","cached_date":1738412627},"jetpack_likes_enabled":true,"jetpack_sharing_enabled":true,"jetpack_shortlink":"https:\/\/wp.me\/pg7Wxj-64i","jetpack-related-posts":[],"_links":{"self":[{"href":"https:\/\/www.o-p-i.fr\/parlonsen\/wp-json\/wp\/v2\/posts\/23330","targetHints":{"allow":["GET"]}}],"collection":[{"href":"https:\/\/www.o-p-i.fr\/parlonsen\/wp-json\/wp\/v2\/posts"}],"about":[{"href":"https:\/\/www.o-p-i.fr\/parlonsen\/wp-json\/wp\/v2\/types\/post"}],"author":[{"embeddable":true,"href":"https:\/\/www.o-p-i.fr\/parlonsen\/wp-json\/wp\/v2\/users\/2"}],"replies":[{"embeddable":true,"href":"https:\/\/www.o-p-i.fr\/parlonsen\/wp-json\/wp\/v2\/comments?post=23330"}],"version-history":[{"count":1,"href":"https:\/\/www.o-p-i.fr\/parlonsen\/wp-json\/wp\/v2\/posts\/23330\/revisions"}],"predecessor-version":[{"id":67270,"href":"https:\/\/www.o-p-i.fr\/parlonsen\/wp-json\/wp\/v2\/posts\/23330\/revisions\/67270"}],"wp:attachment":[{"href":"https:\/\/www.o-p-i.fr\/parlonsen\/wp-json\/wp\/v2\/media?parent=23330"}],"wp:term":[{"taxonomy":"category","embeddable":true,"href":"https:\/\/www.o-p-i.fr\/parlonsen\/wp-json\/wp\/v2\/categories?post=23330"},{"taxonomy":"post_tag","embeddable":true,"href":"https:\/\/www.o-p-i.fr\/parlonsen\/wp-json\/wp\/v2\/tags?post=23330"}],"curies":[{"name":"wp","href":"https:\/\/api.w.org\/{rel}","templated":true}]}}