{"id":23405,"date":"2014-10-15T09:02:20","date_gmt":"2014-10-15T07:02:20","guid":{"rendered":"\/parlonsen\/?p=23405"},"modified":"2014-10-15T09:05:34","modified_gmt":"2014-10-15T07:05:34","slug":"the-mud-day-capdecouverte-au-garric-81","status":"publish","type":"post","link":"https:\/\/www.o-p-i.fr\/parlonsen\/localisation\/a-cote-de-chez-nous\/the-mud-day-capdecouverte-au-garric-81\/","title":{"rendered":"The Mud Day Cap&rsquo;D\u00e9couverte &#8230; au Garric (81)"},"content":{"rendered":"<p style=\"text-align: justify;\">Tous \u00e0 vos baskets ! The Mud Day arrive en Midi-Pyr\u00e9n\u00e9es le <strong>samedi 18 octobre<\/strong> 2014 dans la base de loisirs de Cap\u2019D\u00e9couverte situ\u00e9e \u00e0 une heure de Toulouse et \u00e0 10 minutes d\u2019Albi.<!--more--><\/p>\n<p style=\"text-align: justify;\">\n<figure id=\"attachment_23406\" aria-describedby=\"caption-attachment-23406\" style=\"width: 300px\" class=\"wp-caption alignright\"><a href=\"https:\/\/i0.wp.com\/www.o-p-i.fr\/parlonsen\/wp-content\/uploads\/muddaylegarric.jpg?ssl=1\"><img data-recalc-dims=\"1\" loading=\"lazy\" decoding=\"async\" class=\"size-medium wp-image-23406\" title=\"Mud Day - Le Garric (81)\" src=\"https:\/\/i0.wp.com\/www.o-p-i.fr\/parlonsen\/wp-content\/uploads\/muddaylegarric.jpg?resize=300%2C116&#038;ssl=1\" alt=\"Mud Day - Le Garric (81)\" width=\"300\" height=\"116\" srcset=\"https:\/\/i0.wp.com\/www.o-p-i.fr\/parlonsen\/wp-content\/uploads\/muddaylegarric.jpg?resize=300%2C116&amp;ssl=1 300w, https:\/\/i0.wp.com\/www.o-p-i.fr\/parlonsen\/wp-content\/uploads\/muddaylegarric.jpg?w=600&amp;ssl=1 600w\" sizes=\"auto, (max-width: 300px) 100vw, 300px\" \/><\/a><figcaption id=\"caption-attachment-23406\" class=\"wp-caption-text\">Mud Day - Le Garric (81)<\/figcaption><\/figure>\n<p style=\"text-align: justify;\"><strong>Devenir un Mud Guy ?<\/strong><br \/>\nAlors ne force pas trop sur l\u2019ap\u00e9ro au mois d\u2019octobre et regarde plut\u00f4t ce qui t\u2019attend au menu de The Mud Day Cap&rsquo;D\u00e9couverte : une ancienne mine de charbon \u00e0 ciel ouvert, un crat\u00e8re de plus d\u2019un kilom\u00e8tre de diam\u00e8tre, 230 m\u00e8tres de profondeur et pas moins de trois lacs pour te rafra\u00eechir. Le tout garni de 22 obstacles d\u00e9licieusement boueux, \u00e9lectriques ou glac\u00e9s. Tu en as l\u2019eau \u00e0 la bouche ? Forme ton \u00e9quipe et rejoins la l\u00e9gion des Mud Guys !<\/p>\n<p style=\"text-align: justify;\"><strong>The Mud Day ?<\/strong><br \/>\nTu en as assez de courir sur l\u2019asphalte ? Tu veux faire une \u00e9preuve sportive avec tes amis sans rester focalis\u00e9 sur ton chrono ? Tu veux un d\u00e9fi qui te permettra de repousser tes limites ? Alors The Mud Day est fait pour toi !<\/p>\n<p style=\"text-align: justify;\">The Mud Day, c\u2019est une \u00e9preuve extr\u00eame mettant \u00e0 l\u2019\u00e9preuve tes capacit\u00e9s physiques mais aussi mentales.<\/p>\n<p style=\"text-align: justify;\">The Mud Day, c\u2019est un challenge de 13 kilom\u00e8tres avec 22 obstacles inspir\u00e9s des parcours du combattant. Au menu, de l\u2019eau, de l\u2019\u00e9lectricit\u00e9, de la glace mais surtout de la boue et de la gloire !<\/p>\n<p style=\"text-align: justify;\">Si tu es pr\u00eat \u00e0 relever le d\u00e9fi, <a title=\"Ouvre le site dans une nouvelle fen\u00eatre\" href=\"https:\/\/www.facebook.com\/Themudday\" target=\"_blank\">rejoins la communaut\u00e9 des Mud Guys<\/a> !<\/p>\n<p style=\"text-align: justify;\">Tu veux savoir ce qui t\u2019attend ? <a title=\"Ouvre le site dans une nouvelle fen\u00eatre\" href=\"https:\/\/www.youtube.com\/watch?v=cdWks5BUlsE\" target=\"_blank\">Alors jette un \u0153il au teaser 2014 !<\/a><\/p>\n<p style=\"text-align: justify;\">Toutes les infos sur le site internet <a title=\"Ouvre le site dans une nouvelle fen\u00eatre\" href=\"http:\/\/www.themudday.com\/\" target=\"_blank\">http:\/\/www.themudday.com\/<\/a><\/p>\n<p style=\"text-align: justify;\"><strong>Contact :<\/strong><br \/>\nT\u00e9l. : 05 63 80 29 00<\/p>\n<p style=\"text-align: justify;\"><em>Source : site <a title=\"Ouvre le site dans une nouvelle fen\u00eatre\" href=\"http:\/\/www.themudday.com\/\" target=\"_blank\">http:\/\/www.themudday.com\/<\/a><\/em><\/p>\n","protected":false},"excerpt":{"rendered":"<div class=\"mh-excerpt\">Tous \u00e0 vos baskets ! The Mud Day arrive en Midi-Pyr\u00e9n\u00e9es le samedi 18 octobre 2014 dans la base de loisirs de Cap\u2019D\u00e9couverte situ\u00e9e \u00e0 une heure de Toulouse et \u00e0 10 minutes d\u2019Albi.<\/div>\n","protected":false},"author":2,"featured_media":0,"comment_status":"open","ping_status":"open","sticky":false,"template":"","format":"standard","meta":{"om_disable_all_campaigns":false,"advanced_seo_description":"","jetpack_seo_html_title":"","jetpack_seo_noindex":false,"_jetpack_memberships_contains_paid_content":false,"footnotes":"","_links_to":"","_links_to_target":""},"categories":[42,54,53,2116],"tags":[641,1254,1841,2196],"class_list":{"0":"post-23405","1":"post","2":"type-post","3":"status-publish","4":"format-standard","6":"category-a-cote-de-chez-nous","7":"category-loisirs","8":"category-sports","9":"category-n-103-octobre-2014","10":"tag-course","11":"tag-le-garric","12":"tag-course-a-pied","13":"tag-mud-day"},"jetpack_featured_media_url":"","views":{"total":0,"cached_at":"","cached_date":1738346068},"jetpack_likes_enabled":true,"jetpack_sharing_enabled":true,"jetpack_shortlink":"https:\/\/wp.me\/pg7Wxj-65v","jetpack-related-posts":[],"_links":{"self":[{"href":"https:\/\/www.o-p-i.fr\/parlonsen\/wp-json\/wp\/v2\/posts\/23405","targetHints":{"allow":["GET"]}}],"collection":[{"href":"https:\/\/www.o-p-i.fr\/parlonsen\/wp-json\/wp\/v2\/posts"}],"about":[{"href":"https:\/\/www.o-p-i.fr\/parlonsen\/wp-json\/wp\/v2\/types\/post"}],"author":[{"embeddable":true,"href":"https:\/\/www.o-p-i.fr\/parlonsen\/wp-json\/wp\/v2\/users\/2"}],"replies":[{"embeddable":true,"href":"https:\/\/www.o-p-i.fr\/parlonsen\/wp-json\/wp\/v2\/comments?post=23405"}],"version-history":[{"count":0,"href":"https:\/\/www.o-p-i.fr\/parlonsen\/wp-json\/wp\/v2\/posts\/23405\/revisions"}],"wp:attachment":[{"href":"https:\/\/www.o-p-i.fr\/parlonsen\/wp-json\/wp\/v2\/media?parent=23405"}],"wp:term":[{"taxonomy":"category","embeddable":true,"href":"https:\/\/www.o-p-i.fr\/parlonsen\/wp-json\/wp\/v2\/categories?post=23405"},{"taxonomy":"post_tag","embeddable":true,"href":"https:\/\/www.o-p-i.fr\/parlonsen\/wp-json\/wp\/v2\/tags?post=23405"}],"curies":[{"name":"wp","href":"https:\/\/api.w.org\/{rel}","templated":true}]}}