{"id":23465,"date":"2014-10-21T23:33:21","date_gmt":"2014-10-21T21:33:21","guid":{"rendered":"\/parlonsen\/?p=23465"},"modified":"2014-10-22T09:27:53","modified_gmt":"2014-10-22T07:27:53","slug":"hier-aujourdhui-demain-a-verlhac-tescou","status":"publish","type":"post","link":"https:\/\/www.o-p-i.fr\/parlonsen\/parlons-en\/culture\/hier-aujourdhui-demain-a-verlhac-tescou\/","title":{"rendered":"HIer AUjourd&rsquo;hui DEmain&#8230; \u00e0 Verlhac Tescou (82)"},"content":{"rendered":"<p>Largement investis sur le chantier de restauration de l&rsquo;\u00e9glise de La Vinouse, les membres de l&rsquo;association HIAUDE ont organis\u00e9 le 17 octobre 2014 la visite du chantier.<\/p>\n<p><!--more--><\/p>\n<figure id=\"attachment_23487\" aria-describedby=\"caption-attachment-23487\" style=\"width: 574px\" class=\"wp-caption alignright\"><a href=\"https:\/\/i0.wp.com\/www.o-p-i.fr\/parlonsen\/wp-content\/uploads\/la-vinouze.jpg?ssl=1\"><img data-recalc-dims=\"1\" loading=\"lazy\" decoding=\"async\" class=\"size-full wp-image-23487 \" title=\"Eglise de LaVinouze: un public attentif \u00e0 la pr\u00e9sentation faite par Guy ROUMAGNAC, pr\u00e9sident de HIAUDE\" src=\"https:\/\/i0.wp.com\/www.o-p-i.fr\/parlonsen\/wp-content\/uploads\/la-vinouze.jpg?resize=574%2C220&#038;ssl=1\" alt=\"Eglise de LaVinouze: un public attentif \u00e0 la pr\u00e9sentation faite par Guy ROUMAGNAC, pr\u00e9sident de HIAUDE\" width=\"574\" height=\"220\" srcset=\"https:\/\/i0.wp.com\/www.o-p-i.fr\/parlonsen\/wp-content\/uploads\/la-vinouze.jpg?w=717&amp;ssl=1 717w, https:\/\/i0.wp.com\/www.o-p-i.fr\/parlonsen\/wp-content\/uploads\/la-vinouze.jpg?resize=300%2C115&amp;ssl=1 300w\" sizes=\"auto, (max-width: 574px) 100vw, 574px\" \/><\/a><figcaption id=\"caption-attachment-23487\" class=\"wp-caption-text\">Eglise de LaVinouse : un public attentif \u00e0 la pr\u00e9sentation faite par Guy ROUMAGNAC, pr\u00e9sident de HIAUDE<\/figcaption><\/figure>\n<p style=\"text-align: justify;\">L&rsquo;\u00e9glise \u00e9tait trop petite pour accueillir toutes les personnes int\u00e9ress\u00e9es par ce projet et invit\u00e9es \u00e0 cette visite (revoir l&rsquo;article dans \u00ab\u00a0Parlons-en\u00a0\u00bb <strong><a title=\"cliquez pour revoir l'article\" href=\"https:\/\/www.o-p-i.fr\/parlonsen\/parlons-en\/culture\/visite-du-chantier-de-restauration-de-leglise-a-verlhac-tescou-82\/\" target=\"_blank\">en cliquant ici)<\/a>. <\/strong><\/p>\n<p>Un montage vid\u00e9o retra\u00e7ait les diff\u00e9rentes phases des travaux.<br \/>\nAujourd&rsquo;hui, le dressage des murs et un enduit \u00ab\u00a0\u00e0 l&rsquo;ancienne\u00a0\u00bb sont termin\u00e9s.<br \/>\nLa finition sur les murs, le plafond, l&rsquo;\u00e9clairage sont en d\u00e9bat&#8230;<\/p>\n<p>Vous pouvez t\u00e9l\u00e9charger la fiche de pr\u00e9sentation de l&rsquo;association HIAUDE et le bulletin d&rsquo;adh\u00e9sion\u00a0 <strong><a href=\"https:\/\/www.o-p-i.fr\/parlonsen\/wp-content\/uploads\/bulletinadhesion2015.pdf\">en cliquant ici ! <\/a> <\/strong><\/p>\n<p><em>Photos Claude LAFON<\/em><strong> <\/strong><\/p>\n","protected":false},"excerpt":{"rendered":"<div class=\"mh-excerpt\">Largement investis sur le chantier de restauration de l&rsquo;\u00e9glise de La Vinouse, les membres de l&rsquo;association HIAUDE ont organis\u00e9 le 17 octobre 2014 la visite du chantier.<\/div>\n","protected":false},"author":4,"featured_media":0,"comment_status":"open","ping_status":"open","sticky":false,"template":"","format":"standard","meta":{"om_disable_all_campaigns":false,"advanced_seo_description":"","jetpack_seo_html_title":"","jetpack_seo_noindex":false,"_jetpack_memberships_contains_paid_content":false,"footnotes":"","_links_to":"","_links_to_target":""},"categories":[52,51,1,27,2116],"tags":[2202,2205,2550,228,873,1920,2201],"class_list":{"0":"post-23465","1":"post","2":"type-post","3":"status-publish","4":"format-standard","6":"category-parlons-en","7":"category-artisanat","8":"category-culture","9":"category-verlhac-tescou","10":"category-n-103-octobre-2014","11":"tag-construction-terre","12":"tag-la-vinouse","13":"tag-verlhac-tescou","14":"tag-patrimoine","15":"tag-eglise","16":"tag-hiaude","17":"tag-la-vinouze"},"jetpack_featured_media_url":"","views":{"total":0,"cached_at":"","cached_date":1738532982},"jetpack_likes_enabled":true,"jetpack_sharing_enabled":true,"jetpack_shortlink":"https:\/\/wp.me\/pg7Wxj-66t","jetpack-related-posts":[],"_links":{"self":[{"href":"https:\/\/www.o-p-i.fr\/parlonsen\/wp-json\/wp\/v2\/posts\/23465","targetHints":{"allow":["GET"]}}],"collection":[{"href":"https:\/\/www.o-p-i.fr\/parlonsen\/wp-json\/wp\/v2\/posts"}],"about":[{"href":"https:\/\/www.o-p-i.fr\/parlonsen\/wp-json\/wp\/v2\/types\/post"}],"author":[{"embeddable":true,"href":"https:\/\/www.o-p-i.fr\/parlonsen\/wp-json\/wp\/v2\/users\/4"}],"replies":[{"embeddable":true,"href":"https:\/\/www.o-p-i.fr\/parlonsen\/wp-json\/wp\/v2\/comments?post=23465"}],"version-history":[{"count":0,"href":"https:\/\/www.o-p-i.fr\/parlonsen\/wp-json\/wp\/v2\/posts\/23465\/revisions"}],"wp:attachment":[{"href":"https:\/\/www.o-p-i.fr\/parlonsen\/wp-json\/wp\/v2\/media?parent=23465"}],"wp:term":[{"taxonomy":"category","embeddable":true,"href":"https:\/\/www.o-p-i.fr\/parlonsen\/wp-json\/wp\/v2\/categories?post=23465"},{"taxonomy":"post_tag","embeddable":true,"href":"https:\/\/www.o-p-i.fr\/parlonsen\/wp-json\/wp\/v2\/tags?post=23465"}],"curies":[{"name":"wp","href":"https:\/\/api.w.org\/{rel}","templated":true}]}}