{"id":2352,"date":"2010-02-16T20:12:23","date_gmt":"2010-02-16T18:12:23","guid":{"rendered":"\/parlonsen\/?p=2352"},"modified":"2010-04-09T15:23:22","modified_gmt":"2010-04-09T13:23:22","slug":"lo-reviscol-en-assemblee","status":"publish","type":"post","link":"https:\/\/www.o-p-i.fr\/parlonsen\/parlons-en\/culture\/lo-reviscol-en-assemblee\/","title":{"rendered":"Lo Revisc\u00f2l en assembl\u00e9e."},"content":{"rendered":"<p style=\"text-align: justify;\">L&rsquo;assembl\u00e9e g\u00e9n\u00e9rale du Revisc\u00f2l s&rsquo;est tenu dimanche 14 f\u00e9vrier sous la Pr\u00e9sidence de Jean-Pierre Desvals.<br \/>\nUne fois de plus l&rsquo;association a montr\u00e9 son dynamisme et sa vitalit\u00e9 avec plus de 100 adh\u00e9rents <!--more-->pr\u00e9sents lors de cette assembl\u00e9e. Un auditoire tr\u00e8s attentif \u00e0 la pr\u00e9sentation du rapport moral et du rapport financier bien expliqu\u00e9 par le tr\u00e9sorier Hugues Constant.<\/p>\n<figure id=\"attachment_2353\" aria-describedby=\"caption-attachment-2353\" style=\"width: 300px\" class=\"wp-caption alignleft\"><img data-recalc-dims=\"1\" loading=\"lazy\" decoding=\"async\" class=\"size-full wp-image-2353\" title=\"Lo Revisc\u00f2l en assembl\u00e9e.\" src=\"https:\/\/i0.wp.com\/www.o-p-i.fr\/parlonsen\/wp-content\/uploads\/ag_reviscol.jpg?resize=300%2C450&#038;ssl=1\" alt=\"Lo Revisc\u00f2l en assembl\u00e9e.\" width=\"300\" height=\"450\" srcset=\"https:\/\/i0.wp.com\/www.o-p-i.fr\/parlonsen\/wp-content\/uploads\/ag_reviscol.jpg?w=300&amp;ssl=1 300w, https:\/\/i0.wp.com\/www.o-p-i.fr\/parlonsen\/wp-content\/uploads\/ag_reviscol.jpg?resize=200%2C300&amp;ssl=1 200w\" sizes=\"auto, (max-width: 300px) 100vw, 300px\" \/><figcaption id=\"caption-attachment-2353\" class=\"wp-caption-text\">Lo Revisc\u00f2l en assembl\u00e9e.<\/figcaption><\/figure>\n<p style=\"text-align: justify;\">Le renouvellement des activit\u00e9s et des manifestations furent \u00e9voqu\u00e9es : <strong><br \/>\n&#8211; ateliers de danses traditionnelles<\/strong> le lundi de 20h \u00e0 22h (perfectionnement) et le jeudi de 20h \u00e0 22h (initiation) \u00e0 Saint Nauphary et le jeudi de 20h \u00e0 22h \u00e0 Villemade ;<br \/>\n<strong>&#8211; groupe folklorique <\/strong>;<br \/>\n&#8211; la marche,<br \/>\n&#8211; les travaux manuels,<br \/>\n&#8211; l&rsquo;organisation de manifestations avec notamment le <strong>bal occitan<\/strong> anim\u00e9 par la Saucisse Musicale Saint Michel ce <strong>samedi 20 f\u00e9vrier<\/strong>.<\/p>\n<p>Le vice-pr\u00e9sident Bernard Dourel pr\u00e9senta une nouvelle activit\u00e9 qui aura lieu le jeudi 3 juin : un <strong>march\u00e9 gourmand<\/strong> !<\/p>\n<p style=\"text-align: justify;\">Apr\u00e8s les questions diverses, le bureau a \u00e9t\u00e9 renouvel\u00e9 dans son ensemble :<br \/>\nPr\u00e9sident : Jean-Pierre Desvals ; Vice-Pr\u00e9sidents : Bernard Dourel, Pierre Boscredon ;<br \/>\nTr\u00e9sorier : Hugues Constant ; Tr\u00e9sori\u00e8re adjoint : B\u00e9atrice Malbrel ;<br \/>\nSecr\u00e9taire : Jo\u00eblle Riva ; Madeleine Hall.<\/p>\n<p style=\"text-align: justify;\">Le pr\u00e9sident Jean-Pierre Desvals r\u00e9it\u00e9ra sa confiance \u00e0 tous les animateurs de l&rsquo;association  de Saint Nauphary et Villemade et invitait, apr\u00e8s avoir cl\u00f4tur\u00e9 l&rsquo;assembl\u00e9e, \u00e0 prendre le verre de l&rsquo;amiti\u00e9.<\/p>\n<p>Le repas et les danses traditionnelles r\u00e9unirent les adh\u00e9rents tout au lmong de ce dimanche.<\/p>\n<p style=\"text-align: justify;\">Vous souhaitez rejoindre Lo Revisc\u00f2l et participer \u00e0 l&rsquo;une de ses nombreuses activit\u00e9s\u00a0 :<\/p>\n<p style=\"text-align: justify;\">T\u00e9l. :\u00a0 05 63 66 15 94 ou\u00a0 05 63 67 85 92 .<\/p>\n<p style=\"text-align: justify;\"><em>R.Linas<\/em><\/p>\n","protected":false},"excerpt":{"rendered":"<div class=\"mh-excerpt\">L&rsquo;assembl\u00e9e g\u00e9n\u00e9rale du Revisc\u00f2l s&rsquo;est tenu dimanche 14 f\u00e9vrier sous la Pr\u00e9sidence de Jean-Pierre Desvals. Une fois de plus l&rsquo;association a montr\u00e9 son dynamisme et sa vitalit\u00e9 avec plus de 100 adh\u00e9rents<\/div>\n","protected":false},"author":8,"featured_media":0,"comment_status":"open","ping_status":"open","sticky":false,"template":"","format":"standard","meta":{"om_disable_all_campaigns":false,"advanced_seo_description":"","jetpack_seo_html_title":"","jetpack_seo_noindex":false,"_jetpack_memberships_contains_paid_content":false,"footnotes":"","_links_to":"","_links_to_target":""},"categories":[308,1,17],"tags":[62,121,303,336,475],"class_list":{"0":"post-2352","1":"post","2":"type-post","3":"status-publish","4":"format-standard","6":"category-308","7":"category-culture","8":"category-saint_nauphary","9":"tag-occitan","10":"tag-association","11":"tag-marche-gourmand","12":"tag-lo-reviscol","13":"tag-folk"},"jetpack_featured_media_url":"","views":{"total":0,"cached_at":"","cached_date":1738514758},"jetpack_likes_enabled":true,"jetpack_sharing_enabled":true,"jetpack_shortlink":"https:\/\/wp.me\/pg7Wxj-BW","jetpack-related-posts":[],"_links":{"self":[{"href":"https:\/\/www.o-p-i.fr\/parlonsen\/wp-json\/wp\/v2\/posts\/2352","targetHints":{"allow":["GET"]}}],"collection":[{"href":"https:\/\/www.o-p-i.fr\/parlonsen\/wp-json\/wp\/v2\/posts"}],"about":[{"href":"https:\/\/www.o-p-i.fr\/parlonsen\/wp-json\/wp\/v2\/types\/post"}],"author":[{"embeddable":true,"href":"https:\/\/www.o-p-i.fr\/parlonsen\/wp-json\/wp\/v2\/users\/8"}],"replies":[{"embeddable":true,"href":"https:\/\/www.o-p-i.fr\/parlonsen\/wp-json\/wp\/v2\/comments?post=2352"}],"version-history":[{"count":0,"href":"https:\/\/www.o-p-i.fr\/parlonsen\/wp-json\/wp\/v2\/posts\/2352\/revisions"}],"wp:attachment":[{"href":"https:\/\/www.o-p-i.fr\/parlonsen\/wp-json\/wp\/v2\/media?parent=2352"}],"wp:term":[{"taxonomy":"category","embeddable":true,"href":"https:\/\/www.o-p-i.fr\/parlonsen\/wp-json\/wp\/v2\/categories?post=2352"},{"taxonomy":"post_tag","embeddable":true,"href":"https:\/\/www.o-p-i.fr\/parlonsen\/wp-json\/wp\/v2\/tags?post=2352"}],"curies":[{"name":"wp","href":"https:\/\/api.w.org\/{rel}","templated":true}]}}