{"id":23581,"date":"2014-10-27T17:50:51","date_gmt":"2014-10-27T15:50:51","guid":{"rendered":"\/parlonsen\/?p=23581"},"modified":"2014-10-27T17:51:34","modified_gmt":"2014-10-27T15:51:34","slug":"concours-de-nouvelles-tarn-et-dadou-81","status":"publish","type":"post","link":"https:\/\/www.o-p-i.fr\/parlonsen\/parlons-en\/culture\/concours-de-nouvelles-tarn-et-dadou-81\/","title":{"rendered":"Concours de Nouvelles &#8230; Tarn et Dadou (81)"},"content":{"rendered":"<p style=\"text-align: justify;\">Pour la 6\u00e8me ann\u00e9e cons\u00e9cutive, la communaut\u00e9 de communes Tarn &amp; Dadou et son r\u00e9seau de m\u00e9diath\u00e8ques organisent un concours de nouvelles ouvert \u00e0 toute personne \u00e9crivant en langue fran\u00e7aise : <strong>du 4 octobre 2014 au 7 f\u00e9vrier 2015<\/strong> !<!--more-->Vous \u00eates invit\u00e9s cette ann\u00e9e \u00e0\u00a0\u00e9crire une nouvelle \u00e0 partir du\u00a0th\u00e8me\u00a0choisi par G\u00e9rard Mordillat, parrain du concours de nouvelles 2014-2015 :<br \/>\n<strong>\u00ab Faites parler l&rsquo;objet de votre choix. Sa vie, ses joies, ses peines&#8230; \u00bb<\/strong><\/p>\n<div class=\"mceTemp\" style=\"text-align: justify;\">\n<dl id=\"attachment_23584\" class=\"wp-caption alignright\" style=\"width: 293px;\">\n<dt class=\"wp-caption-dt\"><a href=\"https:\/\/i0.wp.com\/www.o-p-i.fr\/parlonsen\/wp-content\/uploads\/concours-nouvelles-td.jpg?ssl=1\"><img data-recalc-dims=\"1\" loading=\"lazy\" decoding=\"async\" class=\"size-full wp-image-23584\" title=\"Concours Nouvelles T&amp;D\" src=\"https:\/\/i0.wp.com\/www.o-p-i.fr\/parlonsen\/wp-content\/uploads\/concours-nouvelles-td.jpg?resize=283%2C121&#038;ssl=1\" alt=\"Concours Nouvelles T&amp;D\" width=\"283\" height=\"121\" \/><\/a><\/dt>\n<dd class=\"wp-caption-dd\">Concours Nouvelles T&amp;D<\/dd>\n<\/dl>\n<\/div>\n<p style=\"text-align: justify;\">Les participants sont class\u00e9s en plusieurs cat\u00e9gories :<\/p>\n<ul style=\"text-align: justify;\">\n<li>2 cat\u00e9gories pour les scolaires :<\/li>\n<\/ul>\n<p style=\"text-align: justify;\">\u2022 Primaire (CM1-CM2) : de 2 \u00e0 4 pages, format A4<br \/>\n\u2022 Coll\u00e8ge : de 4 \u00e0 6 pages, format A4<\/p>\n<ul style=\"text-align: justify;\">\n<li>4 cat\u00e9gories pour les participants \u00e0 titre individuel :<\/li>\n<\/ul>\n<p style=\"text-align: justify;\">\u2022 8 \u00e0 10 ans : de 2 \u00e0 4 pages, format A4<br \/>\n\u2022 11 \u00e0 14 ans : de 4 \u00e0 6 pages, format A4<br \/>\n\u2022 15 \u00e0 18 ans : de 6 \u00e0 8 pages, format A4<br \/>\n\u2022 plus de 18 ans : de 6 \u00e0 8 pages, format A4<\/p>\n<p style=\"text-align: justify;\"><strong>Ouverture et cl\u00f4ture du concours de nouvelles<\/strong><\/p>\n<ul style=\"text-align: justify;\">\n<li>La\u00a0participation au concours de nouvelles\u00a0est\u00a0gratuite.<\/li>\n<li>Ouverture du concours le samedi 4 octobre 2014.<\/li>\n<li>Cl\u00f4ture du concours le samedi\u00a07 f\u00e9vrier 2015.<\/li>\n<\/ul>\n<p style=\"text-align: justify;\">Les mineurs devront fournir une\u00a0autorisation parentale\u00a0pour concourir (formulaire disponible dans toutes les m\u00e9diath\u00e8ques intercommunales de Tarn &amp; Dadou ou sur le site <a title=\"En savoir +\" href=\"http:\/\/media.ted.fr\" target=\"_blank\">media.ted.fr<\/a> rubrique infos pratiques \/ inscription mineurs).<br \/>\nLes membres du jury ne peuvent pas participer au concours de nouvelles.<br \/>\nChaque participant \u00e9crit\u00a0UNE\u00a0seule nouvelle.<\/p>\n<p style=\"text-align: justify;\"><strong>Contenu et pr\u00e9sentation du texte<\/strong><br \/>\nLa nouvelle doit avoir un titre.<br \/>\nAfin de pr\u00e9server l&rsquo;anonymat des auteurs, chaque participant indiquera sur un feuillet ind\u00e9pendant ou fichier joint la\u00a0cat\u00e9gorie\u00a0pour laquelle il concourt ainsi que ses\u00a0nom,\u00a0pr\u00e9nom,\u00a0adresse,\u00a0num\u00e9ro de t\u00e9l\u00e9phone\u00a0et\u00a0adresse \u00e9lectronique. Chaque nouvelle devra avoir une\u00a0page de pr\u00e9sentation\u00a0avec : le\u00a0titre\u00a0de la nouvelle, le\u00a0pseudonyme\u00a0de l&rsquo;auteur et son\u00a0\u00e2ge. Le texte doit \u00eatre dactylographi\u00e9 en\u00a0Times New Roman 12\u00a0avec un\u00a0interligne de 1,5. Chaque page doit \u00eatre\u00a0num\u00e9rot\u00e9e.<\/p>\n<p style=\"text-align: justify;\"><strong>Envoi de la nouvelle<\/strong><\/p>\n<ul style=\"text-align: justify;\">\n<li>&#8211; Par courrier :<\/li>\n<\/ul>\n<p style=\"text-align: justify;\">Communaut\u00e9 de communes Tarn &amp; Dadou<br \/>\nConcours de nouvelles<br \/>\nBP 133 &#8211; T\u00e9cou<br \/>\n81604 Gaillac Cedex<\/p>\n<ul style=\"text-align: justify;\">\n<li>&#8211; Par courriel :<\/li>\n<\/ul>\n<p style=\"text-align: justify;\"><a href=\"mailto:concoursdenouvelles@media.ted.fr\">concoursdenouvelles@media.ted.fr<\/a><\/p>\n<p style=\"text-align: justify;\"><strong> Remise des Prix<\/strong><\/p>\n<p style=\"text-align: justify;\">La\u00a0remise des prix\u00a0s&rsquo;effectuera le\u00a0samedi 30 mai 2015.<br \/>\nDes\u00a0ch\u00e8ques-lire et des livres seront offerts\u00a0aux candidats prim\u00e9s de chaque cat\u00e9gorie. Les nouvelles des laur\u00e9ats de chaque cat\u00e9gorie seront\u00a0imprim\u00e9es sous forme de recueils\u00a0qui seront ensuite disponibles sur le r\u00e9seau des m\u00e9diath\u00e8ques.<br \/>\nLes nouvelles ne seront pas renvoy\u00e9es \u00e0 leurs auteurs et pourront \u00eatre utilis\u00e9es par l&rsquo;organisateur librement en vue de publication dans des journaux, revues, plaquettes&#8230;<br \/>\nLe fait de poser sa candidature implique l&rsquo;acceptation compl\u00e8te du pr\u00e9sent r\u00e8glement\u00a0et des\u00a0d\u00e9cisions du jury.<br \/>\nLe r\u00e8glement du concours de nouvelles est disponible dans toutes les m\u00e9diath\u00e8ques du r\u00e9seau intercommunal ainsi que sur le site internet des m\u00e9diath\u00e8ques Tarn &amp; Dadou <a title=\"cliquez pour voir le site\" href=\"http:\/\/www.ted.fr\/actualites\/concours-de-nouvelles-tarn-dadou-cest-reparti\" target=\"_blank\">:<strong> media.ted.fr<\/strong><\/a><\/p>\n<p style=\"text-align: justify;\"><em>Communiqu\u00e9 par \u00ab\u00a0Tarn et Dadou\u00a0\u00bb<\/em><\/p>\n","protected":false},"excerpt":{"rendered":"<div class=\"mh-excerpt\">Pour la 6\u00e8me ann\u00e9e cons\u00e9cutive, la communaut\u00e9 de communes Tarn &amp; Dadou et son r\u00e9seau de m\u00e9diath\u00e8ques organisent un concours de nouvelles ouvert \u00e0 toute personne \u00e9crivant en langue fran\u00e7aise : du 4 octobre 2014 <a class=\"mh-excerpt-more\" href=\"https:\/\/www.o-p-i.fr\/parlonsen\/parlons-en\/culture\/concours-de-nouvelles-tarn-et-dadou-81\/\" title=\"Concours de Nouvelles &#8230; Tarn et Dadou (81)\">[&#8230;]<\/a><\/div>\n","protected":false},"author":4,"featured_media":0,"comment_status":"open","ping_status":"open","sticky":false,"template":"","format":"standard","meta":{"om_disable_all_campaigns":false,"advanced_seo_description":"","jetpack_seo_html_title":"","jetpack_seo_noindex":false,"_jetpack_memberships_contains_paid_content":false,"footnotes":"","_links_to":"","_links_to_target":""},"categories":[52,828,1,54,2116,2154,2174,2175],"tags":[354,613,925,1346],"class_list":{"0":"post-23581","1":"post","2":"type-post","3":"status-publish","4":"format-standard","6":"category-parlons-en","7":"category-au-pays-des-tescous","8":"category-culture","9":"category-loisirs","10":"category-n-103-octobre-2014","11":"category-n-104-novembre-2014","12":"category-n-105-decembre-2014","13":"category-n-106-janvier-2015","14":"tag-concours","15":"tag-concours-de-nouvelles","16":"tag-ecriture","17":"tag-tarn-dadou"},"jetpack_featured_media_url":"","views":{"total":0,"cached_at":"","cached_date":1738210349},"jetpack_likes_enabled":true,"jetpack_sharing_enabled":true,"jetpack_shortlink":"https:\/\/wp.me\/pg7Wxj-68l","jetpack-related-posts":[],"_links":{"self":[{"href":"https:\/\/www.o-p-i.fr\/parlonsen\/wp-json\/wp\/v2\/posts\/23581","targetHints":{"allow":["GET"]}}],"collection":[{"href":"https:\/\/www.o-p-i.fr\/parlonsen\/wp-json\/wp\/v2\/posts"}],"about":[{"href":"https:\/\/www.o-p-i.fr\/parlonsen\/wp-json\/wp\/v2\/types\/post"}],"author":[{"embeddable":true,"href":"https:\/\/www.o-p-i.fr\/parlonsen\/wp-json\/wp\/v2\/users\/4"}],"replies":[{"embeddable":true,"href":"https:\/\/www.o-p-i.fr\/parlonsen\/wp-json\/wp\/v2\/comments?post=23581"}],"version-history":[{"count":0,"href":"https:\/\/www.o-p-i.fr\/parlonsen\/wp-json\/wp\/v2\/posts\/23581\/revisions"}],"wp:attachment":[{"href":"https:\/\/www.o-p-i.fr\/parlonsen\/wp-json\/wp\/v2\/media?parent=23581"}],"wp:term":[{"taxonomy":"category","embeddable":true,"href":"https:\/\/www.o-p-i.fr\/parlonsen\/wp-json\/wp\/v2\/categories?post=23581"},{"taxonomy":"post_tag","embeddable":true,"href":"https:\/\/www.o-p-i.fr\/parlonsen\/wp-json\/wp\/v2\/tags?post=23581"}],"curies":[{"name":"wp","href":"https:\/\/api.w.org\/{rel}","templated":true}]}}