{"id":2361,"date":"2010-02-19T16:31:01","date_gmt":"2010-02-19T14:31:01","guid":{"rendered":"\/parlonsen\/?p=2361"},"modified":"2010-02-19T16:53:34","modified_gmt":"2010-02-19T14:53:34","slug":"restitution-publique-de-linventaire-du-patrimoine-de-puygaillard-de-quercy","status":"publish","type":"post","link":"https:\/\/www.o-p-i.fr\/parlonsen\/parlons-en\/culture\/restitution-publique-de-linventaire-du-patrimoine-de-puygaillard-de-quercy\/","title":{"rendered":"Restitution publique de l&rsquo;inventaire du patrimoine de Puygaillard-de-Quercy"},"content":{"rendered":"<p style=\"text-align: justify;\">Le Syndicat Mixte du Pays Midi-Quercy a le plaisir de pr\u00e9senter l&rsquo;inventaire du patrimoine b\u00e2ti qui a \u00e9t\u00e9 men\u00e9 dans la commune de Puygaillard-de-Quercy. Ancien fort villageois, maisons-fermes, \u00e9glise, demeures, ch\u00e2teau, ancienne \u00e9cole, retracent l&rsquo;histoire de cette commune.<!--more--><\/p>\n<p style=\"text-align: justify;\"><img data-recalc-dims=\"1\" loading=\"lazy\" decoding=\"async\" class=\"alignleft size-full wp-image-2363\" title=\"Mars 2010 \u00e0 20h30\" src=\"https:\/\/i0.wp.com\/www.o-p-i.fr\/parlonsen\/wp-content\/uploads\/proj_pub.png?resize=273%2C203&#038;ssl=1\" alt=\"Mars 2010 \u00e0 20h30\" width=\"273\" height=\"203\" \/>Cette conf\u00e9rence illustr\u00e9e de nombreuses photographies est ouverte \u00e0 tous.<\/p>\n<p style=\"text-align: justify;\">Elle se tiendra au lieu-dit : Le Pech ouest, \u00e0 la Maison des chasseurs, pr\u00e8s de Saint-Mafre &#8211; commune de Bruniquel, le<strong> <span style=\"color: #008080;\">mardi 2 mars 2010, \u00e0 20h30.<\/span><\/strong><\/p>\n<p style=\"text-align: justify;\"><strong><span style=\"color: #008080;\"><a href=\"http:\/\/www.midi-quercy.fr\/Presentation-publique-de-l,1192.html\" target=\"_blank\">En savoir +<\/a><br \/>\n<\/span><\/strong><\/p>\n<p style=\"text-align: justify;\">Soyez curieux, visionnez les donn\u00e9es de l&rsquo;inventaire : <a title=\"Ouvre le site dans une nouvelle fen\u00eatre\" href=\"http:\/\/patrimoines.midipyrenees.fr\/fr\/connaitre\/index.html\" target=\"_blank\">http:\/\/patrimoines.midipyrenees.fr<\/a><\/p>\n<p style=\"text-align: justify;\"><em>Communiqu\u00e9 du Service Inventaire du Syndicat Mixte du Pays Midi-Quercy<\/em><\/p>\n<p style=\"text-align: justify;\"><span style=\"color: #008080;\"><strong>Contact : Syndicat Mixte du Pays Midi-Quercy<\/strong><\/span><br \/>\n<span style=\"color: #008080;\">Avenue du P\u00e8re Huc<br \/>\nT\u00e9l. : 05.63.67.74.95<br \/>\nFax : 05.63.24.60.65<br \/>\nSite : <a title=\"Ouvre le site dans une nouvelle fen\u00eatre\" href=\"http:\/\/www.midi-quercy.fr\" target=\"_blank\">www.midi-quercy.fr<\/a><br \/>\nCourriel : <a href=\"mailto:inventaire-pmq@orange.fr\">inventaire-pmq@orange.fr<\/a><\/span><\/p>\n<p style=\"text-align: justify;\"><strong><span style=\"color: #008080;\">Pour y aller &#8230;<\/span><\/strong><\/p>\n<p style=\"text-align: justify;\"><span style=\"color: #008080;\"><a href=\"https:\/\/www.o-p-i.fr\/parlonsen\/wp-content\/uploads\/loc_maison_chasseurs.pdf\">T\u00e9l\u00e9charger le plan en PDF<\/a><\/span><\/p>\n<p style=\"text-align: justify;\"><span style=\"color: #008080;\"><a href=\"https:\/\/www.o-p-i.fr\/parlonsen\/agenda\/\"><strong>Retrouver cet \u00e9v\u00e8nement dans l&rsquo;agenda<\/strong><\/a><br \/>\n<\/span><\/p>\n","protected":false},"excerpt":{"rendered":"<div class=\"mh-excerpt\">Le Syndicat Mixte du Pays Midi-Quercy a le plaisir de pr\u00e9senter l&rsquo;inventaire du patrimoine b\u00e2ti qui a \u00e9t\u00e9 men\u00e9 dans la commune de Puygaillard-de-Quercy. Ancien fort villageois, maisons-fermes, \u00e9glise, demeures, ch\u00e2teau, ancienne \u00e9cole, retracent l&rsquo;histoire <a class=\"mh-excerpt-more\" href=\"https:\/\/www.o-p-i.fr\/parlonsen\/parlons-en\/culture\/restitution-publique-de-linventaire-du-patrimoine-de-puygaillard-de-quercy\/\" title=\"Restitution publique de l&rsquo;inventaire du patrimoine de Puygaillard-de-Quercy\">[&#8230;]<\/a><\/div>\n","protected":false},"author":3,"featured_media":0,"comment_status":"open","ping_status":"open","sticky":false,"template":"","format":"standard","meta":{"om_disable_all_campaigns":false,"advanced_seo_description":"","jetpack_seo_html_title":"","jetpack_seo_noindex":false,"_jetpack_memberships_contains_paid_content":false,"footnotes":"","_links_to":"","_links_to_target":""},"categories":[308,1,33],"tags":[228,229],"class_list":{"0":"post-2361","1":"post","2":"type-post","3":"status-publish","4":"format-standard","6":"category-308","7":"category-culture","8":"category-puygaillard-de-quercy","9":"tag-patrimoine","10":"tag-midi-quercy"},"jetpack_featured_media_url":"","views":{"total":0,"cached_at":"","cached_date":1738514769},"jetpack_likes_enabled":true,"jetpack_sharing_enabled":true,"jetpack_shortlink":"https:\/\/wp.me\/pg7Wxj-C5","jetpack-related-posts":[],"_links":{"self":[{"href":"https:\/\/www.o-p-i.fr\/parlonsen\/wp-json\/wp\/v2\/posts\/2361","targetHints":{"allow":["GET"]}}],"collection":[{"href":"https:\/\/www.o-p-i.fr\/parlonsen\/wp-json\/wp\/v2\/posts"}],"about":[{"href":"https:\/\/www.o-p-i.fr\/parlonsen\/wp-json\/wp\/v2\/types\/post"}],"author":[{"embeddable":true,"href":"https:\/\/www.o-p-i.fr\/parlonsen\/wp-json\/wp\/v2\/users\/3"}],"replies":[{"embeddable":true,"href":"https:\/\/www.o-p-i.fr\/parlonsen\/wp-json\/wp\/v2\/comments?post=2361"}],"version-history":[{"count":0,"href":"https:\/\/www.o-p-i.fr\/parlonsen\/wp-json\/wp\/v2\/posts\/2361\/revisions"}],"wp:attachment":[{"href":"https:\/\/www.o-p-i.fr\/parlonsen\/wp-json\/wp\/v2\/media?parent=2361"}],"wp:term":[{"taxonomy":"category","embeddable":true,"href":"https:\/\/www.o-p-i.fr\/parlonsen\/wp-json\/wp\/v2\/categories?post=2361"},{"taxonomy":"post_tag","embeddable":true,"href":"https:\/\/www.o-p-i.fr\/parlonsen\/wp-json\/wp\/v2\/tags?post=2361"}],"curies":[{"name":"wp","href":"https:\/\/api.w.org\/{rel}","templated":true}]}}