{"id":23667,"date":"2014-11-06T22:26:41","date_gmt":"2014-11-06T20:26:41","guid":{"rendered":"\/parlonsen\/?p=23667"},"modified":"2019-05-25T17:54:09","modified_gmt":"2019-05-25T16:54:09","slug":"appel-du-comite-des-fetes-saint-urcisse-81","status":"publish","type":"post","link":"https:\/\/www.o-p-i.fr\/parlonsen\/localisation\/au-pays-des-tescous\/saint-urcisse\/appel-du-comite-des-fetes-saint-urcisse-81\/","title":{"rendered":"Appel du Comit\u00e9 des F\u00eates &#8230; \u00e0 Saint Urcisse (81)"},"content":{"rendered":"<p>Appel \u00e0 tous ceux qui souhaitent voir notre village s&rsquo;animer : rendez-vous<strong> Samedi 15 Novembre 2014<\/strong>. <!--more--><\/p>\n<figure id=\"attachment_23687\" aria-describedby=\"caption-attachment-23687\" style=\"width: 411px\" class=\"wp-caption alignright\"><a href=\"https:\/\/i0.wp.com\/www.o-p-i.fr\/parlonsen\/wp-content\/uploads\/st-urcisse4.jpg?ssl=1\"><img data-recalc-dims=\"1\" loading=\"lazy\" decoding=\"async\" class=\"size-full wp-image-23687 \" title=\"Saint Urcisse vu du ciel\" src=\"https:\/\/i0.wp.com\/www.o-p-i.fr\/parlonsen\/wp-content\/uploads\/st-urcisse4.jpg?resize=411%2C244&#038;ssl=1\" alt=\"Saint Urcisse vu du ciel\" width=\"411\" height=\"244\" srcset=\"https:\/\/i0.wp.com\/www.o-p-i.fr\/parlonsen\/wp-content\/uploads\/st-urcisse4.jpg?w=514&amp;ssl=1 514w, https:\/\/i0.wp.com\/www.o-p-i.fr\/parlonsen\/wp-content\/uploads\/st-urcisse4.jpg?resize=300%2C178&amp;ssl=1 300w\" sizes=\"auto, (max-width: 411px) 100vw, 411px\" \/><\/a><figcaption id=\"caption-attachment-23687\" class=\"wp-caption-text\">Saint Urcisse vu du ciel<\/figcaption><\/figure>\n<p style=\"text-align: justify;\">Depuis longtemps, des habitants de la commune r\u00e9unis au sein du \u00abcomit\u00e9 des f\u00eates\u00bb animent le village et tout particuli\u00e8rement au moment de la F\u00eate du village (\u00e0 Pentec\u00f4te). L&rsquo;\u00e9quipe qui a pris la rel\u00e8ve depuis trois ans manque de bras et lance un appel pour que celles et ceux qui s&rsquo;int\u00e9ressent \u00e0 la vie de Saint-Urcisse viennent la rejoindre. Une r\u00e9union \u00e0 laquelle vous \u00eates tous cordialement invit\u00e9s aura lieu le <strong>samedi 15 novembre 2014 \u00e0 18 heures \u00e0 la Salle des F\u00eates de Saint Urcisse.<\/strong> A cette occasion, il sera proc\u00e9d\u00e9 au remplacement du bureau du comit\u00e9, son pr\u00e9sident Laurent Roussel \u00e9tant d\u00e9missionnaire pour convenance personnelle.<\/p>\n<p><em>Communiqu\u00e9 par Le Comit\u00e9 des F\u00eates<\/em><\/p>\n","protected":false},"excerpt":{"rendered":"<div class=\"mh-excerpt\">Appel \u00e0 tous ceux qui souhaitent voir notre village s&rsquo;animer : rendez-vous Samedi 15 Novembre 2014.<\/div>\n","protected":false},"author":4,"featured_media":0,"comment_status":"open","ping_status":"open","sticky":false,"template":"","format":"standard","meta":{"om_disable_all_campaigns":false,"advanced_seo_description":"","jetpack_seo_html_title":"","jetpack_seo_noindex":false,"_jetpack_memberships_contains_paid_content":false,"footnotes":"","_links_to":"","_links_to_target":""},"categories":[52,54,18,2154],"tags":[145,803,2913,121],"class_list":{"0":"post-23667","1":"post","2":"type-post","3":"status-publish","4":"format-standard","6":"category-parlons-en","7":"category-loisirs","8":"category-saint-urcisse","9":"category-n-104-novembre-2014","10":"tag-animation","11":"tag-comite-des-fetes","12":"tag-saint-urcisse","13":"tag-association"},"jetpack_featured_media_url":"","views":{"total":0,"cached_at":"","cached_date":1738529523},"jetpack_likes_enabled":true,"jetpack_sharing_enabled":true,"jetpack_shortlink":"https:\/\/wp.me\/pg7Wxj-69J","jetpack-related-posts":[],"_links":{"self":[{"href":"https:\/\/www.o-p-i.fr\/parlonsen\/wp-json\/wp\/v2\/posts\/23667","targetHints":{"allow":["GET"]}}],"collection":[{"href":"https:\/\/www.o-p-i.fr\/parlonsen\/wp-json\/wp\/v2\/posts"}],"about":[{"href":"https:\/\/www.o-p-i.fr\/parlonsen\/wp-json\/wp\/v2\/types\/post"}],"author":[{"embeddable":true,"href":"https:\/\/www.o-p-i.fr\/parlonsen\/wp-json\/wp\/v2\/users\/4"}],"replies":[{"embeddable":true,"href":"https:\/\/www.o-p-i.fr\/parlonsen\/wp-json\/wp\/v2\/comments?post=23667"}],"version-history":[{"count":0,"href":"https:\/\/www.o-p-i.fr\/parlonsen\/wp-json\/wp\/v2\/posts\/23667\/revisions"}],"wp:attachment":[{"href":"https:\/\/www.o-p-i.fr\/parlonsen\/wp-json\/wp\/v2\/media?parent=23667"}],"wp:term":[{"taxonomy":"category","embeddable":true,"href":"https:\/\/www.o-p-i.fr\/parlonsen\/wp-json\/wp\/v2\/categories?post=23667"},{"taxonomy":"post_tag","embeddable":true,"href":"https:\/\/www.o-p-i.fr\/parlonsen\/wp-json\/wp\/v2\/tags?post=23667"}],"curies":[{"name":"wp","href":"https:\/\/api.w.org\/{rel}","templated":true}]}}