{"id":23710,"date":"2014-11-11T09:46:32","date_gmt":"2014-11-11T07:46:32","guid":{"rendered":"\/parlonsen\/?p=23710"},"modified":"2014-11-07T02:00:53","modified_gmt":"2014-11-07T00:00:53","slug":"une-soiree-avec-jaures-a-gaillac-81","status":"publish","type":"post","link":"https:\/\/www.o-p-i.fr\/parlonsen\/parlons-en\/culture\/une-soiree-avec-jaures-a-gaillac-81\/","title":{"rendered":"Une soir\u00e9e avec Jaur\u00e8s &#8230; \u00e0 Gaillac (81)"},"content":{"rendered":"<p style=\"text-align: justify;\">\u00ab Une soir\u00e9e avec Jaur\u00e8s \u00bb propos\u00e9e par l&rsquo; \u00ab\u00a0Association pour Perp\u00e9tuer le Souvenir des Intern\u00e9es des Camps de Brens et de Rieucros\u00a0\u00bb <strong>Samedi 22 Novembre 2014<\/strong>. <!--more--><\/p>\n<ul style=\"text-align: justify;\">\n<li><strong>Premi\u00e8re partie : \u00ab Jean Jaur\u00e8s, un si\u00e8cle apr\u00e8s \u00bb <\/strong><\/li>\n<\/ul>\n<p style=\"text-align: justify;\">\n<figure id=\"attachment_23711\" aria-describedby=\"caption-attachment-23711\" style=\"width: 150px\" class=\"wp-caption alignright\"><a href=\"https:\/\/i0.wp.com\/www.o-p-i.fr\/parlonsen\/wp-content\/uploads\/jeanjaures.jpg?ssl=1\"><img data-recalc-dims=\"1\" loading=\"lazy\" decoding=\"async\" class=\"size-thumbnail wp-image-23711\" title=\"Jean Jaur\u00e8s\" src=\"https:\/\/i0.wp.com\/www.o-p-i.fr\/parlonsen\/wp-content\/uploads\/jeanjaures.jpg?resize=150%2C150&#038;ssl=1\" alt=\"Jean Jaur\u00e8s\" width=\"150\" height=\"150\" \/><\/a><figcaption id=\"caption-attachment-23711\" class=\"wp-caption-text\">Jean Jaur\u00e8s<\/figcaption><\/figure>\n<p>Lecture-D\u00e9bat \u00e0 partir des articles de Jean Jaur\u00e8s parus dans la D\u00e9p\u00eache du Midi entre 1887 et 1914.<br \/>\nD\u00e9bat anim\u00e9 par Pierre Spizzi de l&rsquo;association de philosophie \u00ab Ald\u00e9ran \u00bb<\/p>\n<p style=\"text-align: justify;\">Lecture et choix de textes : Gilles Fossier<\/p>\n<p style=\"text-align: justify;\">Parmi les nombreux \u00e9crits de J. Jaur\u00e8s, parus il y a plus d&rsquo;un si\u00e8cle, certains d&rsquo;entre eux sont-ils encore en mesure de questionner notre pr\u00e9sent ? \u00c9ducation, luttes sociales, justice, art et science&#8230; Autant de th\u00e8mes, d&rsquo;\u00e9chos \u00e0 notre \u00e9poque de changements que nous invitons \u00e0 d\u00e9couvrir et dont nous parlerons ensemble.<br \/>\n<strong> <\/strong><\/p>\n<p style=\"text-align: justify;\"><strong>Tarifs :<\/strong><br \/>\nEntr\u00e9e libre<\/p>\n<ul style=\"text-align: justify;\">\n<li><strong>Seconde partie : Cabaret litt\u00e9raire : \u00ab A Jaur\u00e8s \u00bb<\/strong><\/li>\n<\/ul>\n<p style=\"text-align: justify;\">\n<figure id=\"attachment_23712\" aria-describedby=\"caption-attachment-23712\" style=\"width: 150px\" class=\"wp-caption alignright\"><a href=\"https:\/\/i0.wp.com\/www.o-p-i.fr\/parlonsen\/wp-content\/uploads\/a-jaures.jpg?ssl=1\"><img data-recalc-dims=\"1\" loading=\"lazy\" decoding=\"async\" class=\"size-thumbnail wp-image-23712\" title=\"Cabaret litt\u00e9raire : \u00ab A Jaur\u00e8s \u00bb\" src=\"https:\/\/i0.wp.com\/www.o-p-i.fr\/parlonsen\/wp-content\/uploads\/a-jaures.jpg?resize=150%2C150&#038;ssl=1\" alt=\"Cabaret litt\u00e9raire : \u00ab A Jaur\u00e8s \u00bb\" width=\"150\" height=\"150\" srcset=\"https:\/\/i0.wp.com\/www.o-p-i.fr\/parlonsen\/wp-content\/uploads\/a-jaures.jpg?resize=150%2C150&amp;ssl=1 150w, https:\/\/i0.wp.com\/www.o-p-i.fr\/parlonsen\/wp-content\/uploads\/a-jaures.jpg?zoom=2&amp;resize=150%2C150&amp;ssl=1 300w\" sizes=\"auto, (max-width: 150px) 100vw, 150px\" \/><\/a><figcaption id=\"caption-attachment-23712\" class=\"wp-caption-text\">Cabaret litt\u00e9raire : \u00ab A Jaur\u00e8s \u00bb<\/figcaption><\/figure>\n<p>Spectacle con\u00e7u et r\u00e9alis\u00e9 par G\u00e9rard Cathala avec Martine et G\u00e9rard Cathala accompagn\u00e9s par Jean-Pierre Folch au piano acoustique<\/p>\n<p style=\"text-align: justify;\">Le r\u00e9cital \u00ab \u00c0 JAUR\u00c8S ! \u00bb r\u00e9alis\u00e9 et pr\u00e9sent\u00e9 par SOL y FUEGO sous l&rsquo;\u00e9gide de l&rsquo;Association Jaur\u00e8s Espace Tarn est un hommage \u00e0 la m\u00e9moire de Jean Jaur\u00e8s. Il se situe dans le registre de l&rsquo;\u00e9vocation, et n&rsquo;est en aucun cas un spectacle fond\u00e9 sur l&rsquo;historiographie jaur\u00e9sienne. Il se pr\u00e9sente sous la forme d&rsquo;un \u00ab cabaret litt\u00e9raire \u00bb, alternant citations de Jaur\u00e8s et chansons et textes leur faisant \u00e9cho.<\/p>\n<p style=\"text-align: justify;\">La terre, le travail, la mine, la paix, l&rsquo;\u00e9ducation, y sont autant d&rsquo;entr\u00e9es juste sugg\u00e9r\u00e9es mais qui voudraient \u00eatre porteuses de sens et d&rsquo;\u00e9motion, pour saluer celui qui reste le phare des luttes sociales les plus actuelles. G\u00e9rard Cathala<\/p>\n<p style=\"text-align: justify;\">Renseignements et r\u00e9servations : Office de Tourisme de Gaillac<br \/>\nT\u00e9l. : 05 63 57 14 65<\/p>\n<p style=\"text-align: justify;\"><em>Il est prudent de r\u00e9server car le spectacle pr\u00e9c\u00e9dent de SOL y FUEGO : \u00ab Ferrat, les po\u00e8tes&#8230; \u00bb s&rsquo;\u00e9tait donn\u00e9 \u00e0 guichet ferm\u00e9 au m\u00eame auditorium.<\/em><\/p>\n<p style=\"text-align: justify;\"><strong> Pour y aller &#8230;<\/strong><br \/>\n<a title=\"Cliquez sur l'adresse pour ouvrir le plan !\" href=\"https:\/\/goo.gl\/maps\/MMyL7\" target=\"_blank\">Auditorium Dom Vayssette<br \/>\n3 rue Cavaill\u00e9 Coll<br \/>\n81600 GAILLAC<\/a><\/p>\n<p style=\"text-align: justify;\"><strong>Tarifs :<\/strong><br \/>\nAdulte : 8 \u20ac<br \/>\nR\u00e9duit : 4 \u20ac<\/p>\n<p style=\"text-align: justify;\"><strong> Contact  : <\/strong><a title=\"Cliquez pour ouvrir la fiche dans l'annuaire\" href=\"https:\/\/www.o-p-i.fr\/aupays\/vie-des-communes\/a-cote-de-chez-nous\/association-pour-perpetuer-le-souvenir-des-internees-des-camps-de-brens-et-de-rieucros\/\" target=\"_blank\">Association pour Perp\u00e9tuer le Souvenir des Intern\u00e9es des Camps de Brens et de Rieucros<\/a><\/p>\n<p style=\"text-align: justify;\"><em>Information communiqu\u00e9e par  Remi Demonsant, charg\u00e9 officiel de la promotion de cette manifestation<\/em><\/p>\n","protected":false},"excerpt":{"rendered":"<div class=\"mh-excerpt\">\u00ab Une soir\u00e9e avec Jaur\u00e8s \u00bb propos\u00e9e par l&rsquo; \u00ab\u00a0Association pour Perp\u00e9tuer le Souvenir des Intern\u00e9es des Camps de Brens et de Rieucros\u00a0\u00bb Samedi 22 Novembre 2014.<\/div>\n","protected":false},"author":2,"featured_media":0,"comment_status":"open","ping_status":"open","sticky":false,"template":"","format":"standard","meta":{"om_disable_all_campaigns":false,"advanced_seo_description":"","jetpack_seo_html_title":"","jetpack_seo_noindex":false,"_jetpack_memberships_contains_paid_content":false,"footnotes":"","_links_to":"","_links_to_target":""},"categories":[42,1,54,2154],"tags":[49,94,132,189,215,2025],"class_list":{"0":"post-23710","1":"post","2":"type-post","3":"status-publish","4":"format-standard","6":"category-a-cote-de-chez-nous","7":"category-culture","8":"category-loisirs","9":"category-n-104-novembre-2014","10":"tag-jaures","11":"tag-lecture","12":"tag-spectacle","13":"tag-debat","14":"tag-gaillac","15":"tag-jean-jaures"},"jetpack_featured_media_url":"","views":{"total":0,"cached_at":"","cached_date":1738346229},"jetpack_likes_enabled":true,"jetpack_sharing_enabled":true,"jetpack_shortlink":"https:\/\/wp.me\/pg7Wxj-6aq","jetpack-related-posts":[],"_links":{"self":[{"href":"https:\/\/www.o-p-i.fr\/parlonsen\/wp-json\/wp\/v2\/posts\/23710","targetHints":{"allow":["GET"]}}],"collection":[{"href":"https:\/\/www.o-p-i.fr\/parlonsen\/wp-json\/wp\/v2\/posts"}],"about":[{"href":"https:\/\/www.o-p-i.fr\/parlonsen\/wp-json\/wp\/v2\/types\/post"}],"author":[{"embeddable":true,"href":"https:\/\/www.o-p-i.fr\/parlonsen\/wp-json\/wp\/v2\/users\/2"}],"replies":[{"embeddable":true,"href":"https:\/\/www.o-p-i.fr\/parlonsen\/wp-json\/wp\/v2\/comments?post=23710"}],"version-history":[{"count":0,"href":"https:\/\/www.o-p-i.fr\/parlonsen\/wp-json\/wp\/v2\/posts\/23710\/revisions"}],"wp:attachment":[{"href":"https:\/\/www.o-p-i.fr\/parlonsen\/wp-json\/wp\/v2\/media?parent=23710"}],"wp:term":[{"taxonomy":"category","embeddable":true,"href":"https:\/\/www.o-p-i.fr\/parlonsen\/wp-json\/wp\/v2\/categories?post=23710"},{"taxonomy":"post_tag","embeddable":true,"href":"https:\/\/www.o-p-i.fr\/parlonsen\/wp-json\/wp\/v2\/tags?post=23710"}],"curies":[{"name":"wp","href":"https:\/\/api.w.org\/{rel}","templated":true}]}}