{"id":23715,"date":"2014-11-07T02:17:00","date_gmt":"2014-11-07T00:17:00","guid":{"rendered":"\/parlonsen\/?p=23715"},"modified":"2014-11-07T02:18:44","modified_gmt":"2014-11-07T00:18:44","slug":"la-precocite-intellectuelle-comprendre-et-accompagner-l%e2%80%99enfant-l%e2%80%99ecolier-l%e2%80%99eleve-%e2%80%a6-a-albi-81","status":"publish","type":"post","link":"https:\/\/www.o-p-i.fr\/parlonsen\/parlons-en\/culture\/la-precocite-intellectuelle-comprendre-et-accompagner-l%e2%80%99enfant-l%e2%80%99ecolier-l%e2%80%99eleve-%e2%80%a6-a-albi-81\/","title":{"rendered":"La pr\u00e9cocit\u00e9 intellectuelle : comprendre et accompagner l\u2019enfant, l\u2019\u00e9colier, l\u2019\u00e9l\u00e8ve \u2026 \u00e0 Albi (81)"},"content":{"rendered":"<p style=\"text-align: justify;\">Premi\u00e8re Conf\u00e9rence de l\u2019AEP81 sur le haut potentiel avec Jean Marc LOUIS \u00e0 l\u2019\u00e9cole des mines d\u2019Albi le <strong>Samedi 8 Novembre 2014 <\/strong>\u00e0 partir de\u00a0 14h.<!--more--><\/p>\n<p style=\"text-align: justify;\">\n<figure id=\"attachment_23717\" aria-describedby=\"caption-attachment-23717\" style=\"width: 222px\" class=\"wp-caption alignright\"><a href=\"https:\/\/i0.wp.com\/www.o-p-i.fr\/parlonsen\/wp-content\/uploads\/afficheaep81louis.jpg?ssl=1\"><img data-recalc-dims=\"1\" loading=\"lazy\" decoding=\"async\" class=\"size-full wp-image-23717 \" title=\"Conf\u00e9rence AEP 81 \" src=\"https:\/\/i0.wp.com\/www.o-p-i.fr\/parlonsen\/wp-content\/uploads\/afficheaep81louis.jpg?resize=222%2C314&#038;ssl=1\" alt=\"Conf\u00e9rence AEP 81 \" width=\"222\" height=\"314\" srcset=\"https:\/\/i0.wp.com\/www.o-p-i.fr\/parlonsen\/wp-content\/uploads\/afficheaep81louis.jpg?w=317&amp;ssl=1 317w, https:\/\/i0.wp.com\/www.o-p-i.fr\/parlonsen\/wp-content\/uploads\/afficheaep81louis.jpg?resize=212%2C300&amp;ssl=1 212w\" sizes=\"auto, (max-width: 222px) 100vw, 222px\" \/><\/a><figcaption id=\"caption-attachment-23717\" class=\"wp-caption-text\">Conf\u00e9rence AEP 81 <\/figcaption><\/figure>\n<p style=\"text-align: justify;\">Au quotidien on est confront\u00e9 \u00e0 une trop grande m\u00e9connaissance et incompr\u00e9hension des enfants \u00e0 haut potentiel, l\u2019AEP81 propose, pour la premi\u00e8re fois sur Albi, une conf\u00e9rence dont l\u2019intitul\u00e9 est : \u00ab La pr\u00e9cocit\u00e9 intellectuelle : comprendre et accompagner l\u2019enfant, l\u2019\u00e9colier, l\u2019\u00e9l\u00e8ve. \u00bb\u00catre parents d&rsquo;un enfant \u00e0 haut potentiel (HP) n&rsquo;est pas une t\u00e2che facile, surtout s&rsquo;il pr\u00e9sente des signes de d\u00e9motivation et de<br \/>\nd\u00e9crochage scolaire car il n\u2019arrive pas \u00e0 investir le syst\u00e8me actuel, peu adapt\u00e9 source d\u2019anxi\u00e9t\u00e9.<br \/>\nN&rsquo;acceptant plus ce rejet, ce d\u00e9nigrement du haut potentiel, Lucr\u00e8ce TRESSOL cr\u00e9\u00e9e l&rsquo;AEP81 le 31 juillet 2010. Depuis l\u2019AEP81 ne cesse<br \/>\nd\u2019innover sur le d\u00e9partement et la r\u00e9gion, c&rsquo;est une association de terrain, qui oeuvre au plus proche des familles et des enfants.<br \/>\nCes enfants font encore aujourd\u2019hui l\u2019objet d&rsquo;id\u00e9es fausses et l\u2019enfant \u00e0 haut potentiel n&rsquo;est pas \u00e0 confondre avec un enfant qui r\u00e9ussit scolairement.<br \/>\nCes enfants, issus de tous milieux, repr\u00e9sentent 2,3 % de la population : 2 enfants HP sur 3 rencontrent des difficult\u00e9s scolaires, 1 sur 3 redouble, 1 sur 5 ne passe pas le bac.<\/p>\n<p style=\"text-align: justify;\">C\u2019est dans l\u2019objectif d\u2019\u00eatre toujours au plus pr\u00e8s des familles et d\u2019apporter une meilleure compr\u00e9hension sur de ce profil que l\u2019AEP81 propose sa premi\u00e8re conf\u00e9rence nationale sur le haut potentiel avec Jean\u2010Marc Louis (inspecteur \u00e9ducation nationale honoraire et p\u00e9dagogue) le 8 novembre prochain \u00e0 l\u2019\u00c9cole des Mines d\u2019Albi dans l\u2019amphi d\u2019honneur.<\/p>\n<p style=\"text-align: justify;\"><a href=\"https:\/\/www.o-p-i.fr\/parlonsen\/wp-content\/uploads\/aep811.pdf\">En savoir + sur le Haut Potentiel<\/a><\/p>\n<p style=\"text-align: justify;\"><strong>Tarifs : <\/strong><br \/>\nUne participation de 2\u20ac est souhait\u00e9e.<br \/>\nL\u2019entr\u00e9e est gratuite pour les adh\u00e9rents, les \u00e9tudiants et les moins de 16 ans.<\/p>\n<p style=\"text-align: justify;\"><strong>Contact : <\/strong>A E P 81<br \/>\nT\u00e9l. : 06 28 30 28 84<br \/>\nCourriel : <a href=\"mailto:contact@aep81.fr\">contact@aep81.fr<\/a><br \/>\nSite : <a title=\"Ouvre le site dans une nouvelle fen\u00eatre\" href=\"http:\/\/www.aep81.fr\" target=\"_blank\">www.aep81.fr<\/a><\/p>\n","protected":false},"excerpt":{"rendered":"<div class=\"mh-excerpt\">Premi\u00e8re Conf\u00e9rence de l\u2019AEP81 sur le haut potentiel avec Jean Marc LOUIS \u00e0 l\u2019\u00e9cole des mines d\u2019Albi le Samedi 8 Novembre 2014 \u00e0 partir de\u00a0 14h.<\/div>\n","protected":false},"author":2,"featured_media":0,"comment_status":"open","ping_status":"open","sticky":false,"template":"","format":"standard","meta":{"om_disable_all_campaigns":false,"advanced_seo_description":"","jetpack_seo_html_title":"","jetpack_seo_noindex":false,"_jetpack_memberships_contains_paid_content":false,"footnotes":"","_links_to":"","_links_to_target":""},"categories":[42,1,6,2154],"tags":[330,2209,2210,44,234],"class_list":{"0":"post-23715","1":"post","2":"type-post","3":"status-publish","4":"format-standard","6":"category-a-cote-de-chez-nous","7":"category-culture","8":"category-pratique","9":"category-n-104-novembre-2014","10":"tag-rencontre","11":"tag-precocite","12":"tag-haut-potentiel","13":"tag-albi","14":"tag-conference"},"jetpack_featured_media_url":"","views":{"total":0,"cached_at":"","cached_date":1738420202},"jetpack_likes_enabled":true,"jetpack_sharing_enabled":true,"jetpack_shortlink":"https:\/\/wp.me\/pg7Wxj-6av","jetpack-related-posts":[],"_links":{"self":[{"href":"https:\/\/www.o-p-i.fr\/parlonsen\/wp-json\/wp\/v2\/posts\/23715","targetHints":{"allow":["GET"]}}],"collection":[{"href":"https:\/\/www.o-p-i.fr\/parlonsen\/wp-json\/wp\/v2\/posts"}],"about":[{"href":"https:\/\/www.o-p-i.fr\/parlonsen\/wp-json\/wp\/v2\/types\/post"}],"author":[{"embeddable":true,"href":"https:\/\/www.o-p-i.fr\/parlonsen\/wp-json\/wp\/v2\/users\/2"}],"replies":[{"embeddable":true,"href":"https:\/\/www.o-p-i.fr\/parlonsen\/wp-json\/wp\/v2\/comments?post=23715"}],"version-history":[{"count":0,"href":"https:\/\/www.o-p-i.fr\/parlonsen\/wp-json\/wp\/v2\/posts\/23715\/revisions"}],"wp:attachment":[{"href":"https:\/\/www.o-p-i.fr\/parlonsen\/wp-json\/wp\/v2\/media?parent=23715"}],"wp:term":[{"taxonomy":"category","embeddable":true,"href":"https:\/\/www.o-p-i.fr\/parlonsen\/wp-json\/wp\/v2\/categories?post=23715"},{"taxonomy":"post_tag","embeddable":true,"href":"https:\/\/www.o-p-i.fr\/parlonsen\/wp-json\/wp\/v2\/tags?post=23715"}],"curies":[{"name":"wp","href":"https:\/\/api.w.org\/{rel}","templated":true}]}}