{"id":2385,"date":"2010-02-23T16:48:41","date_gmt":"2010-02-23T14:48:41","guid":{"rendered":"\/parlonsen\/?p=2385"},"modified":"2011-01-25T11:26:56","modified_gmt":"2011-01-25T09:26:56","slug":"football-le-rtfc-sort-la-tete-haute","status":"publish","type":"post","link":"https:\/\/www.o-p-i.fr\/parlonsen\/localisation\/au-pays-des-tescous\/tauriac\/football-le-rtfc-sort-la-tete-haute\/","title":{"rendered":"Football : Le RTFC sort la t\u00eate haute"},"content":{"rendered":"<p style=\"text-align: justify;\">Dimanche, l\u2019\u00e9quipe fanion des Rives du Tescou avait rendez vous pour \u00e9crire une nouvelle page de l\u2019histoire du club. En seizi\u00e8me de finale de la coupe du Midi, les locaux recevaient l\u2019\u00e9quipe r\u00e9serve du F.C. Blagnac <!--more-->qui \u00e9volue en Division Honneur, soit 5 niveaux au dessus. On pouvait compter dans les rangs de cette \u00e9quipe plusieurs joueurs qui \u00e9volue r\u00e9guli\u00e8rement avec l\u2019\u00e9quipe de CFA 2 dont le capitaine J\u00e9r\u00f4me Julia de retour de suspension. Une rencontre \u00e0 priori d\u00e9s\u00e9quilibr\u00e9e sur le papier. Environ 200 personnes \u00e9taient venues soutenir le petit poucet de la comp\u00e9tition. <a title=\"Ouvre le site dans une nouvelle fen\u00eatre\" href=\"http:\/\/rtfc.footeo.com\/actualite\/2010\/02\/22\/le-rtfc-sort-la-tete-haute.html\" target=\"_blank\">Lire la suite de l&rsquo;article sur le site du RTFC<\/a><\/p>\n<p style=\"text-align: justify;\"><span style=\"color: #ff0000;\"><strong>Agenda du RTFC <\/strong><\/span><br \/>\n<strong>Samedi 27 f\u00e9vrier<\/strong> &#8211; 20h00 au Stade de la Rosi\u00e8re \u00e0 Salvagnac<br \/>\n16 \u00e8me de finale de la coupe du Tarn<br \/>\nRTFC &#8211; LESCURE 2 (Excellence)<br \/>\n<strong>Dimanche 28 f\u00e9vrier &#8211; <\/strong>14h30 \u00e0 R\u00e9almont<br \/>\nChampionnat 2 \u00e8me Division<br \/>\nRealmont 2 &#8211; RTFC 2<\/p>\n<p><strong>Samedi 6 mars <\/strong>&#8211; \u00e0 20h30 \u00e0 Salvagnac<br \/>\nLoto du Club <a href=\"https:\/\/www.o-p-i.fr\/parlonsen\/localisation\/salvagnac\/loto-du-rives-du-tescou-football-club\/\">en savoir +<\/a><\/p>\n<p><em>Communiqu\u00e9 de David Beneschi pour le RTFC<\/em><\/p>\n<p><a href=\"https:\/\/www.o-p-i.fr\/parlonsen\/agenda\/\" target=\"_self\"><strong>Retrouvez tous les \u00e9v\u00e8nements dans l&rsquo;agenda !<\/strong><\/a><\/p>\n","protected":false},"excerpt":{"rendered":"<div class=\"mh-excerpt\">Dimanche, l\u2019\u00e9quipe fanion des Rives du Tescou avait rendez vous pour \u00e9crire une nouvelle page de l\u2019histoire du club. En seizi\u00e8me de finale de la coupe du Midi, les locaux recevaient l\u2019\u00e9quipe r\u00e9serve du F.C. <a class=\"mh-excerpt-more\" href=\"https:\/\/www.o-p-i.fr\/parlonsen\/localisation\/au-pays-des-tescous\/tauriac\/football-le-rtfc-sort-la-tete-haute\/\" title=\"Football : Le RTFC sort la t\u00eate haute\">[&#8230;]<\/a><\/div>\n","protected":false},"author":8,"featured_media":0,"comment_status":"open","ping_status":"open","sticky":false,"template":"","format":"standard","meta":{"om_disable_all_campaigns":false,"advanced_seo_description":"","jetpack_seo_html_title":"","jetpack_seo_noindex":false,"_jetpack_memberships_contains_paid_content":false,"footnotes":"","_links_to":"","_links_to_target":""},"categories":[308,53,25,21],"tags":[38,39,82,193,322,2561,568],"class_list":{"0":"post-2385","1":"post","2":"type-post","3":"status-publish","4":"format-standard","6":"category-308","7":"category-sports","8":"category-salvagnac","9":"category-tauriac","10":"tag-sport","11":"tag-ecole-de-foot","12":"tag-aines","13":"tag-loto","14":"tag-rtfc","15":"tag-loisirs","16":"tag-sortie"},"jetpack_featured_media_url":"","views":{"total":0,"cached_at":"","cached_date":1738523545},"jetpack_likes_enabled":true,"jetpack_sharing_enabled":true,"jetpack_shortlink":"https:\/\/wp.me\/pg7Wxj-Ct","jetpack-related-posts":[],"_links":{"self":[{"href":"https:\/\/www.o-p-i.fr\/parlonsen\/wp-json\/wp\/v2\/posts\/2385","targetHints":{"allow":["GET"]}}],"collection":[{"href":"https:\/\/www.o-p-i.fr\/parlonsen\/wp-json\/wp\/v2\/posts"}],"about":[{"href":"https:\/\/www.o-p-i.fr\/parlonsen\/wp-json\/wp\/v2\/types\/post"}],"author":[{"embeddable":true,"href":"https:\/\/www.o-p-i.fr\/parlonsen\/wp-json\/wp\/v2\/users\/8"}],"replies":[{"embeddable":true,"href":"https:\/\/www.o-p-i.fr\/parlonsen\/wp-json\/wp\/v2\/comments?post=2385"}],"version-history":[{"count":0,"href":"https:\/\/www.o-p-i.fr\/parlonsen\/wp-json\/wp\/v2\/posts\/2385\/revisions"}],"wp:attachment":[{"href":"https:\/\/www.o-p-i.fr\/parlonsen\/wp-json\/wp\/v2\/media?parent=2385"}],"wp:term":[{"taxonomy":"category","embeddable":true,"href":"https:\/\/www.o-p-i.fr\/parlonsen\/wp-json\/wp\/v2\/categories?post=2385"},{"taxonomy":"post_tag","embeddable":true,"href":"https:\/\/www.o-p-i.fr\/parlonsen\/wp-json\/wp\/v2\/tags?post=2385"}],"curies":[{"name":"wp","href":"https:\/\/api.w.org\/{rel}","templated":true}]}}