{"id":23916,"date":"2014-11-19T10:38:29","date_gmt":"2014-11-19T08:38:29","guid":{"rendered":"\/parlonsen\/?p=23916"},"modified":"2014-11-19T10:57:30","modified_gmt":"2014-11-19T08:57:30","slug":"reflexion-autour-de-limmigration-des-mineurs-a-graulhet-81","status":"publish","type":"post","link":"https:\/\/www.o-p-i.fr\/parlonsen\/parlons-en\/culture\/reflexion-autour-de-limmigration-des-mineurs-a-graulhet-81\/","title":{"rendered":"R\u00e9flexion autour de l&rsquo;immigration des mineurs &#8230; \u00e0 Graulhet (81)"},"content":{"rendered":"<p style=\"text-align: justify;\">Avec deux films qui viennent de sortir en France, la question de l\u2019immigration des mineurs sera abord\u00e9e le <strong>dimanche 23 novembre 2014 <\/strong>\u00e0 9h30 au cin\u00e9ma Vertigo.  <!--more--><\/p>\n<p style=\"text-align: justify;\">\n<figure id=\"attachment_23917\" aria-describedby=\"caption-attachment-23917\" style=\"width: 241px\" class=\"wp-caption alignright\"><a href=\"https:\/\/i0.wp.com\/www.o-p-i.fr\/parlonsen\/wp-content\/uploads\/kana-2014.jpg?ssl=1\"><img data-recalc-dims=\"1\" loading=\"lazy\" decoding=\"async\" class=\"size-full wp-image-23917 \" title=\"Cin\u00e9-d\u00e9bat- Graulhet \" src=\"https:\/\/i0.wp.com\/www.o-p-i.fr\/parlonsen\/wp-content\/uploads\/kana-2014.jpg?resize=241%2C361&#038;ssl=1\" alt=\"Cin\u00e9-d\u00e9bat- Graulhet \" width=\"241\" height=\"361\" srcset=\"https:\/\/i0.wp.com\/www.o-p-i.fr\/parlonsen\/wp-content\/uploads\/kana-2014.jpg?w=344&amp;ssl=1 344w, https:\/\/i0.wp.com\/www.o-p-i.fr\/parlonsen\/wp-content\/uploads\/kana-2014.jpg?resize=200%2C300&amp;ssl=1 200w\" sizes=\"auto, (max-width: 241px) 100vw, 241px\" \/><\/a><figcaption id=\"caption-attachment-23917\" class=\"wp-caption-text\">Cin\u00e9-d\u00e9bat- Graulhet <\/figcaption><\/figure>\n<p style=\"text-align: justify;\">Comme l\u2019ann\u00e9e derni\u00e8re \u00e0 m\u00eame \u00e9poque, l\u2019association Kana Dougou Bla propose au cin\u00e9ma Vertigo, le dimanche 23 novembre prochain, une matin\u00e9e de projections et de rencontre sur le th\u00e8me de l\u2019immigration des Africains en France, en particulier des mineurs.<\/p>\n<p style=\"text-align: justify;\">Le premier film, <strong>\u00ab Mille soleils \u00bb <\/strong>est un documentaire de Mati Diop. Il pose la question du d\u00e9part avec un S\u00e9n\u00e9galais qui, il y a 40 ans, aurait voulu partir vivre en France mais n\u2019y est pas parvenu.<br \/>\nQue s\u2019est-il pass\u00e9 depuis ? Le h\u00e9ros du film n\u2019a jamais quitt\u00e9 Dakar. Aujourd\u2019hui, le vieux cowboy se demande o\u00f9 est pass\u00e9e Anta, son amour de jeunesse, partie pour Paris en 1972.<br \/>\nCe documentaire sera suivi du court m\u00e9trage <strong>\u00ab A\u00efssa \u00bb<\/strong>, qui fut le seul film fran\u00e7ais en lice pour la palme d\u2019Or des films courts au dernier festival de Cannes.<br \/>\nTourn\u00e9 dans les murs de l&rsquo;h\u00f4pital de Lavaur par Cl\u00e9ment Tr\u00e9hin-Lalanne, \u00ab A\u00efssa \u00bb  \u00e9voque les tests de pubert\u00e9 r\u00e9alis\u00e9s aujourd\u2019hui en France sur des jeunes menac\u00e9es d\u2019expulsion afin de d\u00e9terminer si elles sont majeures, et donc expulsables, ou non.<br \/>\nUn d\u00e9bat sur la situation des migrants mineurs en France suivra ces projections. Il sera anim\u00e9 par Manuel Garcia du r\u00e9seau Education sans Fronti\u00e8res (RESF) qui lutte contre l\u2019\u00e9loignement d\u2019enfants \u00e9trangers scolaris\u00e9s en France, caus\u00e9 par l\u2019expulsion de leurs parents en situation irr\u00e9guli\u00e8re et du Mouvement contre le Racisme et pour l\u2019Amiti\u00e9 entre les Peuples (MRAP).<\/p>\n<p style=\"text-align: justify;\"><strong>Ne pas quitter le village<\/strong><br \/>\nDepuis 2009, \u00ab Kana Dougou Bla \u00bb, dont le nom en Bambara signifie, \u00ab ne pas quitter le village \u00bb, s\u2019applique \u00e0 mettre en \u0153uvre au Mali, dans la r\u00e9gion de Siby, un centre de ressources et de formation qui permettra \u00e0 des jeunes de ne pas \u00eatre aimant\u00e9s par d\u00e9sir de partir mais, au contraire, de trouver chez eux travail et raisons de vivre.<\/p>\n<p style=\"text-align: justify;\">\n<figure id=\"attachment_23919\" aria-describedby=\"caption-attachment-23919\" style=\"width: 300px\" class=\"wp-caption alignnone\"><a href=\"https:\/\/i0.wp.com\/www.o-p-i.fr\/parlonsen\/wp-content\/uploads\/finitionssiby.jpg?ssl=1\"><img data-recalc-dims=\"1\" loading=\"lazy\" decoding=\"async\" class=\"size-medium wp-image-23919\" title=\"Jean-Claude Mauco, de l\u2019association Kana Dougou Bla, suit la progression du chantier du centre de formation. \" src=\"https:\/\/i0.wp.com\/www.o-p-i.fr\/parlonsen\/wp-content\/uploads\/finitionssiby.jpg?resize=300%2C186&#038;ssl=1\" alt=\"Jean-Claude Mauco, de l\u2019association Kana Dougou Bla, suit la progression du chantier du centre de formation. \" width=\"300\" height=\"186\" srcset=\"https:\/\/i0.wp.com\/www.o-p-i.fr\/parlonsen\/wp-content\/uploads\/finitionssiby.jpg?resize=300%2C186&amp;ssl=1 300w, https:\/\/i0.wp.com\/www.o-p-i.fr\/parlonsen\/wp-content\/uploads\/finitionssiby.jpg?w=448&amp;ssl=1 448w\" sizes=\"auto, (max-width: 300px) 100vw, 300px\" \/><\/a><figcaption id=\"caption-attachment-23919\" class=\"wp-caption-text\">Jean-Claude Mauco, de l\u2019association Kana Dougou Bla, suit la progression du chantier du centre de formation. <\/figcaption><\/figure>\n<p>Cette animation est propos\u00e9e dans le cadre des \u00ab <a title=\"Ouvre le site dans une nouvelle fen\u00eatre\" href=\"http:\/\/www.traverseesafricaines.com\/\" target=\"_blank\">Travers\u00e9es africaines<\/a> \u00bb. D\u00e8s 9h30, un petit d\u00e9jeuner offert par l\u2019association permettra de discuter sur son activit\u00e9 au Mali et de d\u00e9couvrir de l\u2019artisanat local.<\/p>\n<p style=\"text-align: justify;\"><strong>Tarif :<\/strong><br \/>\n4 euros.<\/p>\n<p style=\"text-align: justify;\"><strong>Contact :<\/strong> Yvonne Mauco<br \/>\nT\u00e9l. : 06 81 38 01 83<\/p>\n<p style=\"text-align: justify;\"><em>Communiqu\u00e9 par <span dir=\"ltr\">Yvonne MAUCO<\/span><\/em><\/p>\n","protected":false},"excerpt":{"rendered":"<div class=\"mh-excerpt\">Avec deux films qui viennent de sortir en France, la question de l\u2019immigration des mineurs sera abord\u00e9e le dimanche 23 novembre 2014 \u00e0 9h30 au cin\u00e9ma Vertigo.<\/div>\n","protected":false},"author":2,"featured_media":0,"comment_status":"open","ping_status":"open","sticky":false,"template":"","format":"standard","meta":{"om_disable_all_campaigns":false,"advanced_seo_description":"","jetpack_seo_html_title":"","jetpack_seo_noindex":false,"_jetpack_memberships_contains_paid_content":false,"footnotes":"","_links_to":"","_links_to_target":""},"categories":[23,42,1,290,54,291,2154],"tags":[92,111,189,194,330],"class_list":{"0":"post-23916","1":"post","2":"type-post","3":"status-publish","4":"format-standard","6":"category-au-dela-du-pays","7":"category-a-cote-de-chez-nous","8":"category-culture","9":"category-entraide","10":"category-loisirs","11":"category-solidarite","12":"category-n-104-novembre-2014","13":"tag-cine","14":"tag-projection","15":"tag-debat","16":"tag-afrique","17":"tag-rencontre"},"jetpack_featured_media_url":"","views":{"total":0,"cached_at":"","cached_date":1738454406},"jetpack_likes_enabled":true,"jetpack_sharing_enabled":true,"jetpack_shortlink":"https:\/\/wp.me\/pg7Wxj-6dK","jetpack-related-posts":[],"_links":{"self":[{"href":"https:\/\/www.o-p-i.fr\/parlonsen\/wp-json\/wp\/v2\/posts\/23916","targetHints":{"allow":["GET"]}}],"collection":[{"href":"https:\/\/www.o-p-i.fr\/parlonsen\/wp-json\/wp\/v2\/posts"}],"about":[{"href":"https:\/\/www.o-p-i.fr\/parlonsen\/wp-json\/wp\/v2\/types\/post"}],"author":[{"embeddable":true,"href":"https:\/\/www.o-p-i.fr\/parlonsen\/wp-json\/wp\/v2\/users\/2"}],"replies":[{"embeddable":true,"href":"https:\/\/www.o-p-i.fr\/parlonsen\/wp-json\/wp\/v2\/comments?post=23916"}],"version-history":[{"count":0,"href":"https:\/\/www.o-p-i.fr\/parlonsen\/wp-json\/wp\/v2\/posts\/23916\/revisions"}],"wp:attachment":[{"href":"https:\/\/www.o-p-i.fr\/parlonsen\/wp-json\/wp\/v2\/media?parent=23916"}],"wp:term":[{"taxonomy":"category","embeddable":true,"href":"https:\/\/www.o-p-i.fr\/parlonsen\/wp-json\/wp\/v2\/categories?post=23916"},{"taxonomy":"post_tag","embeddable":true,"href":"https:\/\/www.o-p-i.fr\/parlonsen\/wp-json\/wp\/v2\/tags?post=23916"}],"curies":[{"name":"wp","href":"https:\/\/api.w.org\/{rel}","templated":true}]}}