{"id":23926,"date":"2014-11-19T12:34:13","date_gmt":"2014-11-19T10:34:13","guid":{"rendered":"\/parlonsen\/?p=23926"},"modified":"2014-11-19T01:42:11","modified_gmt":"2014-11-18T23:42:11","slug":"the-dansant-anime-par-sebastien-castagne-a-vaissac-82","status":"publish","type":"post","link":"https:\/\/www.o-p-i.fr\/parlonsen\/localisation\/a-cote-de-chez-nous\/the-dansant-anime-par-sebastien-castagne-a-vaissac-82\/","title":{"rendered":"Th\u00e9 dansant anim\u00e9 par S\u00e9bastien Castagn\u00e9 &#8230; \u00e0 Va\u00efssac (82)"},"content":{"rendered":"<p>Le comit\u00e9 des f\u00eates organise, ce <strong>dimanche 23 novembre 2014<\/strong>, un th\u00e9 dansant  anim\u00e9 par S\u00e9bastien Castagn\u00e9, de 14h30 \u00e0 19h, \u00e0 la salle des f\u00eates.<!--more--><\/p>\n<figure id=\"attachment_23927\" aria-describedby=\"caption-attachment-23927\" style=\"width: 300px\" class=\"wp-caption alignright\"><a href=\"https:\/\/i0.wp.com\/www.o-p-i.fr\/parlonsen\/wp-content\/uploads\/thedansant2.jpg?ssl=1\"><img data-recalc-dims=\"1\" loading=\"lazy\" decoding=\"async\" class=\"size-medium wp-image-23927\" title=\"Th\u00e9 dansant\" src=\"https:\/\/i0.wp.com\/www.o-p-i.fr\/parlonsen\/wp-content\/uploads\/thedansant2.jpg?resize=300%2C180&#038;ssl=1\" alt=\"Th\u00e9 dansant\" width=\"300\" height=\"180\" srcset=\"https:\/\/i0.wp.com\/www.o-p-i.fr\/parlonsen\/wp-content\/uploads\/thedansant2.jpg?resize=300%2C180&amp;ssl=1 300w, https:\/\/i0.wp.com\/www.o-p-i.fr\/parlonsen\/wp-content\/uploads\/thedansant2.jpg?w=448&amp;ssl=1 448w\" sizes=\"auto, (max-width: 300px) 100vw, 300px\" \/><\/a><figcaption id=\"caption-attachment-23927\" class=\"wp-caption-text\">Th\u00e9 dansant<\/figcaption><\/figure>\n<p><strong>Tarifs : <\/strong><br \/>\nEntr\u00e9e : 8\u20ac (p\u00e2tisseries, caf\u00e9, rafraichissements compris).<\/p>\n<p><strong>Contact :<\/strong><br \/>\nT\u00e9l. : 05 63 30 82 14<\/p>\n<p><em>Communiqu\u00e9 et photo : Robert Linas<\/em><\/p>\n","protected":false},"excerpt":{"rendered":"<div class=\"mh-excerpt\">Le comit\u00e9 des f\u00eates organise, ce dimanche 23 novembre 2014, un th\u00e9 dansant anim\u00e9 par S\u00e9bastien Castagn\u00e9, de 14h30 \u00e0 19h, \u00e0 la salle des f\u00eates.<\/div>\n","protected":false},"author":2,"featured_media":0,"comment_status":"open","ping_status":"open","sticky":false,"template":"","format":"standard","meta":{"om_disable_all_campaigns":false,"advanced_seo_description":"","jetpack_seo_html_title":"","jetpack_seo_noindex":false,"_jetpack_memberships_contains_paid_content":false,"footnotes":"","_links_to":"","_links_to_target":""},"categories":[42,54,2154],"tags":[80,82,315],"class_list":{"0":"post-23926","1":"post","2":"type-post","3":"status-publish","4":"format-standard","6":"category-a-cote-de-chez-nous","7":"category-loisirs","8":"category-n-104-novembre-2014","9":"tag-the-dansant","10":"tag-aines","11":"tag-vaissac"},"jetpack_featured_media_url":"","views":{"total":0,"cached_at":"","cached_date":1738475149},"jetpack_likes_enabled":true,"jetpack_sharing_enabled":true,"jetpack_shortlink":"https:\/\/wp.me\/pg7Wxj-6dU","jetpack-related-posts":[],"_links":{"self":[{"href":"https:\/\/www.o-p-i.fr\/parlonsen\/wp-json\/wp\/v2\/posts\/23926","targetHints":{"allow":["GET"]}}],"collection":[{"href":"https:\/\/www.o-p-i.fr\/parlonsen\/wp-json\/wp\/v2\/posts"}],"about":[{"href":"https:\/\/www.o-p-i.fr\/parlonsen\/wp-json\/wp\/v2\/types\/post"}],"author":[{"embeddable":true,"href":"https:\/\/www.o-p-i.fr\/parlonsen\/wp-json\/wp\/v2\/users\/2"}],"replies":[{"embeddable":true,"href":"https:\/\/www.o-p-i.fr\/parlonsen\/wp-json\/wp\/v2\/comments?post=23926"}],"version-history":[{"count":0,"href":"https:\/\/www.o-p-i.fr\/parlonsen\/wp-json\/wp\/v2\/posts\/23926\/revisions"}],"wp:attachment":[{"href":"https:\/\/www.o-p-i.fr\/parlonsen\/wp-json\/wp\/v2\/media?parent=23926"}],"wp:term":[{"taxonomy":"category","embeddable":true,"href":"https:\/\/www.o-p-i.fr\/parlonsen\/wp-json\/wp\/v2\/categories?post=23926"},{"taxonomy":"post_tag","embeddable":true,"href":"https:\/\/www.o-p-i.fr\/parlonsen\/wp-json\/wp\/v2\/tags?post=23926"}],"curies":[{"name":"wp","href":"https:\/\/api.w.org\/{rel}","templated":true}]}}