{"id":23974,"date":"2014-11-24T15:46:34","date_gmt":"2014-11-24T13:46:34","guid":{"rendered":"\/parlonsen\/?p=23974"},"modified":"2025-11-12T00:41:59","modified_gmt":"2025-11-11T23:41:59","slug":"marche-de-noel-a-bioule","status":"publish","type":"post","link":"https:\/\/www.o-p-i.fr\/parlonsen\/parlons-en\/commerce\/marche-de-noel-a-bioule\/","title":{"rendered":"March\u00e9 de No\u00ebl &#8230; \u00e0 Bioule (82)"},"content":{"rendered":"<p style=\"text-align: justify;\">Le <strong>dimanche 7 d\u00e9cembre 2014<\/strong> aura lieu l\u2019incontournable march\u00e9 de no\u00ebl  organis\u00e9 par l\u2019Association des Parents d\u2019El\u00e8ves de Bioule qui d\u00e9butera \u00e0  9h.<!--more--><\/p>\n<p style=\"text-align: justify;\">\n<figure id=\"attachment_23976\" aria-describedby=\"caption-attachment-23976\" style=\"width: 300px\" class=\"wp-caption alignright\"><a href=\"https:\/\/i0.wp.com\/www.o-p-i.fr\/parlonsen\/wp-content\/uploads\/marchenoel-bioule.jpg?ssl=1\"><img data-recalc-dims=\"1\" loading=\"lazy\" decoding=\"async\" class=\"size-medium wp-image-23976\" title=\"Bourse aux jouets \u00e0 Bioule (82)\" src=\"https:\/\/i0.wp.com\/www.o-p-i.fr\/parlonsen\/wp-content\/uploads\/marchenoel-bioule.jpg?resize=300%2C199&#038;ssl=1\" alt=\"Bourse aux jouets \u00e0 Bioule (82)\" width=\"300\" height=\"199\" srcset=\"https:\/\/i0.wp.com\/www.o-p-i.fr\/parlonsen\/wp-content\/uploads\/marchenoel-bioule.jpg?resize=300%2C199&amp;ssl=1 300w, https:\/\/i0.wp.com\/www.o-p-i.fr\/parlonsen\/wp-content\/uploads\/marchenoel-bioule.jpg?w=448&amp;ssl=1 448w\" sizes=\"auto, (max-width: 300px) 100vw, 300px\" \/><\/a><figcaption id=\"caption-attachment-23976\" class=\"wp-caption-text\">Bourse aux jouets \u00e0 Bioule (82)<\/figcaption><\/figure>\n<p style=\"text-align: justify;\">Nous vous proposons une bourse aux jouets (neufs et occasions), un  march\u00e9 artisanal ouvert aux particuliers et aux professionnels ainsi  qu\u2019un march\u00e9 gourmand qui permettront \u00e0 tous de trouver une multitude  d\u2019id\u00e9es de cadeaux de No\u00ebl, ou bien de faire saliver les papilles en ces  p\u00e9riodes de f\u00eate.<\/p>\n<p style=\"text-align: justify;\">Si vous souhaitez r\u00e9server un stand, n\u2019attendez plus, les places sont  limit\u00e9es !!!<\/p>\n<p style=\"text-align: justify;\"><strong>Tarifs :<\/strong><br \/>\n3 \u20ac le m\u00e8tre lin\u00e9aire (tables fournies).<\/p>\n<p style=\"text-align: justify;\">T\u00e9l\u00e9charger directement votre bulletin d\u2019inscription ici :<br \/>\n<a href=\"http:\/\/apebioule.webnode.fr\/news\/marche-de-noel\" target=\"_blank\">http:\/\/apebioule.webnode.fr\/news\/marche-de-noel<\/a><\/p>\n<p style=\"text-align: justify;\"><strong>Contact : <\/strong>APE Bioule<br \/>\nC\u00e9line AZNAR<br \/>\nT\u00e9l. : 06.77.93.73.76 (apr\u00e8s 18h)<br \/>\nAng\u00e9lique FARRE<br \/>\nT\u00e9l. : 06.19.63.69.33.<br \/>\nCourriel : <a href=\"mailto:apebioule@gmail.com\"> apebioule@gmail.com<\/a><\/p>\n<p style=\"text-align: justify;\"><a href=\"http:\/\/apebioule.webnode.fr\/news\/marche-de-noel\" target=\"_blank\"><\/a><\/p>\n<p style=\"text-align: justify;\"><em>Communiqu\u00e9 par Robert Linas<\/em><\/p>\n","protected":false},"excerpt":{"rendered":"<div class=\"mh-excerpt\">Le dimanche 7 d\u00e9cembre 2014 aura lieu l\u2019incontournable march\u00e9 de no\u00ebl organis\u00e9 par l\u2019Association des Parents d\u2019El\u00e8ves de Bioule qui d\u00e9butera \u00e0 9h.<\/div>\n","protected":false},"author":2,"featured_media":0,"comment_status":"open","ping_status":"open","sticky":false,"template":"","format":"standard","meta":{"om_disable_all_campaigns":false,"advanced_seo_description":"","jetpack_seo_html_title":"","jetpack_seo_noindex":false,"_jetpack_memberships_contains_paid_content":false,"footnotes":"","_links_to":"","_links_to_target":""},"categories":[40,4,54,775,2174],"tags":[131,138,757,758],"class_list":{"0":"post-23974","1":"post","2":"type-post","3":"status-publish","4":"format-standard","6":"category-bioule","7":"category-commerce","8":"category-loisirs","9":"category-cest-noel","10":"category-n-105-decembre-2014","11":"tag-noel","12":"tag-marche","13":"tag-marche-de-noel","14":"tag-bourse-aux-jouets"},"jetpack_featured_media_url":"","views":{"total":1,"cached_at":"","cached_date":1738521963},"jetpack_likes_enabled":true,"jetpack_sharing_enabled":true,"jetpack_shortlink":"https:\/\/wp.me\/pg7Wxj-6eG","jetpack-related-posts":[],"_links":{"self":[{"href":"https:\/\/www.o-p-i.fr\/parlonsen\/wp-json\/wp\/v2\/posts\/23974","targetHints":{"allow":["GET"]}}],"collection":[{"href":"https:\/\/www.o-p-i.fr\/parlonsen\/wp-json\/wp\/v2\/posts"}],"about":[{"href":"https:\/\/www.o-p-i.fr\/parlonsen\/wp-json\/wp\/v2\/types\/post"}],"author":[{"embeddable":true,"href":"https:\/\/www.o-p-i.fr\/parlonsen\/wp-json\/wp\/v2\/users\/2"}],"replies":[{"embeddable":true,"href":"https:\/\/www.o-p-i.fr\/parlonsen\/wp-json\/wp\/v2\/comments?post=23974"}],"version-history":[{"count":1,"href":"https:\/\/www.o-p-i.fr\/parlonsen\/wp-json\/wp\/v2\/posts\/23974\/revisions"}],"predecessor-version":[{"id":67541,"href":"https:\/\/www.o-p-i.fr\/parlonsen\/wp-json\/wp\/v2\/posts\/23974\/revisions\/67541"}],"wp:attachment":[{"href":"https:\/\/www.o-p-i.fr\/parlonsen\/wp-json\/wp\/v2\/media?parent=23974"}],"wp:term":[{"taxonomy":"category","embeddable":true,"href":"https:\/\/www.o-p-i.fr\/parlonsen\/wp-json\/wp\/v2\/categories?post=23974"},{"taxonomy":"post_tag","embeddable":true,"href":"https:\/\/www.o-p-i.fr\/parlonsen\/wp-json\/wp\/v2\/tags?post=23974"}],"curies":[{"name":"wp","href":"https:\/\/api.w.org\/{rel}","templated":true}]}}