{"id":24092,"date":"2014-11-27T17:23:07","date_gmt":"2014-11-27T15:23:07","guid":{"rendered":"\/parlonsen\/?p=24092"},"modified":"2014-11-27T17:23:56","modified_gmt":"2014-11-27T15:23:56","slug":"aiguilles-et-compagnie-expose-au-born-31","status":"publish","type":"post","link":"https:\/\/www.o-p-i.fr\/parlonsen\/localisation\/au-pays-des-tescous\/le-born\/aiguilles-et-compagnie-expose-au-born-31\/","title":{"rendered":"Aiguilles et Compagnie expose &#8230; au Born (31)"},"content":{"rendered":"<p style=\"text-align: justify;\">Le club Aiguilles et Compagnie, vous invite a une exposition d&rsquo;ouvrages et atelier de d\u00e9monstrations, les <strong>samedi 6   et dimanche 7 d\u00e9cembre 2014 <\/strong>de 14 h \u00e0 18 h.<!--more--><br \/>\nA cette occasion, une tombola sera tir\u00e9e au profit du T\u00e9l\u00e9thon.<\/p>\n<p style=\"text-align: justify;\"><strong> Pour y aller &#8230;<\/strong><br \/>\n<a title=\"Cliquez sur l'adresse pour ouvrir le plan !\" href=\"https:\/\/goo.gl\/maps\/VygPn\" target=\"_blank\">Salle des f\u00eates<br \/>\n31340 LE BORN<\/a><\/p>\n<p style=\"text-align: justify;\"><strong>Tarifs :<\/strong><br \/>\nGratuit<\/p>\n<p style=\"text-align: justify;\"><strong> Organisateur : <\/strong>Club Aiguilles et compagnie.<\/p>\n<p style=\"text-align: justify;\"><strong> Contact  : <\/strong>Tandou Josyane<br \/>\n1709Route\u00a0 de Varennes<br \/>\n31340 LE BORN<br \/>\nCourriel : <a href=\"mailto:jc.josy@free.fr\">jc.josy@free.fr<\/a><\/p>\n<p><em>Information communiqu\u00e9e par\u00a0 Tandou Josyane, organisatrice de la manifestation. <\/em><\/p>\n<p><a href=\"https:\/\/www.o-p-i.fr\/parlonsen\/agenda\/\"><strong>Retrouvez tous les \u00e9v\u00e9nements dans l&rsquo;agenda !<\/strong><\/a><\/p>\n","protected":false},"excerpt":{"rendered":"<div class=\"mh-excerpt\">Le club Aiguilles et Compagnie, vous invite a une exposition d&rsquo;ouvrages et atelier de d\u00e9monstrations, les samedi 6 et dimanche 7 d\u00e9cembre 2014 de 14 h \u00e0 18 h.<\/div>\n","protected":false},"author":2,"featured_media":0,"comment_status":"open","ping_status":"open","sticky":false,"template":"","format":"standard","meta":{"om_disable_all_campaigns":false,"advanced_seo_description":"","jetpack_seo_html_title":"","jetpack_seo_noindex":false,"_jetpack_memberships_contains_paid_content":false,"footnotes":"","_links_to":"","_links_to_target":""},"categories":[51,91,26,54,291,2174],"tags":[174,2549,180,358,772,2564,172],"class_list":{"0":"post-24092","1":"post","2":"type-post","3":"status-publish","4":"format-standard","6":"category-artisanat","7":"category-telethon","8":"category-le-born","9":"category-loisirs","10":"category-solidarite","11":"category-n-105-decembre-2014","12":"tag-broderie","13":"tag-le-born","14":"tag-atelier","15":"tag-couture","16":"tag-aiguilles-et-compagnie","17":"tag-telethon","18":"tag-exposition"},"jetpack_featured_media_url":"","views":{"total":0,"cached_at":"","cached_date":1738375644},"jetpack_likes_enabled":true,"jetpack_sharing_enabled":true,"jetpack_shortlink":"https:\/\/wp.me\/pg7Wxj-6gA","jetpack-related-posts":[],"_links":{"self":[{"href":"https:\/\/www.o-p-i.fr\/parlonsen\/wp-json\/wp\/v2\/posts\/24092","targetHints":{"allow":["GET"]}}],"collection":[{"href":"https:\/\/www.o-p-i.fr\/parlonsen\/wp-json\/wp\/v2\/posts"}],"about":[{"href":"https:\/\/www.o-p-i.fr\/parlonsen\/wp-json\/wp\/v2\/types\/post"}],"author":[{"embeddable":true,"href":"https:\/\/www.o-p-i.fr\/parlonsen\/wp-json\/wp\/v2\/users\/2"}],"replies":[{"embeddable":true,"href":"https:\/\/www.o-p-i.fr\/parlonsen\/wp-json\/wp\/v2\/comments?post=24092"}],"version-history":[{"count":0,"href":"https:\/\/www.o-p-i.fr\/parlonsen\/wp-json\/wp\/v2\/posts\/24092\/revisions"}],"wp:attachment":[{"href":"https:\/\/www.o-p-i.fr\/parlonsen\/wp-json\/wp\/v2\/media?parent=24092"}],"wp:term":[{"taxonomy":"category","embeddable":true,"href":"https:\/\/www.o-p-i.fr\/parlonsen\/wp-json\/wp\/v2\/categories?post=24092"},{"taxonomy":"post_tag","embeddable":true,"href":"https:\/\/www.o-p-i.fr\/parlonsen\/wp-json\/wp\/v2\/tags?post=24092"}],"curies":[{"name":"wp","href":"https:\/\/api.w.org\/{rel}","templated":true}]}}