{"id":24129,"date":"2014-12-01T20:02:58","date_gmt":"2014-12-01T18:02:58","guid":{"rendered":"\/parlonsen\/?p=24129"},"modified":"2014-12-01T20:02:58","modified_gmt":"2014-12-01T18:02:58","slug":"le-salon-des-salons-d%e2%80%99art-a-rodez-12","status":"publish","type":"post","link":"https:\/\/www.o-p-i.fr\/parlonsen\/parlons-en\/commerce\/le-salon-des-salons-d%e2%80%99art-a-rodez-12\/","title":{"rendered":"Le Salon des Salons d\u2019Art &#8230; \u00e0 Rodez (12)"},"content":{"rendered":"<p>Rendez vous des artisans d&rsquo;art les <strong>Samedi 6 et dimanche 7 d\u00e9cembre 2014<\/strong>, de 10h \u00e0 19h sans interruption \u00e0 La Menuiserie.<!--more--><\/p>\n<figure id=\"attachment_24130\" aria-describedby=\"caption-attachment-24130\" style=\"width: 300px\" class=\"wp-caption alignright\"><img data-recalc-dims=\"1\" loading=\"lazy\" decoding=\"async\" class=\"size-medium wp-image-24130\" title=\"Salon des Salons d'Art \u00e0 Rodez (12)\" src=\"https:\/\/i0.wp.com\/www.o-p-i.fr\/parlonsen\/wp-content\/uploads\/salondessalons.jpg?resize=300%2C202&#038;ssl=1\" alt=\"Salon des Salons d'Art \u00e0 Rodez (12)\" width=\"300\" height=\"202\" srcset=\"https:\/\/i0.wp.com\/www.o-p-i.fr\/parlonsen\/wp-content\/uploads\/salondessalons.jpg?resize=300%2C202&amp;ssl=1 300w, https:\/\/i0.wp.com\/www.o-p-i.fr\/parlonsen\/wp-content\/uploads\/salondessalons.jpg?w=1024&amp;ssl=1 1024w\" sizes=\"auto, (max-width: 300px) 100vw, 300px\" \/><figcaption id=\"caption-attachment-24130\" class=\"wp-caption-text\">Salon des Salons d&#39;Art \u00e0 Rodez (12)<\/figcaption><\/figure>\n<p>Le Salon des Salons d\u2019Art  \u00e0 La Menuiserie !<\/p>\n<p>Le March\u00e9 de No\u00ebl de  la Menuiserie est rebaptis\u00e9 \u00ab le Salon des Salons d \u2018Art \u00bb  pour vous installer au plus profond de la Magie de No\u00ebl.<\/p>\n<p>17 artisans d\u2019art seront au rendez-vous avec la surprise de nouvelles propositions &#8230;<\/p>\n<p>Abondance de bien et de beau ne nuit pas !<\/p>\n<p>Et des \u00ab ateliers \u00bb libres de cr\u00e9ation, avec Paul et Nicole en guide, pour enfants et adultes : on ne paye rien et on s\u2019amuse<\/p>\n<p>Vous  connaissez certains, d\u2019autres, vous d\u00e9couvrirez\u2026<\/p>\n<p><strong>Contact :<\/strong> La Menuiserie<br \/>\n14, rue du 11 novembre<br \/>\n12000 Rodez<br \/>\nT\u00e9l. : 05 65 68 50 02<br \/>\nCourriel :\u00a0<a title=\"[GMCP] \u00c9crire un message \u00e0 lamenuiserierodez@wanadoo.fr\" rel=\"noreferrer\" href=\"mailto:%20lamenuiserierodez@wanadoo.fr\">lamenuiserierodez@wanadoo.fr<\/a><\/p>\n<p><em>Communiqu\u00e9 par JPaul Espaignet<\/em><\/p>\n","protected":false},"excerpt":{"rendered":"<div class=\"mh-excerpt\">Rendez vous des artisans d&rsquo;art les Samedi 6 et dimanche 7 d\u00e9cembre 2014, de 10h \u00e0 19h sans interruption \u00e0 La Menuiserie.<\/div>\n","protected":false},"author":2,"featured_media":0,"comment_status":"open","ping_status":"open","sticky":false,"template":"","format":"standard","meta":{"om_disable_all_campaigns":false,"advanced_seo_description":"","jetpack_seo_html_title":"","jetpack_seo_noindex":false,"_jetpack_memberships_contains_paid_content":false,"footnotes":"","_links_to":"","_links_to_target":""},"categories":[23,51,4,54,775,2174],"tags":[131,138,200,456,498,2559,757],"class_list":{"0":"post-24129","1":"post","2":"type-post","3":"status-publish","4":"format-standard","6":"category-au-dela-du-pays","7":"category-artisanat","8":"category-commerce","9":"category-loisirs","10":"category-cest-noel","11":"category-n-105-decembre-2014","12":"tag-noel","13":"tag-marche","14":"tag-art","15":"tag-rodez","16":"tag-salon","17":"tag-artisanat","18":"tag-marche-de-noel"},"jetpack_featured_media_url":"","views":{"total":0,"cached_at":"","cached_date":1738460200},"jetpack_likes_enabled":true,"jetpack_sharing_enabled":true,"jetpack_shortlink":"https:\/\/wp.me\/pg7Wxj-6hb","jetpack-related-posts":[],"_links":{"self":[{"href":"https:\/\/www.o-p-i.fr\/parlonsen\/wp-json\/wp\/v2\/posts\/24129","targetHints":{"allow":["GET"]}}],"collection":[{"href":"https:\/\/www.o-p-i.fr\/parlonsen\/wp-json\/wp\/v2\/posts"}],"about":[{"href":"https:\/\/www.o-p-i.fr\/parlonsen\/wp-json\/wp\/v2\/types\/post"}],"author":[{"embeddable":true,"href":"https:\/\/www.o-p-i.fr\/parlonsen\/wp-json\/wp\/v2\/users\/2"}],"replies":[{"embeddable":true,"href":"https:\/\/www.o-p-i.fr\/parlonsen\/wp-json\/wp\/v2\/comments?post=24129"}],"version-history":[{"count":0,"href":"https:\/\/www.o-p-i.fr\/parlonsen\/wp-json\/wp\/v2\/posts\/24129\/revisions"}],"wp:attachment":[{"href":"https:\/\/www.o-p-i.fr\/parlonsen\/wp-json\/wp\/v2\/media?parent=24129"}],"wp:term":[{"taxonomy":"category","embeddable":true,"href":"https:\/\/www.o-p-i.fr\/parlonsen\/wp-json\/wp\/v2\/categories?post=24129"},{"taxonomy":"post_tag","embeddable":true,"href":"https:\/\/www.o-p-i.fr\/parlonsen\/wp-json\/wp\/v2\/tags?post=24129"}],"curies":[{"name":"wp","href":"https:\/\/api.w.org\/{rel}","templated":true}]}}