{"id":24165,"date":"2014-12-02T18:26:04","date_gmt":"2014-12-02T16:26:04","guid":{"rendered":"\/parlonsen\/?p=24165"},"modified":"2014-12-02T18:30:24","modified_gmt":"2014-12-02T16:30:24","slug":"l%e2%80%99agenda-de-la-semaine-a-negrepelisse-82-19","status":"publish","type":"post","link":"https:\/\/www.o-p-i.fr\/parlonsen\/parlons-en\/culture\/l%e2%80%99agenda-de-la-semaine-a-negrepelisse-82-19\/","title":{"rendered":"L\u2019agenda de la semaine &#8230; \u00e0 N\u00e8grepelisse (82)"},"content":{"rendered":"<p style=\"text-align: justify;\">Cin\u00e9, rencontre, expositions, voici l&rsquo;agenda <strong>du 3 au 9 D\u00e9cembre 2014<\/strong> ! <!--more--><\/p>\n<p style=\"text-align: justify;\">\n<figure style=\"width: 720px\" class=\"wp-caption aligncenter\"><img data-recalc-dims=\"1\" loading=\"lazy\" decoding=\"async\" title=\"N\u00e8grepelisse (82)\" src=\"https:\/\/i0.wp.com\/www.o-p-i.fr\/parlonsen\/wp-content\/uploads\/agenda-negrepelisse.jpg?resize=720%2C122&#038;ssl=1\" alt=\"N\u00e8grepelisse (82)\" width=\"720\" height=\"122\" \/><figcaption class=\"wp-caption-text\">N\u00e8grepelisse (82)<\/figcaption><\/figure>\n<ul style=\"text-align: justify;\">\n<li><strong>Mercredi 3 d\u00e9cembre<\/strong><\/li>\n<\/ul>\n<p style=\"text-align: justify;\">Cin\u00e9-coulisses \u00e0 la m\u00e9diath\u00e8que de N\u00e8grepelisse \u00e0 20 heures. Projection et analyse d&rsquo;un grand classique par Camille Marceau, plasticienne et intervenante dans le cadre du dispositif Cin\u00e9ma au Lyc\u00e9e. L&rsquo;analyse apporte des pistes de lecture pour donner du sens, comprendre les messages qui habitent un film. Lire entre les images pour mettre ses pas dans ceux du r\u00e9alisateur. (Interdit \u2013 de 12 ans)<\/p>\n<ul style=\"text-align: justify;\">\n<li><strong>Jeudi 4 d\u00e9cembre<\/strong><\/li>\n<\/ul>\n<p style=\"text-align: justify;\">PLACE DE LA PALABRE \u00e0 20h30 \u00e0 la M\u00e9diath\u00e8que de N\u00e8grepelisse. \u00ab Place de la Palabre \u00bb : un genre de cin\u00e9\/caf\u00e9-d\u00e9bat\/philo&#8230; Rendez-vous chaque 1er jeudi du mois \u00e0 20h30.<\/p>\n<p style=\"text-align: justify;\">En toute convivialit\u00e9 (entendre par l\u00e0 l&rsquo;origine du mot : \u00ab cum \u00bb avec et \u00ab vivere \u00bb vivre!), ces soir\u00e9es se d\u00e9roulent en 2 temps : la projection d&rsquo;un documentaire, \u00e0 l&rsquo;issue duquel un d\u00e9bat ouvert et anim\u00e9 par un intervenant. Les th\u00e9matiques abord\u00e9es sont des sujets d&rsquo;actualit\u00e9 sur les initiatives citoyennes qui se dessinent face \u00e0 l&rsquo;inqui\u00e9tude g\u00e9n\u00e9rale entrain\u00e9e par les crises et les d\u00e9rives dont souffrent notre soci\u00e9t\u00e9 et notre d\u00e9mocratie. Le \u00ab mieux vivre \u00bb ensemble du Pacte civique de 2008 est le fil conducteur de ces \u00ab palabres \u00bb avec l&rsquo;id\u00e9e de pr\u00e9senter, discuter et comprendre ces amorces des transformations personnelles et collectives avec l&rsquo;envie d&rsquo;inventer un future pour tous et, convivial ! Th\u00e8me : S\u00e9rie \u00ab\u00a0Je suis\u00a0\u00bb : Je suis bien \u00e9lev\u00e9 ! Fess\u00e9es, gifles&#8230; \u00e9ducation ou violence ? Quel sens ? Quels impacts pour celui qui donne et pour celui qui re\u00e7oit ? Quelles alternatives ?<\/p>\n<ul style=\"text-align: justify;\">\n<li><strong>Vendredi 5 d\u00e9cembre<\/strong><\/li>\n<\/ul>\n<p style=\"text-align: justify;\">C\u00e9r\u00e9monie comm\u00e9morative avec d\u00e9p\u00f4t de gerbe au Monument aux Morts de N\u00e8grepelisse \u00e0 12 heures.<\/p>\n<ul style=\"text-align: justify;\">\n<li><strong>Samedi 6 d\u00e9cembre et Dimanche 7 d\u00e9cembre<\/strong><\/li>\n<\/ul>\n<p style=\"text-align: justify;\"><strong>\u00c9dition 2014 du T\u00e9l\u00e9thon a<\/strong>vec de nombreuses animations orchestr\u00e9es par les associations n\u00e8grepelissiennes dont un vide-grenier \u00e0 la salle des f\u00eates le samedi, la vente de diff\u00e9rents objets et gourmandises, le lavage de voiture par les  Sapeurs Pompiers Volontaires, des d\u00e9monstrations de Tuning, des ateliers de jeux avec l\u2019ALAE et la ludoth\u00e8que, vente de cartes avec <a title=\"Cliquez pour ouvrir la fiche dans l'annuaire\" href=\"https:\/\/www.o-p-i.fr\/aupays\/annuaire\/loisirs\/scrap-al-pais-82\/\">Scrap Al Pa\u00efs<\/a>, un concours de p\u00eache avec le SCION, le concert de la Sacr\u00e9e Chorale, la venue du P\u00e8re No\u00ebl et la possibilit\u00e9 de faire des photographies avec vos enfants, la repr\u00e9sentation de danses traditionnelles \u00e0 l\u2019Intermarch\u00e9 de 10h \u00e0 12h, un tournoi de p\u00e9tanque \u00e0 l\u2019Espace de Loisirs de la Sorbonne, ap\u00e9ritif \u00e0 12h30 \u00e0 la salle des f\u00eates &#8230;. Vente de p\u00e2tisseries le Dimanche 7 d\u00e9cembre, lors du match de Handball au coll\u00e8ge J. Tach\u00e9.<\/p>\n<ul style=\"text-align: justify;\">\n<li><strong>Samedi 6 d\u00e9cembre 2014<\/strong><\/li>\n<\/ul>\n<p style=\"text-align: justify;\">Atelier de pratique artistique pour les enfants \u00ab Cartes sur table, \u00e0 toi de jouer ! \u00bb<\/p>\n<p style=\"text-align: justify;\">Visite comment\u00e9e de l\u2019exposition de 14h \u00e0 15h puis jeu de r\u00f4le inspir\u00e9 des \u00ab p\u00e9pites \u00bb glan\u00e9es par le collectif Bruit du Frigo durant leur r\u00e9sidence \u00e0 N\u00e8grepelisse de 15h \u00e0 17h.<br \/>\nSur r\u00e9servation \/ 6 &#8211; 12 ans \/ 12 places \/ 3\u20ac par enfant<br \/>\nContact : La cuisine : 05 63 67 39 74 \/ <a href=\"mailto:info@la-cuisine.fr\">info@la-cuisine.fr<\/a><\/p>\n<ul style=\"text-align: justify;\">\n<li><strong>Samedi 6 d\u00e9cembre 2014<\/strong><\/li>\n<\/ul>\n<p style=\"text-align: justify;\">Atelier de cuisine Enfant \u00ab Le sandwich-chic de la Famille au Bord de l\u2019eau \u00bb de 10h30 &#8211; 12h30. Le \u00ab Jeu de 7 familles \u00bb con\u00e7u par le collectif Bruit du frigo propose de d\u00e9couvrir sous un nouvel angle les identit\u00e9s et les personnalit\u00e9s du territoire. Aux Fourneaux de La cuisine les enfants sont invit\u00e9s \u00e0 r\u00e9aliser des recettes en lien avec les diff\u00e9rentes familles. Ils pourront ensuite mettre en sc\u00e8ne leurs cr\u00e9ations culinaires dans une photographie qui sera mise en ligne sur le site Internet de La cuisine.<br \/>\nR\u00e9servation \/ 6 \u2013 12 ans \/ 8 places \/ 7\u20ac par enfant.<br \/>\nLa cuisine : 05 63 67 36 16 \/ <a href=\"mailto:camille.savoye@la-cuisine.fr\">camille.savoye@la-cuisine.fr<\/a><\/p>\n<ul style=\"text-align: justify;\">\n<li><strong>Dimanche 7 d\u00e9cembre<\/strong><\/li>\n<\/ul>\n<p style=\"text-align: justify;\">Bourse aux jouets, organis\u00e9e par la FCPE des Ecoles publiques. Toute la journ\u00e9e \u00e0 la salle des f\u00eates de N\u00e8grepelisse.<br \/>\nRenseignements au 06.18.07.56.82<\/p>\n<ul style=\"text-align: justify;\">\n<li><strong>Mardi 9 d\u00e9cembre<\/strong><\/li>\n<\/ul>\n<p style=\"text-align: justify;\">Don du sang \u00e0 la salle des f\u00eates de N\u00e8grepelisse de 10 heures \u00e0 13 heures et de 15h30 \u00e0 19 heures.<\/p>\n<ul style=\"text-align: justify;\">\n<li><strong>Mardi 9 d\u00e9cembre<\/strong><\/li>\n<\/ul>\n<p style=\"text-align: justify;\">Les mardis de l&rsquo;histoire de l&rsquo;art sur la th\u00e9matique \u00ab Le paysage \u00bb anim\u00e9 par Fr\u00e9d\u00e9ric Jourdain, historien de l\u2019art  de 19 heures &#8211; 20h30 dans l\u2019auditorium du ch\u00e2teau de N\u00e8grepelisse. Le paysage est un genre bien connu de la peinture classique occidentale. Son \u00e9volution l\u2019a fait passer de tableau \u00e0 site. L\u2019art du paysage t\u00e9moigne autant du plaisir de l\u2019homme \u00e0 contempler la nature que de son d\u00e9sir de la reconstruire.<\/p>\n<p style=\"text-align: justify;\">68 places \/ Gratuit  &#8211;<br \/>\nLa cuisine : 05 63 67 39 74 \/ <a href=\"mailto:info@la-cuisine.fr\">info@la-cuisine.fr<\/a><\/p>\n<ul style=\"text-align: justify;\">\n<li><strong>Calendriers des Sapeurs-Pompiers volontaires de\u00a0 N\u00e8grepelisse<\/strong><\/li>\n<\/ul>\n<p style=\"text-align: justify;\">La fin de l&rsquo;ann\u00e9e approche \u00e0 grands pas, avec elle, son lot de traditions comme le passage des sapeurs-pompiers pour le sempiternel calendrier.  Les sapeurs-pompiers volontaires du centre de secours de N\u00e8grepelisse informent la population que leur traditionnelle tourn\u00e9e d\u00e9bute pour le secteur de N\u00e8grepelisse, Bioule,  Montricoux, Bruniquel, Puygaillard de Quercy,  Va\u00efssac et St Etienne de Tulmont.  Ils se pr\u00e9senteront par deux et en uniforme. Nos dons  serviront \u00e0 alimenter la caisse de l&rsquo;Amicale des sapeurs-pompiers et permettront \u00e0 nos soldats du feu de financer les mutuelles des pompiers actifs et retrait\u00e9s de la caserne de N\u00e8grepelisse. Tout au long de l&rsquo;ann\u00e9e les sapeurs-pompiers sont au service de la population qu&rsquo;il s&rsquo;agisse pour porter secours sur un accident, transporter un malade, de circonscrire un incendie, et cela toujours volontairement. Alors pensez \u00e0 eux, lorsqu\u2019ils frapperont \u00e0 votre porte.<\/p>\n<ul style=\"text-align: justify;\">\n<li><strong> \u00ab Les Puces du Ch\u00e2teau \u00bb<\/strong><\/li>\n<\/ul>\n<p style=\"text-align: justify;\">\u00ab Les Puces du Ch\u00e2teau \u00bb, organis\u00e9es sous l\u2019\u00e9gide la mairie de N\u00e8grepelisse sont organis\u00e9es tous les Dimanches matins de 7 heures \u00e0 14 heures, place du ch\u00e2teau.<br \/>\nRenseignements, tarifs, inscriptions au 06.76.96.76.68<\/p>\n<ul style=\"text-align: justify;\">\n<li><strong>Exposition <\/strong><strong> \u00ab Identit\u00e9s Remarquables \u00bb\u00a0 : du 11 octobre 2014 au 15 janvier 2015<\/strong><\/li>\n<\/ul>\n<p style=\"text-align: justify;\">Exposition du collectif Bruit du Frigo dans la salle d\u2019exposition du ch\u00e2teau. Exposition r\u00e9alis\u00e9e en collaboration avec le centre d\u2019art La cuisine.<\/p>\n<p style=\"text-align: justify;\">L\u2019invitation faite aupr\u00e8s de Bruit du frigo repose sur la notion de \u00ab patrimoine vivant \u00bb. Ce projet s\u2019inscrit dans une d\u00e9marche de recherche portant sur les projets de territoire. R\u00e9alis\u00e9e en partenariat avec le Pays Midi-Quercy, cette r\u00e9sidence vise notamment \u00e0 questionner le r\u00f4le que peut jouer la cr\u00e9ation contemporaine dans la mise en \u0153uvre du label Pays d\u2019Art et d\u2019Histoire \u00ab Label Pays d\u2019Art et d\u2019Histoire : mus\u00e9ification ou projection ? \u00bb auquel le pays postule en 2014. Pour ce faire, le collectif Bruit du Frigo va questionner les identit\u00e9s en pr\u00e9sence sur notre territoire \u00e0 travers la mise en \u0153uvre d\u2019un jeu des 7 familles compos\u00e9 d\u2019habitants du Pays Midi-Quercy.<\/p>\n<p style=\"text-align: justify;\">\n<p style=\"text-align: justify;\"><em>Communiqu\u00e9 par Aurore Deffrene<\/em><\/p>\n","protected":false},"excerpt":{"rendered":"<div class=\"mh-excerpt\">Cin\u00e9, rencontre, expositions, voici l&rsquo;agenda du 3 au 9 D\u00e9cembre 2014 !<\/div>\n","protected":false},"author":2,"featured_media":0,"comment_status":"open","ping_status":"open","sticky":false,"template":"","format":"standard","meta":{"om_disable_all_campaigns":false,"advanced_seo_description":"","jetpack_seo_html_title":"","jetpack_seo_noindex":false,"_jetpack_memberships_contains_paid_content":false,"footnotes":"","_links_to":"","_links_to_target":""},"categories":[42,1,91,290,54,291,775,6,2174],"tags":[92,100,131,180,323,330,2564],"class_list":{"0":"post-24165","1":"post","2":"type-post","3":"status-publish","4":"format-standard","6":"category-a-cote-de-chez-nous","7":"category-culture","8":"category-telethon","9":"category-entraide","10":"category-loisirs","11":"category-solidarite","12":"category-cest-noel","13":"category-pratique","14":"category-n-105-decembre-2014","15":"tag-cine","16":"tag-negrepelisse","17":"tag-noel","18":"tag-atelier","19":"tag-enfant","20":"tag-rencontre","21":"tag-telethon"},"jetpack_featured_media_url":"","views":{"total":0,"cached_at":"","cached_date":1738431316},"jetpack_likes_enabled":true,"jetpack_sharing_enabled":true,"jetpack_shortlink":"https:\/\/wp.me\/pg7Wxj-6hL","jetpack-related-posts":[],"_links":{"self":[{"href":"https:\/\/www.o-p-i.fr\/parlonsen\/wp-json\/wp\/v2\/posts\/24165","targetHints":{"allow":["GET"]}}],"collection":[{"href":"https:\/\/www.o-p-i.fr\/parlonsen\/wp-json\/wp\/v2\/posts"}],"about":[{"href":"https:\/\/www.o-p-i.fr\/parlonsen\/wp-json\/wp\/v2\/types\/post"}],"author":[{"embeddable":true,"href":"https:\/\/www.o-p-i.fr\/parlonsen\/wp-json\/wp\/v2\/users\/2"}],"replies":[{"embeddable":true,"href":"https:\/\/www.o-p-i.fr\/parlonsen\/wp-json\/wp\/v2\/comments?post=24165"}],"version-history":[{"count":0,"href":"https:\/\/www.o-p-i.fr\/parlonsen\/wp-json\/wp\/v2\/posts\/24165\/revisions"}],"wp:attachment":[{"href":"https:\/\/www.o-p-i.fr\/parlonsen\/wp-json\/wp\/v2\/media?parent=24165"}],"wp:term":[{"taxonomy":"category","embeddable":true,"href":"https:\/\/www.o-p-i.fr\/parlonsen\/wp-json\/wp\/v2\/categories?post=24165"},{"taxonomy":"post_tag","embeddable":true,"href":"https:\/\/www.o-p-i.fr\/parlonsen\/wp-json\/wp\/v2\/tags?post=24165"}],"curies":[{"name":"wp","href":"https:\/\/api.w.org\/{rel}","templated":true}]}}