{"id":24218,"date":"2014-12-05T16:46:44","date_gmt":"2014-12-05T14:46:44","guid":{"rendered":"\/parlonsen\/?p=24218"},"modified":"2025-11-09T14:29:51","modified_gmt":"2025-11-09T13:29:51","slug":"concert-de-noel-a-villemur-sur-tarn-31","status":"publish","type":"post","link":"https:\/\/www.o-p-i.fr\/parlonsen\/parlons-en\/culture\/concert-de-noel-a-villemur-sur-tarn-31\/","title":{"rendered":"Concert de No\u00ebl &#8230; \u00e0 Villemur sur Tarn (31)"},"content":{"rendered":"<p style=\"text-align: justify;\">Pour la sixi\u00e8me ann\u00e9e cons\u00e9cutive, la chorale Intercommunale \u00ab\u00a0La Cl\u00e9 des  Chants\u00a0\u00bb donnera son Concert de No\u00ebl le<strong> Dimanche 21 D\u00e9cembre 2014 <\/strong>\u00e0 15h30 en  l&rsquo;\u00e9glise de Villemur sur Tarn.<!--more--><\/p>\n<p style=\"text-align: justify;\">\n<figure id=\"attachment_24256\" aria-describedby=\"caption-attachment-24256\" style=\"width: 317px\" class=\"wp-caption alignright\"><a href=\"https:\/\/i0.wp.com\/www.o-p-i.fr\/parlonsen\/wp-content\/uploads\/cledeschants_concertnoel2014.jpg?ssl=1\"><img data-recalc-dims=\"1\" loading=\"lazy\" decoding=\"async\" class=\"size-full wp-image-24256\" title=\"Concert de No\u00ebl 2014 \" src=\"https:\/\/i0.wp.com\/www.o-p-i.fr\/parlonsen\/wp-content\/uploads\/cledeschants_concertnoel2014.jpg?resize=317%2C448&#038;ssl=1\" alt=\"Concert de No\u00ebl 2014 \" width=\"317\" height=\"448\" srcset=\"https:\/\/i0.wp.com\/www.o-p-i.fr\/parlonsen\/wp-content\/uploads\/cledeschants_concertnoel2014.jpg?w=317&amp;ssl=1 317w, https:\/\/i0.wp.com\/www.o-p-i.fr\/parlonsen\/wp-content\/uploads\/cledeschants_concertnoel2014.jpg?resize=212%2C300&amp;ssl=1 212w\" sizes=\"auto, (max-width: 317px) 100vw, 317px\" \/><\/a><figcaption id=\"caption-attachment-24256\" class=\"wp-caption-text\">Concert de No\u00ebl 2014 <\/figcaption><\/figure>\n<p style=\"text-align: justify;\">Inscrite dans le cadre des festivit\u00e9s de fin d&rsquo;ann\u00e9e, en collaboration  avec la municipalit\u00e9 et avec la bienveillance du P\u00e8re Philippe BACHET  cur\u00e9 de la paroisse, cette manifestation culturelle devenue p\u00e9renne au  fil des ann\u00e9es attire tous les ans un nombreux public amateur de beaux  chants et de musique.<\/p>\n<p style=\"text-align: justify;\">Pour ce Concert, \u00ab\u00a0La Cl\u00e9 des Chants\u00a0\u00bb associe chaque ann\u00e9e une partie  musicale instrumentale, quintette \u00e0 cordes, pianistes, saxophoniste,  orgue ou encore Harmonie comme celle qui a anim\u00e9 la partie musicale du  concert de No\u00ebl 2012 et enthousiasm\u00e9 le public pr\u00e9sent.<br \/>\nPour cette 6\u00e9me \u00e9dition, \u00ab\u00a0La cl\u00e9 des Chants\u00a0\u00bb s&rsquo;est assur\u00e9 le concours d&rsquo;un trio de Harpistes le \u00ab\u00a0Trio DAGDA\u00a0\u00bb<br \/>\nCette prestation musicale est suffisamment rare pour \u00eatre signal\u00e9e, et  devrait susciter l&rsquo;int\u00e9r\u00eat de tous les amateurs de belles \u0153uvres  musicale interpr\u00e9t\u00e9es \u00e0 l&rsquo;aide de cet instrument particulier.<br \/>\nCette formation accompagnera la chorale dans la seconde partie de son  r\u00e9pertoire 2014 qui sera plus particuli\u00e8rement consacr\u00e9e aux chants de  No\u00ebl traditionnels afin de r\u00e9pondre \u00e0 une demande du public.<\/p>\n<p style=\"text-align: justify;\">\n<figure id=\"attachment_24257\" aria-describedby=\"caption-attachment-24257\" style=\"width: 300px\" class=\"wp-caption alignnone\"><a href=\"https:\/\/i0.wp.com\/www.o-p-i.fr\/parlonsen\/wp-content\/uploads\/lacledeschants_villebrumier.jpg?ssl=1\"><img data-recalc-dims=\"1\" loading=\"lazy\" decoding=\"async\" class=\"size-medium wp-image-24257\" title=\"La Cl\u00e9 des Chants - Villebrumier (82)\" src=\"https:\/\/i0.wp.com\/www.o-p-i.fr\/parlonsen\/wp-content\/uploads\/lacledeschants_villebrumier.jpg?resize=300%2C152&#038;ssl=1\" alt=\"La Cl\u00e9 des Chants - Villebrumier (82)\" width=\"300\" height=\"152\" srcset=\"https:\/\/i0.wp.com\/www.o-p-i.fr\/parlonsen\/wp-content\/uploads\/lacledeschants_villebrumier.jpg?resize=300%2C152&amp;ssl=1 300w, https:\/\/i0.wp.com\/www.o-p-i.fr\/parlonsen\/wp-content\/uploads\/lacledeschants_villebrumier.jpg?w=960&amp;ssl=1 960w\" sizes=\"auto, (max-width: 300px) 100vw, 300px\" \/><\/a><figcaption id=\"caption-attachment-24257\" class=\"wp-caption-text\">La Cl\u00e9 des Chants - Villebrumier (82)<\/figcaption><\/figure>\n<p style=\"text-align: justify;\"><strong>Tarifs : <\/strong><br \/>\nEntr\u00e9e : 10 \u20ac<br \/>\nGratuit pour les enfants de moins de 14 ans<\/p>\n<p style=\"text-align: justify;\">Afin de b\u00e9n\u00e9ficier d&rsquo;une place r\u00e9serv\u00e9e il est possible de le faire par  avance en s&rsquo;adressant \u00e0 :<br \/>\nChristian FAVIER\u00a0 ( Pr\u00e9sident)<br \/>\nT\u00e9l:  06.23.67.46.43<br \/>\nNicole ARNAUD\u00a0 (Secr\u00e9taire)<br \/>\nT\u00e9l:  06.46.31.14.94<\/p>\n<p style=\"text-align: justify;\"><strong>Contact : <\/strong><a title=\"Cliquez pour ouvrir la fiche dans l'annuaire\" href=\"https:\/\/www.o-p-i.fr\/aupays\/annuaire\/loisirs\/la-cle-des-chants\/\">La Cl\u00e9 des chants<\/a><\/p>\n<p style=\"text-align: justify;\"><em>Communiqu\u00e9 par Christian FAVIER<br \/>\n<\/em><\/p>\n","protected":false},"excerpt":{"rendered":"<div class=\"mh-excerpt\">Pour la sixi\u00e8me ann\u00e9e cons\u00e9cutive, la chorale Intercommunale \u00ab\u00a0La Cl\u00e9 des Chants\u00a0\u00bb donnera son Concert de No\u00ebl le Dimanche 21 D\u00e9cembre 2014 \u00e0 15h30 en l&rsquo;\u00e9glise de Villemur sur Tarn.<\/div>\n","protected":false},"author":2,"featured_media":0,"comment_status":"open","ping_status":"open","sticky":false,"template":"","format":"standard","meta":{"om_disable_all_campaigns":false,"advanced_seo_description":"","jetpack_seo_html_title":"","jetpack_seo_noindex":false,"_jetpack_memberships_contains_paid_content":false,"footnotes":"","_links_to":"","_links_to_target":""},"categories":[42,1,54,775,2174],"tags":[43,131,450,1949,3890],"class_list":{"0":"post-24218","1":"post","2":"type-post","3":"status-publish","4":"format-standard","6":"category-a-cote-de-chez-nous","7":"category-culture","8":"category-loisirs","9":"category-cest-noel","10":"category-n-105-decembre-2014","11":"tag-concert","12":"tag-noel","13":"tag-villemur-sur-tarn","14":"tag-la-cle-des-chants","15":"tag-chorales"},"jetpack_featured_media_url":"","views":{"total":0,"cached_at":"","cached_date":1738525671},"jetpack_likes_enabled":true,"jetpack_sharing_enabled":true,"jetpack_shortlink":"https:\/\/wp.me\/pg7Wxj-6iC","jetpack-related-posts":[],"_links":{"self":[{"href":"https:\/\/www.o-p-i.fr\/parlonsen\/wp-json\/wp\/v2\/posts\/24218","targetHints":{"allow":["GET"]}}],"collection":[{"href":"https:\/\/www.o-p-i.fr\/parlonsen\/wp-json\/wp\/v2\/posts"}],"about":[{"href":"https:\/\/www.o-p-i.fr\/parlonsen\/wp-json\/wp\/v2\/types\/post"}],"author":[{"embeddable":true,"href":"https:\/\/www.o-p-i.fr\/parlonsen\/wp-json\/wp\/v2\/users\/2"}],"replies":[{"embeddable":true,"href":"https:\/\/www.o-p-i.fr\/parlonsen\/wp-json\/wp\/v2\/comments?post=24218"}],"version-history":[{"count":1,"href":"https:\/\/www.o-p-i.fr\/parlonsen\/wp-json\/wp\/v2\/posts\/24218\/revisions"}],"predecessor-version":[{"id":67131,"href":"https:\/\/www.o-p-i.fr\/parlonsen\/wp-json\/wp\/v2\/posts\/24218\/revisions\/67131"}],"wp:attachment":[{"href":"https:\/\/www.o-p-i.fr\/parlonsen\/wp-json\/wp\/v2\/media?parent=24218"}],"wp:term":[{"taxonomy":"category","embeddable":true,"href":"https:\/\/www.o-p-i.fr\/parlonsen\/wp-json\/wp\/v2\/categories?post=24218"},{"taxonomy":"post_tag","embeddable":true,"href":"https:\/\/www.o-p-i.fr\/parlonsen\/wp-json\/wp\/v2\/tags?post=24218"}],"curies":[{"name":"wp","href":"https:\/\/api.w.org\/{rel}","templated":true}]}}