{"id":2427,"date":"2010-02-25T17:07:09","date_gmt":"2010-02-25T15:07:09","guid":{"rendered":"\/parlonsen\/?p=2427"},"modified":"2011-01-25T11:26:56","modified_gmt":"2011-01-25T09:26:56","slug":"loto-dejante-a-montgaillard","status":"publish","type":"post","link":"https:\/\/www.o-p-i.fr\/parlonsen\/localisation\/au-pays-des-tescous\/montgaillard\/loto-dejante-a-montgaillard\/","title":{"rendered":"Loto d\u00e9jant\u00e9 \u00e0 Montgaillard"},"content":{"rendered":"<p>Le samedi 6 mars \u00e0 21 heures, salle des F\u00eates de Montgaillard   LOTO TH\u00c9\u00c2TRAL par la\u00a0 COMPAGNIE DU TOC. <!--more--><\/p>\n<figure id=\"attachment_2428\" aria-describedby=\"caption-attachment-2428\" style=\"width: 312px\" class=\"wp-caption alignleft\"><img data-recalc-dims=\"1\" loading=\"lazy\" decoding=\"async\" class=\"size-full wp-image-2428\" title=\"Affiche Loto Th\u00e9\u00e2tral\" src=\"https:\/\/i0.wp.com\/www.o-p-i.fr\/parlonsen\/wp-content\/uploads\/toc_affiche.jpg?resize=312%2C441&#038;ssl=1\" alt=\"Affiche Loto Th\u00e9\u00e2tral\" width=\"312\" height=\"441\" srcset=\"https:\/\/i0.wp.com\/www.o-p-i.fr\/parlonsen\/wp-content\/uploads\/toc_affiche.jpg?w=400&amp;ssl=1 400w, https:\/\/i0.wp.com\/www.o-p-i.fr\/parlonsen\/wp-content\/uploads\/toc_affiche.jpg?resize=212%2C300&amp;ssl=1 212w\" sizes=\"auto, (max-width: 312px) 100vw, 312px\" \/><figcaption id=\"caption-attachment-2428\" class=\"wp-caption-text\">Affiche Loto Th\u00e9\u00e2tral<\/figcaption><\/figure>\n<p>Un faux loto, une vraie pi\u00e8ce de th\u00e9\u00e2tre, des vrais lots, des lots rigolos, une soir\u00e9e \u00e0  recommander  pour sortir de l\u2019hiver du bon pied et de bonne humeur.<\/p>\n<p>Venez rire,  parlez en \u00e0 vos amis, vous ne serez pas d\u00e9\u00e7us !<\/p>\n<p><em>Communiqu\u00e9 du collectif Place en F\u00eates<\/em><\/p>\n<p>Retrouvez toute l&rsquo;actualit\u00e9 de Place en f\u00eates sur <a title=\"Ouvre le blog P en F dans une nouvelle fen\u00eatre\" href=\"http:\/\/pefsalvagnac.canalblog.com\/\" target=\"_blank\">http:\/\/pefsalvagnac.canalblog.com\/<\/a><\/p>\n<p><a href=\"https:\/\/www.o-p-i.fr\/parlonsen\/agenda\/\"><strong>Retrouvez tous les \u00e9v\u00e8nements dans l&rsquo;agenda !<\/strong><\/a><\/p>\n","protected":false},"excerpt":{"rendered":"<div class=\"mh-excerpt\">Le samedi 6 mars \u00e0 21 heures, salle des F\u00eates de Montgaillard LOTO TH\u00c9\u00c2TRAL par la\u00a0 COMPAGNIE DU TOC.<\/div>\n","protected":false},"author":3,"featured_media":0,"comment_status":"open","ping_status":"open","sticky":false,"template":"","format":"standard","meta":{"om_disable_all_campaigns":false,"advanced_seo_description":"","jetpack_seo_html_title":"","jetpack_seo_noindex":false,"_jetpack_memberships_contains_paid_content":false,"footnotes":"","_links_to":"","_links_to_target":""},"categories":[308,54,31],"tags":[183,193,2554,343,2561,568,57,82,132],"class_list":{"0":"post-2427","1":"post","2":"type-post","3":"status-publish","4":"format-standard","6":"category-308","7":"category-loisirs","8":"category-montgaillard","9":"tag-places-en-fete","10":"tag-loto","11":"tag-montgaillard","12":"tag-compagnie-du-toc","13":"tag-loisirs","14":"tag-sortie","15":"tag-theatre","16":"tag-aines","17":"tag-spectacle"},"jetpack_featured_media_url":"","views":{"total":0,"cached_at":"","cached_date":1738526940},"jetpack_likes_enabled":true,"jetpack_sharing_enabled":true,"jetpack_shortlink":"https:\/\/wp.me\/pg7Wxj-D9","jetpack-related-posts":[],"_links":{"self":[{"href":"https:\/\/www.o-p-i.fr\/parlonsen\/wp-json\/wp\/v2\/posts\/2427","targetHints":{"allow":["GET"]}}],"collection":[{"href":"https:\/\/www.o-p-i.fr\/parlonsen\/wp-json\/wp\/v2\/posts"}],"about":[{"href":"https:\/\/www.o-p-i.fr\/parlonsen\/wp-json\/wp\/v2\/types\/post"}],"author":[{"embeddable":true,"href":"https:\/\/www.o-p-i.fr\/parlonsen\/wp-json\/wp\/v2\/users\/3"}],"replies":[{"embeddable":true,"href":"https:\/\/www.o-p-i.fr\/parlonsen\/wp-json\/wp\/v2\/comments?post=2427"}],"version-history":[{"count":0,"href":"https:\/\/www.o-p-i.fr\/parlonsen\/wp-json\/wp\/v2\/posts\/2427\/revisions"}],"wp:attachment":[{"href":"https:\/\/www.o-p-i.fr\/parlonsen\/wp-json\/wp\/v2\/media?parent=2427"}],"wp:term":[{"taxonomy":"category","embeddable":true,"href":"https:\/\/www.o-p-i.fr\/parlonsen\/wp-json\/wp\/v2\/categories?post=2427"},{"taxonomy":"post_tag","embeddable":true,"href":"https:\/\/www.o-p-i.fr\/parlonsen\/wp-json\/wp\/v2\/tags?post=2427"}],"curies":[{"name":"wp","href":"https:\/\/api.w.org\/{rel}","templated":true}]}}