{"id":24322,"date":"2014-12-12T12:44:13","date_gmt":"2014-12-12T10:44:13","guid":{"rendered":"\/parlonsen\/?p=24322"},"modified":"2014-12-10T23:54:49","modified_gmt":"2014-12-10T21:54:49","slug":"joyeux-anniversaire-pour-les-10-ans-des-rencontres-d%e2%80%99art-a-bruniquel-82","status":"publish","type":"post","link":"https:\/\/www.o-p-i.fr\/parlonsen\/parlons-en\/commerce\/joyeux-anniversaire-pour-les-10-ans-des-rencontres-d%e2%80%99art-a-bruniquel-82\/","title":{"rendered":"Joyeux anniversaire pour les 10 ans des Rencontres d\u2019art &#8230; \u00e0 Bruniquel (82)"},"content":{"rendered":"<p style=\"text-align: justify;\">Apr\u00e8s avoir referm\u00e9es les portes des ch\u00e2teaux, les membres de l\u2019association \u00ab les Rencontres d\u2019art \u00bb savouraient le plaisir de la r\u00e9ussite de la 10\u00e8me \u00e9dition des Rencontres d\u2019art.<!--more--><\/p>\n<figure id=\"attachment_24323\" aria-describedby=\"caption-attachment-24323\" style=\"width: 225px\" class=\"wp-caption alignright\"><a href=\"https:\/\/i0.wp.com\/www.o-p-i.fr\/parlonsen\/wp-content\/uploads\/mariethlecornue.jpg?ssl=1\"><img data-recalc-dims=\"1\" loading=\"lazy\" decoding=\"async\" class=\"size-medium wp-image-24323\" title=\"Marieth  Lecornue\" src=\"https:\/\/i0.wp.com\/www.o-p-i.fr\/parlonsen\/wp-content\/uploads\/mariethlecornue.jpg?resize=225%2C300&#038;ssl=1\" alt=\"Marieth  Lecornue\" width=\"225\" height=\"300\" srcset=\"https:\/\/i0.wp.com\/www.o-p-i.fr\/parlonsen\/wp-content\/uploads\/mariethlecornue.jpg?resize=225%2C300&amp;ssl=1 225w, https:\/\/i0.wp.com\/www.o-p-i.fr\/parlonsen\/wp-content\/uploads\/mariethlecornue.jpg?w=768&amp;ssl=1 768w\" sizes=\"auto, (max-width: 225px) 100vw, 225px\" \/><\/a><figcaption id=\"caption-attachment-24323\" class=\"wp-caption-text\">Marieth  Lecornue<\/figcaption><\/figure>\n<p style=\"text-align: justify;\">Grande satisfaction partag\u00e9e avec les exposants, les nombreux b\u00e9n\u00e9voles du village, le Maire qui ont \u0153uvr\u00e9 au succ\u00e8s de cet \u00e9v\u00e8nement culturel, au c\u0153ur de l\u2019hiver. Durant tout le week-end, les amoureux de l\u2019art et de l\u2019artisanat d\u2019art sont venus tr\u00e8s nombreux admirer les \u0153uvres des 18 cr\u00e9ateurs qui exposaient dans les deux ch\u00e2teaux. Toute la vitalit\u00e9 artistique et artisanale de Bruniquel et de ses environs est une nouvelle fois d\u00e9montr\u00e9e. Le public a tout particuli\u00e8rement appr\u00e9ci\u00e9 les installations de grandes \u0153uvres dans les ext\u00e9rieurs. L\u2019immense araign\u00e9e de Fernando Agostinho, les essaims de David Chevalier suspendus \u00e0 un arbre ou sur un mur, les c\u00e9ramiques de Coralie Seigneur dans le donjon, les banni\u00e8res tiss\u00e9es et color\u00e9es de Marieth Lecornu\u00e9 \u00e0 la porte d\u2019entr\u00e9e du ch\u00e2teau Vieux et bien d\u2019autres encore ont enjou\u00e9 le public. En familles, entre amis, chacun a eu beaucoup de plaisir \u00e0 d\u00e9ambuler entre toutes ces \u0153uvres diverses et parfois inattendues. La curiosit\u00e9 du public a \u00e9t\u00e9 combl\u00e9e par la d\u00e9couverte de nouveaux et talentueux exposants aux c\u00f4t\u00e9s de ceux bien connus de ces Rencontres d\u2019Art. La d\u00e9monstration de forge par Milan Gravier, forgeron\/coutelier, le dimanche matin a fascin\u00e9 petits et grands. .<br \/>\nL\u2019inauguration, en pr\u00e9sence des organisateurs, de Michel Montet, Maire de Bruniquel, Jean Cambon, Guy Astoul, Jean-Paul Albert Conseillers G\u00e9n\u00e9raux a \u00e9t\u00e9 l\u2019occasion de mesurer le chemin parcouru en dix ans pour d\u00e9ployer tant de richesse cr\u00e9ative dans les ch\u00e2teaux. Les excellents chants polyphoniques occitans de SONDOC suivis de l\u2019ap\u00e9ritif offert par la Municipalit\u00e9 ont fait une belle introduction \u00e0 cette manifestation culturelle devenue aujourd\u2019hui incontournable.<br \/>\nLe fameux vin chaud et un plat hivernal pr\u00e9par\u00e9s et servis par toute une \u00e9quipe de villageois  ont contribu\u00e9 \u00e0 cet esprit convivial qui se sent, se mesure des l\u2019entr\u00e9e dans les salles. Les visiteurs ont quitt\u00e9 les ch\u00e2teaux ravis de leurs rencontres, les bras charg\u00e9s de cadeaux originaux et de qualit\u00e9 \u00e0 d\u00e9poser au pied du sapin de No\u00ebl !<\/p>\n<p style=\"text-align: justify;\"><em>Communiqu\u00e9 par Robert Linas<\/em><\/p>\n","protected":false},"excerpt":{"rendered":"<div class=\"mh-excerpt\">Apr\u00e8s avoir referm\u00e9es les portes des ch\u00e2teaux, les membres de l\u2019association \u00ab les Rencontres d\u2019art \u00bb savouraient le plaisir de la r\u00e9ussite de la 10\u00e8me \u00e9dition des Rencontres d\u2019art.<\/div>\n","protected":false},"author":2,"featured_media":0,"comment_status":"open","ping_status":"open","sticky":false,"template":"","format":"standard","meta":{"om_disable_all_campaigns":false,"advanced_seo_description":"","jetpack_seo_html_title":"","jetpack_seo_noindex":false,"_jetpack_memberships_contains_paid_content":false,"footnotes":"","_links_to":"","_links_to_target":""},"categories":[51,4,42,54],"tags":[171,200],"class_list":{"0":"post-24322","1":"post","2":"type-post","3":"status-publish","4":"format-standard","6":"category-artisanat","7":"category-commerce","8":"category-a-cote-de-chez-nous","9":"category-loisirs","10":"tag-bruniquel","11":"tag-art"},"jetpack_featured_media_url":"","views":{"total":3,"cached_at":"","cached_date":1738501729},"jetpack_likes_enabled":true,"jetpack_sharing_enabled":true,"jetpack_shortlink":"https:\/\/wp.me\/pg7Wxj-6ki","jetpack-related-posts":[],"_links":{"self":[{"href":"https:\/\/www.o-p-i.fr\/parlonsen\/wp-json\/wp\/v2\/posts\/24322","targetHints":{"allow":["GET"]}}],"collection":[{"href":"https:\/\/www.o-p-i.fr\/parlonsen\/wp-json\/wp\/v2\/posts"}],"about":[{"href":"https:\/\/www.o-p-i.fr\/parlonsen\/wp-json\/wp\/v2\/types\/post"}],"author":[{"embeddable":true,"href":"https:\/\/www.o-p-i.fr\/parlonsen\/wp-json\/wp\/v2\/users\/2"}],"replies":[{"embeddable":true,"href":"https:\/\/www.o-p-i.fr\/parlonsen\/wp-json\/wp\/v2\/comments?post=24322"}],"version-history":[{"count":0,"href":"https:\/\/www.o-p-i.fr\/parlonsen\/wp-json\/wp\/v2\/posts\/24322\/revisions"}],"wp:attachment":[{"href":"https:\/\/www.o-p-i.fr\/parlonsen\/wp-json\/wp\/v2\/media?parent=24322"}],"wp:term":[{"taxonomy":"category","embeddable":true,"href":"https:\/\/www.o-p-i.fr\/parlonsen\/wp-json\/wp\/v2\/categories?post=24322"},{"taxonomy":"post_tag","embeddable":true,"href":"https:\/\/www.o-p-i.fr\/parlonsen\/wp-json\/wp\/v2\/tags?post=24322"}],"curies":[{"name":"wp","href":"https:\/\/api.w.org\/{rel}","templated":true}]}}