{"id":2434,"date":"2010-02-25T17:20:19","date_gmt":"2010-02-25T15:20:19","guid":{"rendered":"\/parlonsen\/?p=2434"},"modified":"2010-02-28T22:42:12","modified_gmt":"2010-02-28T20:42:12","slug":"jeu-de-piste-a-salvagnac","status":"publish","type":"post","link":"https:\/\/www.o-p-i.fr\/parlonsen\/localisation\/au-pays-des-tescous\/salvagnac\/jeu-de-piste-a-salvagnac\/","title":{"rendered":"Jeu de piste \u00e0 Salvagnac"},"content":{"rendered":"<p>Le samedi 6 mars, \u00e0 partir de 15H00, GRAND RALLYE P\u00c9DESTRE dans Salvagnac !<!--more--><br \/>\nPour tous ceux qui n&rsquo;ont pas particip\u00e9 au rallye de juillet dernier, venez d\u00e9couvrir Salvagnac en couple, en famille, entre amis !<br \/>\nCe jeu, d&rsquo;une dur\u00e9e de 2 heures, mettra \u00e0 contribution votre sens de l&rsquo;observation, votre adresse et votre ing\u00e9niosit\u00e9.<br \/>\nVenez nombreux passer un bon moment !<br \/>\nRendez-vous \u00e0 15h00 sur les All\u00e9es Jean Jaur\u00e8s.<\/p>\n<p><em><img data-recalc-dims=\"1\" loading=\"lazy\" decoding=\"async\" class=\"alignleft size-full wp-image-2435\" title=\"Logo Place en F\u00eate\" src=\"https:\/\/i0.wp.com\/www.o-p-i.fr\/parlonsen\/wp-content\/uploads\/logo_pef.jpg?resize=71%2C71&#038;ssl=1\" alt=\"Logo Place en F\u00eate\" width=\"71\" height=\"71\" \/>Communiqu\u00e9 du collectif Place en F\u00eates<\/em><\/p>\n<p>Retrouvez toute l\u2019actualit\u00e9 de Place en f\u00eates sur <a title=\"Ouvre le blog P en F dans une nouvelle fen\u00eatre\" href=\"http:\/\/pefsalvagnac.canalblog.com\/\" target=\"_blank\">http:\/\/pefsalvagnac.canalblog.com\/<\/a><\/p>\n<p><a href=\"https:\/\/www.o-p-i.fr\/parlonsen\/agenda\/\"><strong>Retrouvez tous les \u00e9v\u00e8nements dans l\u2019agenda !<\/strong><\/a><\/p>\n","protected":false},"excerpt":{"rendered":"<div class=\"mh-excerpt\">Le samedi 6 mars, \u00e0 partir de 15H00, GRAND RALLYE P\u00c9DESTRE dans Salvagnac !<\/div>\n","protected":false},"author":3,"featured_media":0,"comment_status":"open","ping_status":"open","sticky":false,"template":"","format":"standard","meta":{"om_disable_all_campaigns":false,"advanced_seo_description":"","jetpack_seo_html_title":"","jetpack_seo_noindex":false,"_jetpack_memberships_contains_paid_content":false,"footnotes":"","_links_to":"","_links_to_target":""},"categories":[308,54,25],"tags":[70,183,2548],"class_list":{"0":"post-2434","1":"post","2":"type-post","3":"status-publish","4":"format-standard","6":"category-308","7":"category-loisirs","8":"category-salvagnac","9":"tag-rallye","10":"tag-places-en-fete","11":"tag-salvagnac"},"jetpack_featured_media_url":"","views":{"total":0,"cached_at":"","cached_date":1738514754},"jetpack_likes_enabled":true,"jetpack_sharing_enabled":true,"jetpack_shortlink":"https:\/\/wp.me\/pg7Wxj-Dg","jetpack-related-posts":[],"_links":{"self":[{"href":"https:\/\/www.o-p-i.fr\/parlonsen\/wp-json\/wp\/v2\/posts\/2434","targetHints":{"allow":["GET"]}}],"collection":[{"href":"https:\/\/www.o-p-i.fr\/parlonsen\/wp-json\/wp\/v2\/posts"}],"about":[{"href":"https:\/\/www.o-p-i.fr\/parlonsen\/wp-json\/wp\/v2\/types\/post"}],"author":[{"embeddable":true,"href":"https:\/\/www.o-p-i.fr\/parlonsen\/wp-json\/wp\/v2\/users\/3"}],"replies":[{"embeddable":true,"href":"https:\/\/www.o-p-i.fr\/parlonsen\/wp-json\/wp\/v2\/comments?post=2434"}],"version-history":[{"count":0,"href":"https:\/\/www.o-p-i.fr\/parlonsen\/wp-json\/wp\/v2\/posts\/2434\/revisions"}],"wp:attachment":[{"href":"https:\/\/www.o-p-i.fr\/parlonsen\/wp-json\/wp\/v2\/media?parent=2434"}],"wp:term":[{"taxonomy":"category","embeddable":true,"href":"https:\/\/www.o-p-i.fr\/parlonsen\/wp-json\/wp\/v2\/categories?post=2434"},{"taxonomy":"post_tag","embeddable":true,"href":"https:\/\/www.o-p-i.fr\/parlonsen\/wp-json\/wp\/v2\/tags?post=2434"}],"curies":[{"name":"wp","href":"https:\/\/api.w.org\/{rel}","templated":true}]}}