{"id":24408,"date":"2014-12-18T18:11:09","date_gmt":"2014-12-18T16:11:09","guid":{"rendered":"\/parlonsen\/?p=24408"},"modified":"2014-12-18T18:11:09","modified_gmt":"2014-12-18T16:11:09","slug":"bal-occitan-et-reveillon-partage-a-monclar-de-quercy-82","status":"publish","type":"post","link":"https:\/\/www.o-p-i.fr\/parlonsen\/localisation\/au-pays-des-tescous\/monclar\/bal-occitan-et-reveillon-partage-a-monclar-de-quercy-82\/","title":{"rendered":"Bal occitan et R\u00e9veillon partage &#8230; \u00e0 Monclar de Quercy (82)"},"content":{"rendered":"<p>Le R\u00e9veil occitan de Tarn et Garonne organise le 12i\u00e8me bal occitan et r\u00e9veillon partage pour la nuit de la Saint Sylvestre, <strong>Mercredi 31 D\u00e9cembre 2014<\/strong>, \u00e0 la salle des f\u00eates du groupe scolaire, boulevard des \u00e9coles.<!--more--><\/p>\n<figure id=\"attachment_24409\" aria-describedby=\"caption-attachment-24409\" style=\"width: 300px\" class=\"wp-caption alignright\"><a href=\"https:\/\/i0.wp.com\/www.o-p-i.fr\/parlonsen\/wp-content\/uploads\/reveillonmonclar.jpg?ssl=1\"><img data-recalc-dims=\"1\" loading=\"lazy\" decoding=\"async\" class=\"size-medium wp-image-24409\" title=\"Bal Trad et R\u00e9veillon partage \u00e0 Monclar de Quercy (82)\" src=\"https:\/\/i0.wp.com\/www.o-p-i.fr\/parlonsen\/wp-content\/uploads\/reveillonmonclar.jpg?resize=300%2C200&#038;ssl=1\" alt=\"Bal Trad et R\u00e9veillon partage \u00e0 Monclar de Quercy (82)\" width=\"300\" height=\"200\" srcset=\"https:\/\/i0.wp.com\/www.o-p-i.fr\/parlonsen\/wp-content\/uploads\/reveillonmonclar.jpg?resize=300%2C200&amp;ssl=1 300w, https:\/\/i0.wp.com\/www.o-p-i.fr\/parlonsen\/wp-content\/uploads\/reveillonmonclar.jpg?w=1024&amp;ssl=1 1024w\" sizes=\"auto, (max-width: 300px) 100vw, 300px\" \/><\/a><figcaption id=\"caption-attachment-24409\" class=\"wp-caption-text\">Bal Trad et R\u00e9veillon partage \u00e0 Monclar de Quercy (82)<\/figcaption><\/figure>\n<p>Bal Trad Occitan d\u00e8s 21 h avec les musiciens de \u00ab S\u00e8m d\u2019aici \u00bb<\/p>\n<p>Il est demand\u00e9 aux participants de porter un plat sucr\u00e9 ou sal\u00e9 qui sera mis en commun lors du repas du r\u00e9veillon (\u00e0 d\u00e9terminer lors de l\u2019inscription).<\/p>\n<p>Champagne, ap\u00e9ritifs et boissons sont offerts par le \u00ab R\u00e9veil Occitan \u00bb<\/p>\n<p><strong>Tarifs :<\/strong><br \/>\n20\u20ac\/personne<\/p>\n<p>R\u00e9servation au plus t\u00f4t\u00a0 !<\/p>\n<p><strong>Contact :<\/strong><br \/>\nT\u00e9l. :\u00a0 05.63.66.15.94 (Line) ou\u00a0 05 63 30 97 39\u00a0 (Jeannine)<br \/>\nCourriel :  <a href=\"mailto:rene.astorg@orange.fr\">rene.astorg@orange.fr<\/a><\/p>\n<p><em>Communiqu\u00e9 et photo : Robert Linas<\/em><\/p>\n<p><a href=\"https:\/\/www.o-p-i.fr\/parlonsen\/agenda\/\"><strong>Retrouvez tous les \u00e9v\u00e9nements dans l&rsquo;agenda !<\/strong><\/a><\/p>\n","protected":false},"excerpt":{"rendered":"<div class=\"mh-excerpt\">Le R\u00e9veil occitan de Tarn et Garonne organise le 12i\u00e8me bal occitan et r\u00e9veillon partage pour la nuit de la Saint Sylvestre, Mercredi 31 D\u00e9cembre 2014, \u00e0 la salle des f\u00eates du groupe scolaire, boulevard <a class=\"mh-excerpt-more\" href=\"https:\/\/www.o-p-i.fr\/parlonsen\/localisation\/au-pays-des-tescous\/monclar\/bal-occitan-et-reveillon-partage-a-monclar-de-quercy-82\/\" title=\"Bal occitan et R\u00e9veillon partage &#8230; \u00e0 Monclar de Quercy (82)\">[&#8230;]<\/a><\/div>\n","protected":false},"author":2,"featured_media":0,"comment_status":"open","ping_status":"open","sticky":false,"template":"","format":"standard","meta":{"om_disable_all_campaigns":false,"advanced_seo_description":"","jetpack_seo_html_title":"","jetpack_seo_noindex":false,"_jetpack_memberships_contains_paid_content":false,"footnotes":"","_links_to":"","_links_to_target":""},"categories":[16,54,2174],"tags":[1706,62,133,143,156,157,176,2567,838],"class_list":{"0":"post-24408","1":"post","2":"type-post","3":"status-publish","4":"format-standard","6":"category-monclar","7":"category-loisirs","8":"category-n-105-decembre-2014","9":"tag-bal-traditionnel","10":"tag-occitan","11":"tag-occitanie","12":"tag-monclar-de-quercy","13":"tag-bal","14":"tag-repas","15":"tag-reveillon","16":"tag-saint-sylvestre","17":"tag-reveil-occitan"},"jetpack_featured_media_url":"","views":{"total":1,"cached_at":"","cached_date":1738491190},"jetpack_likes_enabled":true,"jetpack_sharing_enabled":true,"jetpack_shortlink":"https:\/\/wp.me\/pg7Wxj-6lG","jetpack-related-posts":[],"_links":{"self":[{"href":"https:\/\/www.o-p-i.fr\/parlonsen\/wp-json\/wp\/v2\/posts\/24408","targetHints":{"allow":["GET"]}}],"collection":[{"href":"https:\/\/www.o-p-i.fr\/parlonsen\/wp-json\/wp\/v2\/posts"}],"about":[{"href":"https:\/\/www.o-p-i.fr\/parlonsen\/wp-json\/wp\/v2\/types\/post"}],"author":[{"embeddable":true,"href":"https:\/\/www.o-p-i.fr\/parlonsen\/wp-json\/wp\/v2\/users\/2"}],"replies":[{"embeddable":true,"href":"https:\/\/www.o-p-i.fr\/parlonsen\/wp-json\/wp\/v2\/comments?post=24408"}],"version-history":[{"count":0,"href":"https:\/\/www.o-p-i.fr\/parlonsen\/wp-json\/wp\/v2\/posts\/24408\/revisions"}],"wp:attachment":[{"href":"https:\/\/www.o-p-i.fr\/parlonsen\/wp-json\/wp\/v2\/media?parent=24408"}],"wp:term":[{"taxonomy":"category","embeddable":true,"href":"https:\/\/www.o-p-i.fr\/parlonsen\/wp-json\/wp\/v2\/categories?post=24408"},{"taxonomy":"post_tag","embeddable":true,"href":"https:\/\/www.o-p-i.fr\/parlonsen\/wp-json\/wp\/v2\/tags?post=24408"}],"curies":[{"name":"wp","href":"https:\/\/api.w.org\/{rel}","templated":true}]}}