{"id":24421,"date":"2014-12-22T21:45:53","date_gmt":"2014-12-22T19:45:53","guid":{"rendered":"\/parlonsen\/?p=24421"},"modified":"2014-12-22T22:41:58","modified_gmt":"2014-12-22T20:41:58","slug":"the-dansant-retro-a-monclar-de-quercy-82","status":"publish","type":"post","link":"https:\/\/www.o-p-i.fr\/parlonsen\/localisation\/au-pays-des-tescous\/monclar\/the-dansant-retro-a-monclar-de-quercy-82\/","title":{"rendered":"Th\u00e9 dansant r\u00e9tro &#8230; \u00e0 Monclar de Quercy (82)"},"content":{"rendered":"<p>Techny Sono organise un th\u00e9 dansant le <strong>Dimanche 18 Janvier 2015<\/strong>, salle du Groupe Scolaire.<!--more--><\/p>\n<p>Venez retrouver les airs de Tangos, Passo, Valses, Bachata, Milonga, Salsa, Rock\u2019n\u2019roll, Bolero, etc.<\/p>\n<p><strong>Tarifs :<\/strong><br \/>\n7 \u20ac\/personne<\/p>\n<p><strong> Organisateur : <\/strong>TECHNY-SONO<\/p>\n<p><strong> Contact  : <\/strong>M. LEGRAND<br \/>\n17 Les Terrasses du Lac<br \/>\n82230 MONCLAR DE QUERCY<\/p>\n<p><em>Information communiqu\u00e9e par l&rsquo;organisateur de la manifestation <\/em><\/p>\n","protected":false},"excerpt":{"rendered":"<div class=\"mh-excerpt\">Techny Sono organise un th\u00e9 dansant le Dimanche 18 Janvier 2015, salle du Groupe Scolaire.<\/div>\n","protected":false},"author":2,"featured_media":0,"comment_status":"open","ping_status":"open","sticky":false,"template":"","format":"standard","meta":{"om_disable_all_campaigns":false,"advanced_seo_description":"","jetpack_seo_html_title":"","jetpack_seo_noindex":false,"_jetpack_memberships_contains_paid_content":false,"footnotes":"","_links_to":"","_links_to_target":""},"categories":[16,54,2175],"tags":[80,82,143],"class_list":{"0":"post-24421","1":"post","2":"type-post","3":"status-publish","4":"format-standard","6":"category-monclar","7":"category-loisirs","8":"category-n-106-janvier-2015","9":"tag-the-dansant","10":"tag-aines","11":"tag-monclar-de-quercy"},"jetpack_featured_media_url":"","views":{"total":0,"cached_at":"","cached_date":1738367268},"jetpack_likes_enabled":true,"jetpack_sharing_enabled":true,"jetpack_shortlink":"https:\/\/wp.me\/pg7Wxj-6lT","jetpack-related-posts":[],"_links":{"self":[{"href":"https:\/\/www.o-p-i.fr\/parlonsen\/wp-json\/wp\/v2\/posts\/24421","targetHints":{"allow":["GET"]}}],"collection":[{"href":"https:\/\/www.o-p-i.fr\/parlonsen\/wp-json\/wp\/v2\/posts"}],"about":[{"href":"https:\/\/www.o-p-i.fr\/parlonsen\/wp-json\/wp\/v2\/types\/post"}],"author":[{"embeddable":true,"href":"https:\/\/www.o-p-i.fr\/parlonsen\/wp-json\/wp\/v2\/users\/2"}],"replies":[{"embeddable":true,"href":"https:\/\/www.o-p-i.fr\/parlonsen\/wp-json\/wp\/v2\/comments?post=24421"}],"version-history":[{"count":0,"href":"https:\/\/www.o-p-i.fr\/parlonsen\/wp-json\/wp\/v2\/posts\/24421\/revisions"}],"wp:attachment":[{"href":"https:\/\/www.o-p-i.fr\/parlonsen\/wp-json\/wp\/v2\/media?parent=24421"}],"wp:term":[{"taxonomy":"category","embeddable":true,"href":"https:\/\/www.o-p-i.fr\/parlonsen\/wp-json\/wp\/v2\/categories?post=24421"},{"taxonomy":"post_tag","embeddable":true,"href":"https:\/\/www.o-p-i.fr\/parlonsen\/wp-json\/wp\/v2\/tags?post=24421"}],"curies":[{"name":"wp","href":"https:\/\/api.w.org\/{rel}","templated":true}]}}