{"id":24520,"date":"2015-01-08T00:02:14","date_gmt":"2015-01-07T22:02:14","guid":{"rendered":"\/parlonsen\/?p=24520"},"modified":"2015-01-15T20:01:39","modified_gmt":"2015-01-15T18:01:39","slug":"adhoc-quartet-en-concert-a-montricoux-82","status":"publish","type":"post","link":"https:\/\/www.o-p-i.fr\/parlonsen\/parlons-en\/culture\/adhoc-quartet-en-concert-a-montricoux-82\/","title":{"rendered":"Adhoc Quartet en concert &#8230; \u00e0 Montricoux (82)"},"content":{"rendered":"<p>Concert avec le Adhoc 4tet le <strong>samedi 17 janvier 2015 <\/strong>\u00e0 17h \u00e0 la M\u00e9diath\u00e8que de Montricoux. <!--more--><\/p>\n<p style=\"text-align: justify;\">\n<figure id=\"attachment_24521\" aria-describedby=\"caption-attachment-24521\" style=\"width: 209px\" class=\"wp-caption alignright\"><a href=\"https:\/\/i0.wp.com\/www.o-p-i.fr\/parlonsen\/wp-content\/uploads\/adhocphoto1.jpg?ssl=1\"><img data-recalc-dims=\"1\" loading=\"lazy\" decoding=\"async\" class=\"size-medium wp-image-24521\" title=\"AdHoc quartet, le quartet de jazz\" src=\"https:\/\/i0.wp.com\/www.o-p-i.fr\/parlonsen\/wp-content\/uploads\/adhocphoto1.jpg?resize=209%2C300&#038;ssl=1\" alt=\"AdHoc quartet, le quartet de jazz\" width=\"209\" height=\"300\" srcset=\"https:\/\/i0.wp.com\/www.o-p-i.fr\/parlonsen\/wp-content\/uploads\/adhocphoto1.jpg?resize=209%2C300&amp;ssl=1 209w, https:\/\/i0.wp.com\/www.o-p-i.fr\/parlonsen\/wp-content\/uploads\/adhocphoto1.jpg?w=400&amp;ssl=1 400w\" sizes=\"auto, (max-width: 209px) 100vw, 209px\" \/><\/a><figcaption id=\"caption-attachment-24521\" class=\"wp-caption-text\">AdHoc quartet, le quartet de jazz<\/figcaption><\/figure>\n<p style=\"text-align: justify;\">Au programme :<br \/>\n<strong>16h : Vernissage de l&rsquo;artiste peintre Jacques Trouv\u00e9<\/strong><br \/>\nJ&rsquo;ai dessin\u00e9 et peint \u00ab\u00a0les gens\u00a0\u00bb de La pluie d&rsquo;\u00e9t\u00e9, roman de Marguerite Duras.<br \/>\nJ&rsquo;ai donn\u00e9 un visage \u00e0 la m\u00e8re, natacha, Ginetta&#8230; au p\u00e8re, \u00c9milio, \u00e0 Jeanne et Ernesto, les ain\u00e9s et aux Brothers and Sisters.<br \/>\ndes portraits de 105 x 160cm, au fusain et \u00e0 l&rsquo;acrylique, toujours sur du carton d&#8217;emballage mais fa\u00e7on \u00ab\u00a0portraits de cour\u00a0\u00bb pour en faire, comme MD, des reines et des rois.<br \/>\nLes titres de chaque portrait sont des phrases emprunt\u00e9es \u00e0 son texte.<br \/>\nIls seront expos\u00e9s du 17 janvier au 7 mars au Centre Culturel du Sacr\u00e9 C\u0153ur \u00e0 Montricoux dans le Tarn et Garonne<\/p>\n<p><strong>17h : Concert jazz avec Adhoc Quartet<\/strong><br \/>\nCes quatre gar\u00e7ons dans le vent exp\u00e9rimentent leur compagnonnage musical sur les territoires du jazz, en proposant une relecture personnelle de th\u00e8mes qui embrassent une grande page de l\u2019histoire du jazz.<\/p>\n<p style=\"text-align: justify;\">Les quatre musiciens cherchent \u00e0 m\u00ealer la sonorit\u00e9 des peaux, des cordes ou des anches en mode acoustique, afin de cr\u00e9er un son collectif : l\u2019\u00e2me du quartet.<\/p>\n<p>Dirk Vogeler (saxophones)<br \/>\nThomas Faugeras (piano)<br \/>\nLaurent DC (contrebasse)<br \/>\nJean-Marc Jouany (batterie)<\/p>\n<p><strong>En savoir +<\/strong><br \/>\n<a title=\"Ouvre le site dans une nouvelle fen\u00eatre\" href=\"http:\/\/www.adhocquartet.fr\/\" target=\"_blank\">http:\/\/www.adhocquartet.fr\/<\/a><\/p>\n<p><em>Communiqu\u00e9 de Dirk Vogeler <\/em><\/p>\n","protected":false},"excerpt":{"rendered":"<div class=\"mh-excerpt\">Concert avec le Adhoc 4tet le samedi 17 janvier 2015 \u00e0 17h \u00e0 la M\u00e9diath\u00e8que de Montricoux.<\/div>\n","protected":false},"author":2,"featured_media":0,"comment_status":"open","ping_status":"open","sticky":false,"template":"","format":"standard","meta":{"om_disable_all_campaigns":false,"advanced_seo_description":"","jetpack_seo_html_title":"","jetpack_seo_noindex":false,"_jetpack_memberships_contains_paid_content":false,"footnotes":"","_links_to":"","_links_to_target":""},"categories":[42,1,54,2175],"tags":[43,538,1689],"class_list":{"0":"post-24520","1":"post","2":"type-post","3":"status-publish","4":"format-standard","6":"category-a-cote-de-chez-nous","7":"category-culture","8":"category-loisirs","9":"category-n-106-janvier-2015","10":"tag-concert","11":"tag-montricoux","12":"tag-vernissage-expo"},"jetpack_featured_media_url":"","views":{"total":0,"cached_at":"","cached_date":1738346445},"jetpack_likes_enabled":true,"jetpack_sharing_enabled":true,"jetpack_shortlink":"https:\/\/wp.me\/pg7Wxj-6nu","jetpack-related-posts":[],"_links":{"self":[{"href":"https:\/\/www.o-p-i.fr\/parlonsen\/wp-json\/wp\/v2\/posts\/24520","targetHints":{"allow":["GET"]}}],"collection":[{"href":"https:\/\/www.o-p-i.fr\/parlonsen\/wp-json\/wp\/v2\/posts"}],"about":[{"href":"https:\/\/www.o-p-i.fr\/parlonsen\/wp-json\/wp\/v2\/types\/post"}],"author":[{"embeddable":true,"href":"https:\/\/www.o-p-i.fr\/parlonsen\/wp-json\/wp\/v2\/users\/2"}],"replies":[{"embeddable":true,"href":"https:\/\/www.o-p-i.fr\/parlonsen\/wp-json\/wp\/v2\/comments?post=24520"}],"version-history":[{"count":0,"href":"https:\/\/www.o-p-i.fr\/parlonsen\/wp-json\/wp\/v2\/posts\/24520\/revisions"}],"wp:attachment":[{"href":"https:\/\/www.o-p-i.fr\/parlonsen\/wp-json\/wp\/v2\/media?parent=24520"}],"wp:term":[{"taxonomy":"category","embeddable":true,"href":"https:\/\/www.o-p-i.fr\/parlonsen\/wp-json\/wp\/v2\/categories?post=24520"},{"taxonomy":"post_tag","embeddable":true,"href":"https:\/\/www.o-p-i.fr\/parlonsen\/wp-json\/wp\/v2\/tags?post=24520"}],"curies":[{"name":"wp","href":"https:\/\/api.w.org\/{rel}","templated":true}]}}