{"id":24539,"date":"2015-01-08T17:41:13","date_gmt":"2015-01-08T15:41:13","guid":{"rendered":"\/parlonsen\/?p=24539"},"modified":"2015-01-08T17:41:13","modified_gmt":"2015-01-08T15:41:13","slug":"l%e2%80%99agenda-de-la-semaine-a-negrepelisse-82-20","status":"publish","type":"post","link":"https:\/\/www.o-p-i.fr\/parlonsen\/parlons-en\/culture\/l%e2%80%99agenda-de-la-semaine-a-negrepelisse-82-20\/","title":{"rendered":"L\u2019agenda de la semaine &#8230; \u00e0 N\u00e8grepelisse (82)"},"content":{"rendered":"<p style=\"text-align: justify;\">Cin\u00e9, rencontre, expositions, voici l\u2019agenda <strong>du 8 au 18 Janvier 2015<\/strong>. <!--more--><\/p>\n<p style=\"text-align: justify;\"><a href=\"https:\/\/i0.wp.com\/www.o-p-i.fr\/parlonsen\/wp-content\/uploads\/negrepelisse_neige.jpg?ssl=1\"><img data-recalc-dims=\"1\" loading=\"lazy\" decoding=\"async\" class=\"aligncenter size-large wp-image-24540\" title=\"N\u00e8grepelisse sous la neige.\" src=\"https:\/\/i0.wp.com\/www.o-p-i.fr\/parlonsen\/wp-content\/uploads\/negrepelisse_neige.jpg?resize=1024%2C263&#038;ssl=1\" alt=\"N\u00e8grepelisse sous la neige.\" width=\"1024\" height=\"263\" srcset=\"https:\/\/i0.wp.com\/www.o-p-i.fr\/parlonsen\/wp-content\/uploads\/negrepelisse_neige.jpg?resize=1024%2C263&amp;ssl=1 1024w, https:\/\/i0.wp.com\/www.o-p-i.fr\/parlonsen\/wp-content\/uploads\/negrepelisse_neige.jpg?resize=300%2C77&amp;ssl=1 300w, https:\/\/i0.wp.com\/www.o-p-i.fr\/parlonsen\/wp-content\/uploads\/negrepelisse_neige.jpg?w=1028&amp;ssl=1 1028w\" sizes=\"auto, (max-width: 1000px) 100vw, 1000px\" \/><\/a><\/p>\n<ul style=\"text-align: justify;\">\n<li><strong>Jeudi 8 janvier<\/strong><\/li>\n<\/ul>\n<p style=\"text-align: justify;\">C\u00e9r\u00e9monie des v\u0153ux donn\u00e9e en l\u2019honneur des employ\u00e9s municipaux de N\u00e8grepelisse \u00e0 la salle des f\u00eates \u00e0 18h30. Un vin d\u2019honneur sera offert par la municipalit\u00e9.<\/p>\n<ul style=\"text-align: justify;\">\n<li><strong>Jeudi 8 janvier<\/strong><\/li>\n<\/ul>\n<p style=\"text-align: justify;\">PLACE DE LA PALABRE \u00e0 20h30 \u00e0 la M\u00e9diath\u00e8que de N\u00e8grepelisse. \u00ab Place de la Palabre \u00bb : un genre de cin\u00e9\/caf\u00e9-d\u00e9bat\/philo&#8230; Rendez-vous chaque 1er jeudi du mois \u00e0 20h30. En toute convivialit\u00e9 (entendre par l\u00e0 l&rsquo;origine du mot : \u00ab cum \u00bb avec et \u00ab vivere \u00bb vivre!), ces soir\u00e9es se d\u00e9roulent en 2 temps : la projection d&rsquo;un documentaire, \u00e0 l&rsquo;issue duquel un d\u00e9bat ouvert et anim\u00e9 par un intervenant. Les th\u00e9matiques abord\u00e9es sont des sujets d&rsquo;actualit\u00e9 sur les initiatives citoyennes qui se dessinent face \u00e0 l&rsquo;inqui\u00e9tude g\u00e9n\u00e9rale entra\u00een\u00e9e par les crises et les d\u00e9rives dont souffrent notre soci\u00e9t\u00e9 et notre d\u00e9mocratie.<\/p>\n<ul style=\"text-align: justify;\">\n<li><strong>Vendredi 9 janvier<\/strong><\/li>\n<\/ul>\n<p style=\"text-align: justify;\">Merci T\u00e9l\u00e9thon, c\u00e9r\u00e9monie des v\u0153ux donn\u00e9e en l\u2019honneur des associations de N\u00e8grepelisse et remise des r\u00e9compenses aux meilleurs sportifs de l\u2019ann\u00e9e, \u00e0 la salle des f\u00eates \u00e0 18h30. Un vin d\u2019honneur sera offert par la municipalit\u00e9.<\/p>\n<ul style=\"text-align: justify;\">\n<li><strong>Vendredi 9 janvier<\/strong><\/li>\n<\/ul>\n<p style=\"text-align: justify;\">V\u0153ux de la municipalit\u00e9 aux \u00e9tablissements de sant\u00e9 de N\u00e8grepelisse \u00e0 partir de 13 heures \u00e0 l\u2019EHPAD Eug\u00e8ne Aujaleu, puis \u00e0 l\u2019h\u00f4pital et \u00e0 la MAS les Capucines.<\/p>\n<ul style=\"text-align: justify;\">\n<li><strong>Samedi 10 janvier<\/strong><\/li>\n<\/ul>\n<p style=\"text-align: justify;\">Atelier de cuisine Adulte \u00ab Le g\u00e2teau d\u2019anniversaire de France de la Famille au Ch\u00e2teau \u00bb de 16h30 \u2013 19h. Le \u00ab Jeu de 7 familles \u00bb con\u00e7u par le collectif Bruit du frigo propose de d\u00e9couvrir sous un nouvel angle les identit\u00e9s et les personnalit\u00e9s du territoire. Aux Fourneaux de La cuisine les adultes sont invit\u00e9s \u00e0 r\u00e9aliser des recettes en lien avec les diff\u00e9rentes familles. Ils pourront ensuite mettre en sc\u00e8ne leurs cr\u00e9ations culinaires dans une photographie qui sera mise en ligne sur le site Internet de La cuisine.<\/p>\n<p style=\"text-align: justify;\">Sur r\u00e9servation \/ Atelier adulte \/ 8 places \/ 15\u20ac par personne<\/p>\n<ul style=\"text-align: justify;\">\n<li><strong>Samedi 10 janvier<\/strong><\/li>\n<\/ul>\n<p style=\"text-align: justify;\">Galette des Rois au Jardin d\u2019\u00c9veil \u00e0 10 heures<\/p>\n<ul style=\"text-align: justify;\">\n<li><strong>Samedi 10 janvier<\/strong><\/li>\n<\/ul>\n<p style=\"text-align: justify;\">Assembl\u00e9e G\u00e9n\u00e9rale de l\u2019association MEGA Kayak \u00e0 16 heures, salle 22<\/p>\n<ul style=\"text-align: justify;\">\n<li><strong>Dimanche 11 janvier<\/strong><\/li>\n<\/ul>\n<p style=\"text-align: justify;\">Loto du club du 3\u00e8me \u00e2ge \u00e0 la salle des f\u00eates de N\u00e8grepelisse \u00e0 partir de 14h30. De nombreux lots sont en jeu.<br \/>\nRenseignements au 05.63.30.92.58<\/p>\n<ul style=\"text-align: justify;\">\n<li><strong>Mercredi 14 janvier<\/strong><\/li>\n<\/ul>\n<p style=\"text-align: justify;\">Remise de r\u00e9compenses dans le cadre des \u201cVitrines d\u00e9cor\u00e9es de No\u00ebl\u201d \u00e0 la maison de retraite Les Glycines \u00e0 11 heures, organis\u00e9e par l\u2019association des commer\u00e7ants et artisans de N\u00e8grepelisse avec la participation des enfants de l\u2019\u00e9cole primaire<\/p>\n<ul style=\"text-align: justify;\">\n<li><strong>Vendredi 16 janvier<\/strong><\/li>\n<\/ul>\n<p style=\"text-align: justify;\">Assembl\u00e9e G\u00e9n\u00e9rale du SCN Gym \u00e0 la salle des f\u00eates \u00e0 19h00.<\/p>\n<ul style=\"text-align: justify;\">\n<li><strong>Samedi 17 janvier<\/strong><\/li>\n<\/ul>\n<p style=\"text-align: justify;\">Atelier de cuisine Enfant \u00ab Les glaces de la Famille au Camping \u00bb de 10h30 \u00e0 12h30. Le \u00ab Jeu de 7 familles \u00bb con\u00e7u par le collectif Bruit du frigo propose de d\u00e9couvrir sous un nouvel angle les identit\u00e9s et les personnalit\u00e9s du territoire. Aux Fourneaux de La cuisine les enfants sont invit\u00e9s \u00e0 r\u00e9aliser des recettes en lien avec les diff\u00e9rentes familles. Ils pourront ensuite mettre en sc\u00e8ne leurs cr\u00e9ations culinaires dans une photographie qui sera mise en ligne sur le site Internet de La cuisine.<\/p>\n<p style=\"text-align: justify;\">Sur r\u00e9servation \/ 6 &#8211; 12 ans \/ 8 places \/ 7\u20ac par enfant<br \/>\nContact : &#8211; 05 63 67 36 16 \/ <a href=\"mailto:camille.savoye@la-cuisine.fr\">camille.savoye@la-cuisine.fr<\/a><\/p>\n<ul style=\"text-align: justify;\">\n<li><strong>Dimanche 18 janvier<\/strong><\/li>\n<\/ul>\n<p style=\"text-align: justify;\">Loto de l\u2019association des V\u00e9hicules Retro \u00e0 la salle des f\u00eates \u00e0 14h30. De nombreux lots sont en jeu.<\/p>\n<p style=\"text-align: justify;\"><strong>BENNES \u00c0 SAPINS<\/strong><\/p>\n<p style=\"text-align: justify;\">Trois bennes \u00e0 sapins sont mises en place par le service municipal des Espaces Verts, \u00e0 c\u00f4t\u00e9 des R\u00e9cup Verre au camping municipal Le Colombier, au cimeti\u00e8re de la Vaysse et \u00e0 l\u2019ancienne gare. Progressivement, elles seront vid\u00e9es. Vous pourrez jusqu&rsquo;au mois de f\u00e9vrier, jeter vos sapins d\u00e9cr\u00e9pis dans les diff\u00e9rents points de collecte. Ils seront broy\u00e9s et transform\u00e9s en compost.<\/p>\n<ul style=\"text-align: justify;\">\n<li><strong>LES PUCES AU CH\u00c2TEAU<\/strong><\/li>\n<\/ul>\n<p style=\"text-align: justify;\">\u00ab Les Puces du Ch\u00e2teau \u00bb, organis\u00e9es sous l\u2019\u00e9gide la mairie de N\u00e8grepelisse sont organis\u00e9es tous les Dimanches matins de 7 heures \u00e0 14 heures, place du ch\u00e2teau.<br \/>\nRenseignements, tarifs, inscriptions au 06.76.96.76.68<\/p>\n<p style=\"text-align: justify;\"><strong>EXPOSITIONS<\/strong><\/p>\n<ul style=\"text-align: justify;\">\n<li><strong>Exposition du 11 octobre 2014 au 15 janvier 2015<\/strong><\/li>\n<\/ul>\n<p style=\"text-align: justify;\">Exposition \u00ab Identit\u00e9s Remarquables \u00bb du collectif Bruit du Frigo dans la salle d\u2019exposition du ch\u00e2teau. Exposition r\u00e9alis\u00e9e en collaboration avec le centre d\u2019art La cuisine.<\/p>\n<p style=\"text-align: justify;\">L\u2019invitation faite aupr\u00e8s de Bruit du frigo repose sur la notion de \u00ab patrimoine vivant \u00bb. Ce projet s\u2019inscrit dans une d\u00e9marche de recherche portant sur les projets de territoire. R\u00e9alis\u00e9e en partenariat avec le Pays Midi-Quercy, cette r\u00e9sidence vise notamment \u00e0 questionner le r\u00f4le que peut jouer la cr\u00e9ation contemporaine dans la mise en \u0153uvre du label Pays d\u2019Art et d\u2019Histoire \u00ab Label Pays d\u2019Art et d\u2019Histoire : mus\u00e9ification ou projection ? \u00bb auquel le pays postule en 2014. Pour ce faire, le collectif Bruit du Frigo va questionner les identit\u00e9s en pr\u00e9sence sur notre territoire \u00e0 travers la mise en \u0153uvre d\u2019un jeu des 7 familles compos\u00e9 d\u2019habitants du Pays Midi-Quercy.<\/p>\n<ul style=\"text-align: justify;\">\n<li><strong>Ouverture dominicale du ch\u00e2teau<\/strong><\/li>\n<\/ul>\n<p style=\"text-align: justify;\">Tous les premiers dimanches de chaque mois de 14 heures \u00e0 18 heures, la cour du ch\u00e2teau et la salle d\u2019exposition du centre d\u2019art La cuisine sont ouvertes au public gratuitement des mois de septembre \u00e0 juin.<\/p>\n<ul style=\"text-align: justify;\">\n<li><strong>Visite guid\u00e9e gratuite de la commune<\/strong><\/li>\n<\/ul>\n<p style=\"text-align: justify;\">Tous les 1ers jeudis de chaque mois, une visite guid\u00e9e gratuite des principaux \u00e9difices patrimoniaux de la commune est organis\u00e9e par Mme Ma\u00eft\u00e9 Vergnes, conseill\u00e8re municipale. Le rendez-vous est fix\u00e9 \u00e0 14h30 devant l\u2019h\u00f4tel de ville (5 place de la mairie). R\u00e9servation obligatoire au 05.63.64.22.66 ou au 05.63.64.20.90 <a href=\"mailto:mvergnes@wanadoo.fr\">mvergnes@wanadoo.fr<\/a>. Groupe minimum de 5 personnes. Visite guid\u00e9e d\u20191 heure 30.<\/p>\n<p style=\"text-align: justify;\"><em>Communiqu\u00e9 par Aurore Deffrene<\/em><\/p>\n","protected":false},"excerpt":{"rendered":"<div class=\"mh-excerpt\">Cin\u00e9, rencontre, expositions, voici l\u2019agenda du 8 au 18 Janvier 2015.<\/div>\n","protected":false},"author":2,"featured_media":0,"comment_status":"open","ping_status":"open","sticky":false,"template":"","format":"standard","meta":{"om_disable_all_campaigns":false,"advanced_seo_description":"","jetpack_seo_html_title":"","jetpack_seo_noindex":false,"_jetpack_memberships_contains_paid_content":false,"footnotes":"","_links_to":"","_links_to_target":""},"categories":[42,1,54,2175],"tags":[100,110,111,172,180,189,193,502],"class_list":{"0":"post-24539","1":"post","2":"type-post","3":"status-publish","4":"format-standard","6":"category-a-cote-de-chez-nous","7":"category-culture","8":"category-loisirs","9":"category-n-106-janvier-2015","10":"tag-negrepelisse","11":"tag-documentaire","12":"tag-projection","13":"tag-exposition","14":"tag-atelier","15":"tag-debat","16":"tag-loto","17":"tag-ag"},"jetpack_featured_media_url":"","views":{"total":0,"cached_at":"","cached_date":1738524040},"jetpack_likes_enabled":true,"jetpack_sharing_enabled":true,"jetpack_shortlink":"https:\/\/wp.me\/pg7Wxj-6nN","jetpack-related-posts":[],"_links":{"self":[{"href":"https:\/\/www.o-p-i.fr\/parlonsen\/wp-json\/wp\/v2\/posts\/24539","targetHints":{"allow":["GET"]}}],"collection":[{"href":"https:\/\/www.o-p-i.fr\/parlonsen\/wp-json\/wp\/v2\/posts"}],"about":[{"href":"https:\/\/www.o-p-i.fr\/parlonsen\/wp-json\/wp\/v2\/types\/post"}],"author":[{"embeddable":true,"href":"https:\/\/www.o-p-i.fr\/parlonsen\/wp-json\/wp\/v2\/users\/2"}],"replies":[{"embeddable":true,"href":"https:\/\/www.o-p-i.fr\/parlonsen\/wp-json\/wp\/v2\/comments?post=24539"}],"version-history":[{"count":0,"href":"https:\/\/www.o-p-i.fr\/parlonsen\/wp-json\/wp\/v2\/posts\/24539\/revisions"}],"wp:attachment":[{"href":"https:\/\/www.o-p-i.fr\/parlonsen\/wp-json\/wp\/v2\/media?parent=24539"}],"wp:term":[{"taxonomy":"category","embeddable":true,"href":"https:\/\/www.o-p-i.fr\/parlonsen\/wp-json\/wp\/v2\/categories?post=24539"},{"taxonomy":"post_tag","embeddable":true,"href":"https:\/\/www.o-p-i.fr\/parlonsen\/wp-json\/wp\/v2\/tags?post=24539"}],"curies":[{"name":"wp","href":"https:\/\/api.w.org\/{rel}","templated":true}]}}